{"id":59937,"date":"2014-10-23T10:00:55","date_gmt":"2014-10-23T12:00:55","guid":{"rendered":"https:\/\/www.2beauty.com.br\/blog\/?p=59937"},"modified":"2019-02-15T16:10:52","modified_gmt":"2019-02-15T18:10:52","slug":"organizadores-de-acrilico-dia-de-beaute-home-it","status":"publish","type":"post","link":"https:\/\/www.2beauty.com.br\/blog\/2014\/10\/organizadores-de-acrilico-dia-de-beaute-home-it\/","title":{"rendered":"Organizadores de Acr\u00edlico Dia de Beaut\u00e9 + Home It"},"content":{"rendered":"<p><a href=\"https:\/\/www.2beauty.com.br\/blog\/wp-content\/uploads\/2014\/10\/vic1.jpg\"><img fetchpriority=\"high\" decoding=\"async\" class=\"size-full wp-image-59938 aligncenter\" src=\"https:\/\/www.2beauty.com.br\/blog\/wp-content\/uploads\/2014\/10\/vic1.jpg\" alt=\"vic1\" width=\"720\" height=\"470\" srcset=\"https:\/\/www.2beauty.com.br\/blog\/wp-content\/uploads\/2014\/10\/vic1.jpg 720w, https:\/\/www.2beauty.com.br\/blog\/wp-content\/uploads\/2014\/10\/vic1-580x379.jpg 580w, https:\/\/www.2beauty.com.br\/blog\/wp-content\/uploads\/2014\/10\/vic1-620x405.jpg 620w\" sizes=\"(max-width: 720px) 100vw, 720px\" \/><\/a><\/p>\n<p style=\"text-align: center;\"><strong><a href=\"https:\/\/www.2beauty.com.br\/blog\/wp-content\/uploads\/2014\/10\/vic3.jpg\"><img decoding=\"async\" class=\"alignnone size-full wp-image-59940\" src=\"https:\/\/www.2beauty.com.br\/blog\/wp-content\/uploads\/2014\/10\/vic3.jpg\" alt=\"vic3\" width=\"720\" height=\"932\" srcset=\"https:\/\/www.2beauty.com.br\/blog\/wp-content\/uploads\/2014\/10\/vic3.jpg 720w, https:\/\/www.2beauty.com.br\/blog\/wp-content\/uploads\/2014\/10\/vic3-336x435.jpg 336w, https:\/\/www.2beauty.com.br\/blog\/wp-content\/uploads\/2014\/10\/vic3-620x802.jpg 620w\" sizes=\"(max-width: 720px) 100vw, 720px\" \/><\/a><\/strong><\/p>\n<p style=\"text-align: center;\"><strong>Caixa de Maquiagem Com Tampa Dia de Beaut\u00e9 + Home It<\/strong><\/p>\n<p><a href=\"https:\/\/www.diadebeaute.com\" target=\"_blank\">Vic * musa dos makes * Ceridono<\/a> lan\u00e7ou uma <a href=\"https:\/\/www.homeit.com.br\/busca.asp?PalavraChave=vic%20ceridono\" target=\"_blank\">linha de organizadores de maquiagem com o site Home It<\/a>.<\/p>\n<p>Pra quem segue a Vic h\u00e1 tempos, uma parceria desse tipo estava caindo de madura, porque ela sempre organizou sua cole\u00e7\u00e3o em caixas de acr\u00edlico super pr\u00e1ticas e muito bonitas que cobicei desde a primeira vez que vi e que at\u00e9 imitei aqui em casa.<\/p>\n<p><strong>A linha da Vic com a Home It tem 6 modelos diferentes:<\/strong><\/p>\n<ul>\n<li>Porta batom grande (para 12 cores) &#8211; R$86<\/li>\n<li>Porta batom pequeno (para 8 cores) &#8211; R$58<\/li>\n<li>Gaveteiro de 4 andares &#8211; R$512<\/li>\n<li>Caixa de maquiagem com tampa &#8211; R$149<\/li>\n<li>Organizador de maquiagem sem tampa &#8211; R$119<\/li>\n<li>Porta esmalte\/batom com tampa &#8211; R$104<\/li>\n<\/ul>\n<p style=\"text-align: center;\"><strong><a href=\"https:\/\/www.2beauty.com.br\/blog\/wp-content\/uploads\/2014\/10\/vic2.jpg\"><img decoding=\"async\" class=\"alignnone size-full wp-image-59939\" src=\"https:\/\/www.2beauty.com.br\/blog\/wp-content\/uploads\/2014\/10\/vic2.jpg\" alt=\"vic2\" width=\"720\" height=\"932\" srcset=\"https:\/\/www.2beauty.com.br\/blog\/wp-content\/uploads\/2014\/10\/vic2.jpg 720w, https:\/\/www.2beauty.com.br\/blog\/wp-content\/uploads\/2014\/10\/vic2-336x435.jpg 336w, https:\/\/www.2beauty.com.br\/blog\/wp-content\/uploads\/2014\/10\/vic2-620x802.jpg 620w\" sizes=\"(max-width: 720px) 100vw, 720px\" \/><\/a><\/strong><\/p>\n<p style=\"text-align: center;\"><strong>Caixa de Maquiagem Com Tampa Dia de Beaut\u00e9 + Home It<\/strong><\/p>\n<p>Recebi de presente a caixa de maquiagem com tampa e ela j\u00e1 est\u00e1 organizando parte dos meus blushes na minha penteadeira.<\/p>\n<p>Esse modelo de organizador \u00e9 bem vers\u00e1til e serve pra organizar outros tipos de produtos al\u00e9m dos blushes.<\/p>\n<p>As medidas da caixa s\u00e3o 21,5cm x 26,5cm. A altura \u00e9 de 5,5cm.<\/p>\n<blockquote><p>Ela tem duas divis\u00f3rias maiores que voc\u00ea pode usar para guardar bases, p\u00f3s e blushes e duas divis\u00f3rias mais finas onde cabem batons, l\u00e1pis, delineadores e m\u00e1scaras de c\u00edlios (vide exemplo acima).<\/p><\/blockquote>\n<p>Pra quem perdeu o v\u00eddeo de como eu organizo as minhas maquiagens, <a href=\"https:\/\/www.2beauty.com.br\/blog\/2013\/06\/14\/video-tour-da-bancada-de-maquiagens\/\" target=\"_blank\">aqui est\u00e1 o tour pela minha bancada<\/a> (o post \u00e9 antigo e algumas coisas mudaram, mas os organizadores s\u00e3o os mesmos).<\/p>\n<p><strong>Pra ver algumas fotos de como est\u00e1 a minha bancada hoje, <a href=\"https:\/\/www.2beauty.com.br\/blog\/2014\/03\/07\/ap-decoracao-quarto-e-sala-de-estar\/\" target=\"_blank\">clica aqui<\/a>.<\/strong><\/p>\n","protected":false},"excerpt":{"rendered":"<p>Caixa de Maquiagem Com Tampa Dia de Beaut\u00e9 + Home It Vic * musa dos makes * Ceridono lan\u00e7ou uma linha de organizadores de maquiagem com o site Home It. Pra quem segue a Vic h\u00e1 tempos, uma parceria desse tipo estava caindo de madura, porque ela sempre organizou sua cole\u00e7\u00e3o em caixas de acr\u00edlico super pr\u00e1ticas e muito bonitas que cobicei desde a primeira vez que vi e que at\u00e9 imitei aqui em casa. A linha da Vic com a Home It tem 6 modelos diferentes: Porta batom grande (para 12 cores) &#8211; R$86 Porta batom pequeno (para 8 cores) &#8211; R$58 Gaveteiro de 4 andares &#8211; R$512 Caixa de maquiagem com tampa &#8211; R$149 Organizador de maquiagem sem tampa &#8211; R$119 Porta esmalte\/batom com tampa &#8211; R$104 Caixa de Maquiagem Com Tampa Dia de Beaut\u00e9 + Home It Recebi de presente a caixa de maquiagem com tampa e ela j\u00e1 est\u00e1 organizando parte dos meus blushes na minha penteadeira. Esse modelo de organizador \u00e9 bem vers\u00e1til e serve pra organizar outros tipos de produtos al\u00e9m dos blushes. As medidas da caixa s\u00e3o 21,5cm x 26,5cm. A altura \u00e9 de 5,5cm. Ela tem duas divis\u00f3rias maiores que voc\u00ea pode usar para guardar bases, p\u00f3s e blushes e duas divis\u00f3rias mais finas onde cabem batons, l\u00e1pis, delineadores e m\u00e1scaras de c\u00edlios (vide exemplo acima). Pra quem perdeu o v\u00eddeo de como eu organizo as minhas maquiagens, aqui est\u00e1 o tour pela minha bancada (o post \u00e9 antigo e algumas coisas mudaram, mas os organizadores s\u00e3o os mesmos). Pra ver algumas fotos de como est\u00e1 a minha bancada hoje, clica aqui.<\/p>\n","protected":false},"author":1,"featured_media":59938,"comment_status":"open","ping_status":"open","sticky":false,"template":"","format":"standard","meta":{"_uag_custom_page_level_css":"","footnotes":""},"categories":[84],"tags":[4151,4088],"class_list":["post-59937","post","type-post","status-publish","format-standard","has-post-thumbnail","hentry","category-maquiagem","tag-acessorios","tag-maquiagem"],"uagb_featured_image_src":{"full":["https:\/\/www.2beauty.com.br\/blog\/wp-content\/uploads\/2014\/10\/vic1.jpg",720,470,false],"thumbnail":["https:\/\/www.2beauty.com.br\/blog\/wp-content\/uploads\/2014\/10\/vic1-300x250.jpg",300,250,true],"medium":["https:\/\/www.2beauty.com.br\/blog\/wp-content\/uploads\/2014\/10\/vic1-580x379.jpg",580,379,true],"medium_large":["https:\/\/www.2beauty.com.br\/blog\/wp-content\/uploads\/2014\/10\/vic1.jpg",720,470,false],"large":["https:\/\/www.2beauty.com.br\/blog\/wp-content\/uploads\/2014\/10\/vic1-620x405.jpg",620,405,true],"1536x1536":["https:\/\/www.2beauty.com.br\/blog\/wp-content\/uploads\/2014\/10\/vic1.jpg",720,470,false],"2048x2048":["https:\/\/www.2beauty.com.br\/blog\/wp-content\/uploads\/2014\/10\/vic1.jpg",720,470,false],"ashe-slider-grid-thumbnail":["https:\/\/www.2beauty.com.br\/blog\/wp-content\/uploads\/2014\/10\/vic1.jpg",720,470,false],"ashe-full-thumbnail":["https:\/\/www.2beauty.com.br\/blog\/wp-content\/uploads\/2014\/10\/vic1.jpg",720,470,false],"ashe-grid-thumbnail":["https:\/\/www.2beauty.com.br\/blog\/wp-content\/uploads\/2014\/10\/vic1.jpg",500,326,false],"ashe-list-thumbnail":["https:\/\/www.2beauty.com.br\/blog\/wp-content\/uploads\/2014\/10\/vic1.jpg",300,196,false],"ashe-single-navigation":["https:\/\/www.2beauty.com.br\/blog\/wp-content\/uploads\/2014\/10\/vic1.jpg",75,49,false]},"uagb_author_info":{"display_name":"Marina Smith","author_link":"https:\/\/www.2beauty.com.br\/blog\/author\/marinasmith\/"},"uagb_comment_info":31,"uagb_excerpt":"Caixa de Maquiagem Com Tampa Dia de Beaut\u00e9 + Home It Vic * musa dos makes * Ceridono lan\u00e7ou uma linha de organizadores de maquiagem com o site Home It. Pra quem segue a Vic h\u00e1 tempos, uma parceria desse tipo estava caindo de madura, porque ela sempre organizou sua cole\u00e7\u00e3o em caixas de acr\u00edlico&hellip;","acf":[],"_links":{"self":[{"href":"https:\/\/www.2beauty.com.br\/blog\/wp-json\/wp\/v2\/posts\/59937","targetHints":{"allow":["GET"]}}],"collection":[{"href":"https:\/\/www.2beauty.com.br\/blog\/wp-json\/wp\/v2\/posts"}],"about":[{"href":"https:\/\/www.2beauty.com.br\/blog\/wp-json\/wp\/v2\/types\/post"}],"author":[{"embeddable":true,"href":"https:\/\/www.2beauty.com.br\/blog\/wp-json\/wp\/v2\/users\/1"}],"replies":[{"embeddable":true,"href":"https:\/\/www.2beauty.com.br\/blog\/wp-json\/wp\/v2\/comments?post=59937"}],"version-history":[{"count":0,"href":"https:\/\/www.2beauty.com.br\/blog\/wp-json\/wp\/v2\/posts\/59937\/revisions"}],"wp:featuredmedia":[{"embeddable":true,"href":"https:\/\/www.2beauty.com.br\/blog\/wp-json\/wp\/v2\/media\/59938"}],"wp:attachment":[{"href":"https:\/\/www.2beauty.com.br\/blog\/wp-json\/wp\/v2\/media?parent=59937"}],"wp:term":[{"taxonomy":"category","embeddable":true,"href":"https:\/\/www.2beauty.com.br\/blog\/wp-json\/wp\/v2\/categories?post=59937"},{"taxonomy":"post_tag","embeddable":true,"href":"https:\/\/www.2beauty.com.br\/blog\/wp-json\/wp\/v2\/tags?post=59937"}],"curies":[{"name":"wp","href":"https:\/\/api.w.org\/{rel}","templated":true}]}}