{"id":59190,"date":"2014-09-29T11:40:09","date_gmt":"2014-09-29T13:40:09","guid":{"rendered":"https:\/\/www.2beauty.com.br\/blog\/?p=59190"},"modified":"2019-02-15T16:10:54","modified_gmt":"2019-02-15T18:10:54","slug":"o-la-em-casa-ivan-busic","status":"publish","type":"post","link":"https:\/\/www.2beauty.com.br\/blog\/2014\/09\/o-la-em-casa-ivan-busic\/","title":{"rendered":"\u00d4, l\u00e1 em casa&#8230; Ivan Busic"},"content":{"rendered":"<p><a href=\"https:\/\/www.2beauty.com.br\/blog\/wp-content\/uploads\/2014\/09\/ivan.jpg\"><img fetchpriority=\"high\" decoding=\"async\" class=\"size-full wp-image-59197 aligncenter\" src=\"https:\/\/www.2beauty.com.br\/blog\/wp-content\/uploads\/2014\/09\/ivan.jpg\" alt=\"ivan\" width=\"720\" height=\"720\" srcset=\"https:\/\/www.2beauty.com.br\/blog\/wp-content\/uploads\/2014\/09\/ivan.jpg 720w, https:\/\/www.2beauty.com.br\/blog\/wp-content\/uploads\/2014\/09\/ivan-75x75.jpg 75w, https:\/\/www.2beauty.com.br\/blog\/wp-content\/uploads\/2014\/09\/ivan-350x350.jpg 350w, https:\/\/www.2beauty.com.br\/blog\/wp-content\/uploads\/2014\/09\/ivan-580x580.jpg 580w, https:\/\/www.2beauty.com.br\/blog\/wp-content\/uploads\/2014\/09\/ivan-435x435.jpg 435w, https:\/\/www.2beauty.com.br\/blog\/wp-content\/uploads\/2014\/09\/ivan-620x620.jpg 620w, https:\/\/www.2beauty.com.br\/blog\/wp-content\/uploads\/2014\/09\/ivan-150x150.jpg 150w\" sizes=\"(max-width: 720px) 100vw, 720px\" \/><\/a><\/p>\n<p>Gurias, voc\u00eas nem sabem&#8230;<\/p>\n<p>Algu\u00e9m mandou o link da nossa enquete semanal do padroeiro pro Ivan e ele mandou mensagem dizendo que ficou honrado com a nossa vota\u00e7\u00e3o :)<\/p>\n<p><strong>Como foram de final de semana?<\/strong> Eu comecei o finde sendo trollada pelos meus queridos amigos, porque n\u00e3o basta eles fazerem print das minhas caretas durante os v\u00eddeos do 2Beauty e usarem as fotos como <del>chantagem<\/del> imagem do meu contato nos seus celulares&#8230;<\/p>\n<p>Tamb\u00e9m precisam fazer sugest\u00f5es de tutoriais mais &#8220;criativos&#8221; pro blog:<\/p>\n<p style=\"text-align: center;\"><strong><a href=\"https:\/\/www.2beauty.com.br\/blog\/wp-content\/uploads\/2014\/09\/212.jpg\"><img decoding=\"async\" class=\"alignnone size-full wp-image-59192\" src=\"https:\/\/www.2beauty.com.br\/blog\/wp-content\/uploads\/2014\/09\/212.jpg\" alt=\"2\" width=\"720\" height=\"720\" srcset=\"https:\/\/www.2beauty.com.br\/blog\/wp-content\/uploads\/2014\/09\/212.jpg 720w, https:\/\/www.2beauty.com.br\/blog\/wp-content\/uploads\/2014\/09\/212-435x435.jpg 435w, https:\/\/www.2beauty.com.br\/blog\/wp-content\/uploads\/2014\/09\/212-620x620.jpg 620w, https:\/\/www.2beauty.com.br\/blog\/wp-content\/uploads\/2014\/09\/212-150x150.jpg 150w\" sizes=\"(max-width: 720px) 100vw, 720px\" \/><\/a><\/strong><\/p>\n<p style=\"text-align: center;\"><strong>A trollagem n\u00e3o tem fim ;)<\/strong><\/p>\n<p>Voc\u00eas est\u00e3o escutando um leve gotejar enquanto leem este post?<\/p>\n<p>\u00c9 o som das l\u00e1grimas de desgosto da minha m\u00e3e, porque estou considerando marcar happy hour aqui em casa e fazer passo a passo de maquiagem + degusta\u00e7\u00e3o de vinhos ;)<\/p>\n<p style=\"text-align: center;\"><strong><a href=\"https:\/\/www.2beauty.com.br\/blog\/wp-content\/uploads\/2014\/09\/312.jpg\"><img decoding=\"async\" class=\"alignnone size-full wp-image-59193\" src=\"https:\/\/www.2beauty.com.br\/blog\/wp-content\/uploads\/2014\/09\/312.jpg\" alt=\"3\" width=\"720\" height=\"720\" srcset=\"https:\/\/www.2beauty.com.br\/blog\/wp-content\/uploads\/2014\/09\/312.jpg 720w, https:\/\/www.2beauty.com.br\/blog\/wp-content\/uploads\/2014\/09\/312-435x435.jpg 435w, https:\/\/www.2beauty.com.br\/blog\/wp-content\/uploads\/2014\/09\/312-620x620.jpg 620w, https:\/\/www.2beauty.com.br\/blog\/wp-content\/uploads\/2014\/09\/312-150x150.jpg 150w\" sizes=\"(max-width: 720px) 100vw, 720px\" \/><\/a><\/strong><\/p>\n<p style=\"text-align: center;\"><strong>Anivers\u00e1rio &#8211; parte I<\/strong><\/p>\n<p>S\u00e1bado foi o dia de comemorar o aniver da minha prima Fer e, como acontece em qualquer comemora\u00e7\u00e3o feita por ela, os docinhos estavam MA-RA.<\/p>\n<p>Al\u00e9m do sobrenome, Fer e eu tamb\u00e9m compartilhamos o gene da fam\u00edlia que nos faz taradas por sobremesas.<\/p>\n<blockquote><p>Me entupi de bolo de brownie com Kit Kat e de docinhos, porque a vida \u00e9 curta demais pra passar vontade aos finais de semana.<\/p><\/blockquote>\n<p>Foi um almo\u00e7o muito gostoso no clube, daqueles que come\u00e7am ao meio-dia e terminam \u00e0s 20h, com um pastel de queijo bem recheado para devolver meus sentidos depois de um dia inteiro de conversa jogada fora e muito vinho branco jogado pra dentro.<\/p>\n<p style=\"text-align: center;\"><strong><a href=\"https:\/\/www.2beauty.com.br\/blog\/wp-content\/uploads\/2014\/09\/411.jpg\"><img loading=\"lazy\" decoding=\"async\" class=\"alignnone size-full wp-image-59194\" src=\"https:\/\/www.2beauty.com.br\/blog\/wp-content\/uploads\/2014\/09\/411.jpg\" alt=\"4\" width=\"720\" height=\"720\" srcset=\"https:\/\/www.2beauty.com.br\/blog\/wp-content\/uploads\/2014\/09\/411.jpg 720w, https:\/\/www.2beauty.com.br\/blog\/wp-content\/uploads\/2014\/09\/411-435x435.jpg 435w, https:\/\/www.2beauty.com.br\/blog\/wp-content\/uploads\/2014\/09\/411-620x620.jpg 620w, https:\/\/www.2beauty.com.br\/blog\/wp-content\/uploads\/2014\/09\/411-150x150.jpg 150w\" sizes=\"(max-width: 720px) 100vw, 720px\" \/><\/a><\/strong><\/p>\n<p style=\"text-align: center;\"><strong><a href=\"https:\/\/www.2beauty.com.br\/blog\/wp-content\/uploads\/2014\/09\/58.jpg\"><img loading=\"lazy\" decoding=\"async\" class=\"alignnone size-full wp-image-59195\" src=\"https:\/\/www.2beauty.com.br\/blog\/wp-content\/uploads\/2014\/09\/58.jpg\" alt=\"5\" width=\"720\" height=\"720\" srcset=\"https:\/\/www.2beauty.com.br\/blog\/wp-content\/uploads\/2014\/09\/58.jpg 720w, https:\/\/www.2beauty.com.br\/blog\/wp-content\/uploads\/2014\/09\/58-435x435.jpg 435w, https:\/\/www.2beauty.com.br\/blog\/wp-content\/uploads\/2014\/09\/58-620x620.jpg 620w, https:\/\/www.2beauty.com.br\/blog\/wp-content\/uploads\/2014\/09\/58-150x150.jpg 150w\" sizes=\"(max-width: 720px) 100vw, 720px\" \/><\/a><\/strong><\/p>\n<p style=\"text-align: center;\"><strong>Anivers\u00e1rio &#8211; parte II<\/strong><\/p>\n<p>No dia seguinte, teve mais comemora\u00e7\u00e3o de anivers\u00e1rio.<\/p>\n<p>Dessa vez, da Mel :)<\/p>\n<p>E voc\u00eas sabem o que isso significa, n\u00e3o sabem?<\/p>\n<p>Aniver na casa da v\u00f3 aos domingos = torta de brigadeiro da tia Lilica.<\/p>\n<p><a href=\"https:\/\/www.2beauty.com.br\/blog\/wp-content\/uploads\/2014\/09\/tumblr_inline_mgdsnyKWyj1rdvens.gif\"><img loading=\"lazy\" decoding=\"async\" class=\"size-full wp-image-59204 aligncenter\" src=\"https:\/\/www.2beauty.com.br\/blog\/wp-content\/uploads\/2014\/09\/tumblr_inline_mgdsnyKWyj1rdvens.gif\" alt=\"tumblr_inline_mgdsnyKWyj1rdvens\" width=\"500\" height=\"220\" \/><\/a><\/p>\n<p>T\u00e2nia, a t\u00eania solit\u00e1ria que mora no meu est\u00f4mago disse &#8220;oba!&#8221; e assim que me serviram a torta, publiquei uma foto LYNDA da minha fatia para causar inveja na internet, porque meu nome \u00e9 Marina e Marina come\u00e7a com &#8220;m\u00e1&#8221;.<\/p>\n<p>Infelizmente, a vida d\u00e1 voltas e depois de anos de crueldades com as minhas seguidoras, o karma me deu um belo chute na bunda, porque enquanto eu me preparava para sentar e degustar a torta de brigadeiro&#8230;<\/p>\n<p>* PLOFT *<\/p>\n<p style=\"text-align: center;\"><strong><a href=\"https:\/\/www.2beauty.com.br\/blog\/wp-content\/uploads\/2014\/09\/68.jpg\"><img loading=\"lazy\" decoding=\"async\" class=\"alignnone size-full wp-image-59196\" src=\"https:\/\/www.2beauty.com.br\/blog\/wp-content\/uploads\/2014\/09\/68.jpg\" alt=\"6\" width=\"720\" height=\"720\" srcset=\"https:\/\/www.2beauty.com.br\/blog\/wp-content\/uploads\/2014\/09\/68.jpg 720w, https:\/\/www.2beauty.com.br\/blog\/wp-content\/uploads\/2014\/09\/68-435x435.jpg 435w, https:\/\/www.2beauty.com.br\/blog\/wp-content\/uploads\/2014\/09\/68-620x620.jpg 620w, https:\/\/www.2beauty.com.br\/blog\/wp-content\/uploads\/2014\/09\/68-150x150.jpg 150w\" sizes=\"(max-width: 720px) 100vw, 720px\" \/><\/a><\/strong><\/p>\n<p style=\"text-align: center;\"><strong>Olho gordo na sobremesa alheia<\/strong><\/p>\n<p>Meu pratinho de sobremesa foi derrubado pelo olho gordo do Instagram.<\/p>\n<p>Ele deslizou pelos meus dedos e numa queda praticamente em slow motion, encontrou o ch\u00e3o duro e frio do p\u00e1tio da casa da minha v\u00f3&#8230;<\/p>\n<p><a href=\"https:\/\/www.2beauty.com.br\/blog\/wp-content\/uploads\/2014\/09\/tumblr_inline_mfjzk9zy3v1qc22fu.gif\"><img loading=\"lazy\" decoding=\"async\" class=\"size-full wp-image-59203 aligncenter\" src=\"https:\/\/www.2beauty.com.br\/blog\/wp-content\/uploads\/2014\/09\/tumblr_inline_mfjzk9zy3v1qc22fu.gif\" alt=\"tumblr_inline_mfjzk9zy3v1qc22fu\" width=\"160\" height=\"160\" srcset=\"https:\/\/www.2beauty.com.br\/blog\/wp-content\/uploads\/2014\/09\/tumblr_inline_mfjzk9zy3v1qc22fu.gif 160w, https:\/\/www.2beauty.com.br\/blog\/wp-content\/uploads\/2014\/09\/tumblr_inline_mfjzk9zy3v1qc22fu-150x150.gif 150w\" sizes=\"(max-width: 160px) 100vw, 160px\" \/><\/a><\/p>\n<p>S\u00f3 n\u00e3o chorei, porque ainda tinha muita torta a ser servida e sobrou uma segunda fatia para acalmar a T\u00e2nia.<\/p>\n<p><strong>Como eu super acredito que a gente colhe o que a gente planta, aguardem o pr\u00f3ximo post de hoje.<\/strong><\/p>\n<p>Tem surpresa del\u00edcia pra voc\u00eas :)<\/p>\n<p>N\u00e3o \u00e9 a torta da tia Lilica, mas \u00e9 uma gordice muito cobi\u00e7ada no blog.<\/p>\n","protected":false},"excerpt":{"rendered":"<p>Gurias, voc\u00eas nem sabem&#8230; Algu\u00e9m mandou o link da nossa enquete semanal do padroeiro pro Ivan e ele mandou mensagem dizendo que ficou honrado com a nossa vota\u00e7\u00e3o :) Como foram de final de semana? Eu comecei o finde sendo trollada pelos meus queridos amigos, porque n\u00e3o basta eles fazerem print das minhas caretas durante os v\u00eddeos do 2Beauty e usarem as fotos como chantagem imagem do meu contato nos seus celulares&#8230; Tamb\u00e9m precisam fazer sugest\u00f5es de tutoriais mais &#8220;criativos&#8221; pro blog: A trollagem n\u00e3o tem fim ;) Voc\u00eas est\u00e3o escutando um leve gotejar enquanto leem este post? \u00c9 o som das l\u00e1grimas de desgosto da minha m\u00e3e, porque estou considerando marcar happy hour aqui em casa e fazer passo a passo de maquiagem + degusta\u00e7\u00e3o de vinhos ;) Anivers\u00e1rio &#8211; parte I S\u00e1bado foi o dia de comemorar o aniver da minha prima Fer e, como acontece em qualquer comemora\u00e7\u00e3o feita por ela, os docinhos estavam MA-RA. Al\u00e9m do sobrenome, Fer e eu tamb\u00e9m compartilhamos o gene da fam\u00edlia que nos faz taradas por sobremesas. Me entupi de bolo de brownie com Kit Kat e de docinhos, porque a vida \u00e9 curta demais pra passar vontade aos finais de semana. Foi um almo\u00e7o muito gostoso no clube, daqueles que come\u00e7am ao meio-dia e terminam \u00e0s 20h, com um pastel de queijo bem recheado para devolver meus sentidos depois de um dia inteiro de conversa jogada fora e muito vinho branco jogado pra dentro. Anivers\u00e1rio &#8211; parte II No dia seguinte, teve mais comemora\u00e7\u00e3o de anivers\u00e1rio. Dessa vez, da Mel :) E voc\u00eas sabem o que isso significa, n\u00e3o sabem? Aniver na casa da v\u00f3 aos domingos = torta de brigadeiro da tia Lilica. T\u00e2nia, a t\u00eania solit\u00e1ria que mora no meu est\u00f4mago disse &#8220;oba!&#8221; e assim que me serviram a torta, publiquei uma foto LYNDA da minha fatia para causar inveja na internet, porque meu nome \u00e9 Marina e Marina come\u00e7a com &#8220;m\u00e1&#8221;. Infelizmente, a vida d\u00e1 voltas e depois de anos de crueldades com as minhas seguidoras, o karma me deu um belo chute na bunda, porque enquanto eu me preparava para sentar e degustar a torta de brigadeiro&#8230; * PLOFT * Olho gordo na sobremesa alheia Meu pratinho de sobremesa foi derrubado pelo olho gordo do Instagram. Ele deslizou pelos meus dedos e numa queda praticamente em slow motion, encontrou o ch\u00e3o duro e frio do p\u00e1tio da casa da minha v\u00f3&#8230; S\u00f3 n\u00e3o chorei, porque ainda tinha muita torta a ser servida e sobrou uma segunda fatia para acalmar a T\u00e2nia. Como eu super acredito que a gente colhe o que a gente planta, aguardem o pr\u00f3ximo post de hoje. Tem surpresa del\u00edcia pra voc\u00eas :) N\u00e3o \u00e9 a torta da tia Lilica, mas \u00e9 uma gordice muito cobi\u00e7ada no blog.<\/p>\n","protected":false},"author":1,"featured_media":59197,"comment_status":"open","ping_status":"open","sticky":false,"template":"","format":"standard","meta":{"_uag_custom_page_level_css":"","footnotes":""},"categories":[1],"tags":[3846,822,4129],"class_list":["post-59190","post","type-post","status-publish","format-standard","has-post-thumbnail","hentry","category-geral","tag-ivan-busic","tag-o-la-em-casa","tag-vidinha-e-novidades"],"uagb_featured_image_src":{"full":["https:\/\/www.2beauty.com.br\/blog\/wp-content\/uploads\/2014\/09\/ivan.jpg",720,720,false],"thumbnail":["https:\/\/www.2beauty.com.br\/blog\/wp-content\/uploads\/2014\/09\/ivan-300x250.jpg",300,250,true],"medium":["https:\/\/www.2beauty.com.br\/blog\/wp-content\/uploads\/2014\/09\/ivan-435x435.jpg",435,435,true],"medium_large":["https:\/\/www.2beauty.com.br\/blog\/wp-content\/uploads\/2014\/09\/ivan.jpg",720,720,false],"large":["https:\/\/www.2beauty.com.br\/blog\/wp-content\/uploads\/2014\/09\/ivan-620x620.jpg",620,620,true],"1536x1536":["https:\/\/www.2beauty.com.br\/blog\/wp-content\/uploads\/2014\/09\/ivan.jpg",720,720,false],"2048x2048":["https:\/\/www.2beauty.com.br\/blog\/wp-content\/uploads\/2014\/09\/ivan.jpg",720,720,false],"ashe-slider-grid-thumbnail":["https:\/\/www.2beauty.com.br\/blog\/wp-content\/uploads\/2014\/09\/ivan.jpg",540,540,false],"ashe-full-thumbnail":["https:\/\/www.2beauty.com.br\/blog\/wp-content\/uploads\/2014\/09\/ivan.jpg",720,720,false],"ashe-grid-thumbnail":["https:\/\/www.2beauty.com.br\/blog\/wp-content\/uploads\/2014\/09\/ivan.jpg",330,330,false],"ashe-list-thumbnail":["https:\/\/www.2beauty.com.br\/blog\/wp-content\/uploads\/2014\/09\/ivan.jpg",300,300,false],"ashe-single-navigation":["https:\/\/www.2beauty.com.br\/blog\/wp-content\/uploads\/2014\/09\/ivan.jpg",75,75,false]},"uagb_author_info":{"display_name":"Marina Smith","author_link":"https:\/\/www.2beauty.com.br\/blog\/author\/marinasmith\/"},"uagb_comment_info":72,"uagb_excerpt":"Gurias, voc\u00eas nem sabem&#8230; Algu\u00e9m mandou o link da nossa enquete semanal do padroeiro pro Ivan e ele mandou mensagem dizendo que ficou honrado com a nossa vota\u00e7\u00e3o :) Como foram de final de semana? Eu comecei o finde sendo trollada pelos meus queridos amigos, porque n\u00e3o basta eles fazerem print das minhas caretas durante&hellip;","acf":[],"_links":{"self":[{"href":"https:\/\/www.2beauty.com.br\/blog\/wp-json\/wp\/v2\/posts\/59190","targetHints":{"allow":["GET"]}}],"collection":[{"href":"https:\/\/www.2beauty.com.br\/blog\/wp-json\/wp\/v2\/posts"}],"about":[{"href":"https:\/\/www.2beauty.com.br\/blog\/wp-json\/wp\/v2\/types\/post"}],"author":[{"embeddable":true,"href":"https:\/\/www.2beauty.com.br\/blog\/wp-json\/wp\/v2\/users\/1"}],"replies":[{"embeddable":true,"href":"https:\/\/www.2beauty.com.br\/blog\/wp-json\/wp\/v2\/comments?post=59190"}],"version-history":[{"count":0,"href":"https:\/\/www.2beauty.com.br\/blog\/wp-json\/wp\/v2\/posts\/59190\/revisions"}],"wp:featuredmedia":[{"embeddable":true,"href":"https:\/\/www.2beauty.com.br\/blog\/wp-json\/wp\/v2\/media\/59197"}],"wp:attachment":[{"href":"https:\/\/www.2beauty.com.br\/blog\/wp-json\/wp\/v2\/media?parent=59190"}],"wp:term":[{"taxonomy":"category","embeddable":true,"href":"https:\/\/www.2beauty.com.br\/blog\/wp-json\/wp\/v2\/categories?post=59190"},{"taxonomy":"post_tag","embeddable":true,"href":"https:\/\/www.2beauty.com.br\/blog\/wp-json\/wp\/v2\/tags?post=59190"}],"curies":[{"name":"wp","href":"https:\/\/api.w.org\/{rel}","templated":true}]}}