{"id":57944,"date":"2014-09-03T15:00:54","date_gmt":"2014-09-03T17:00:54","guid":{"rendered":"https:\/\/www.2beauty.com.br\/blog\/?p=57944"},"modified":"2019-02-15T16:10:56","modified_gmt":"2019-02-15T18:10:56","slug":"comparacao-corretivo-liquido-tracta-x-mac-select-moisturecover","status":"publish","type":"post","link":"https:\/\/www.2beauty.com.br\/blog\/2014\/09\/comparacao-corretivo-liquido-tracta-x-mac-select-moisturecover\/","title":{"rendered":"Compara\u00e7\u00e3o: Corretivo L\u00edquido Tracta x MAC Select Moisturecover"},"content":{"rendered":"<p style=\"text-align: center;\"><strong><a href=\"https:\/\/www.2beauty.com.br\/blog\/wp-content\/uploads\/2014\/09\/mactracta1.jpg\"><img decoding=\"async\" class=\"alignnone size-full wp-image-57945\" alt=\"mactracta1\" src=\"https:\/\/www.2beauty.com.br\/blog\/wp-content\/uploads\/2014\/09\/mactracta1.jpg\" width=\"620\" srcset=\"https:\/\/www.2beauty.com.br\/blog\/wp-content\/uploads\/2014\/09\/mactracta1.jpg 620w, https:\/\/www.2beauty.com.br\/blog\/wp-content\/uploads\/2014\/09\/mactracta1-580x872.jpg 580w, https:\/\/www.2beauty.com.br\/blog\/wp-content\/uploads\/2014\/09\/mactracta1-289x435.jpg 289w\" sizes=\"(max-width: 620px) 100vw, 620px\" \/><\/a><\/strong><\/p>\n<p style=\"text-align: center;\"><strong>Corretivo L\u00edquido Tracta x MAC Select Moisturecover<\/strong><\/p>\n<blockquote><p>Quando postei a resenha do <a href=\"https:\/\/www.2beauty.com.br\/blog\/2014\/08\/28\/resenha-corretivo-mac-select-moisturecover\/\" target=\"_blank\">Select Moisturecover da MAC<\/a>, algumas leitoras sugeriram de eu fazer uma compara\u00e7\u00e3o com o Corretivo L\u00edquido Tracta (<a href=\"https:\/\/www.2beauty.com.br\/blog\/2014\/06\/25\/resenha-corretivo-liquido-tracta\/\" target=\"_blank\">resenha aqui<\/a>), j\u00e1 que eles s\u00e3o parecidos e o produto da Tracta \u00e9 bem mais barato (R$24,42 contra R$89 da MAC).<\/p><\/blockquote>\n<p>Ambos s\u00e3o corretivos flu\u00eddos e de cobertura m\u00e9dia.<\/p>\n<p>Ao toque, o produto da Tracta \u00e9 um pouco mais encorpado.<\/p>\n<p>Quanto ao acabamento, os dois tem aspecto mais natural e nenhum deles seca por completo tipo um Pro Longwear da vida, mas o Select Moisturecover fica um pouco mais sequinho depois de alguns minutos enquanto o da Tracta permanece com sensa\u00e7\u00e3o mais molhadinha se voc\u00ea n\u00e3o assentar com um p\u00f3.<\/p>\n<p style=\"text-align: center;\"><strong><a href=\"https:\/\/www.2beauty.com.br\/blog\/wp-content\/uploads\/2014\/09\/mactracta2.jpg\"><img decoding=\"async\" class=\"alignnone size-full wp-image-57946\" alt=\"mactracta2\" src=\"https:\/\/www.2beauty.com.br\/blog\/wp-content\/uploads\/2014\/09\/mactracta2.jpg\" width=\"620\" srcset=\"https:\/\/www.2beauty.com.br\/blog\/wp-content\/uploads\/2014\/09\/mactracta2.jpg 620w, https:\/\/www.2beauty.com.br\/blog\/wp-content\/uploads\/2014\/09\/mactracta2-580x385.jpg 580w, https:\/\/www.2beauty.com.br\/blog\/wp-content\/uploads\/2014\/09\/mactracta2-250x166.jpg 250w\" sizes=\"(max-width: 620px) 100vw, 620px\" \/><\/a><\/strong><\/p>\n<p style=\"text-align: center;\"><strong>Corretivo L\u00edquido Tracta M\u00e9dio 04 e MAC Select Moisturecover NW25<\/strong><\/p>\n<p style=\"text-align: center;\"><strong> <a href=\"https:\/\/www.2beauty.com.br\/blog\/wp-content\/uploads\/2014\/09\/mactracta3.jpg\"><img decoding=\"async\" class=\"alignnone size-full wp-image-57947\" alt=\"mactracta3\" src=\"https:\/\/www.2beauty.com.br\/blog\/wp-content\/uploads\/2014\/09\/mactracta3.jpg\" width=\"620\" srcset=\"https:\/\/www.2beauty.com.br\/blog\/wp-content\/uploads\/2014\/09\/mactracta3.jpg 620w, https:\/\/www.2beauty.com.br\/blog\/wp-content\/uploads\/2014\/09\/mactracta3-580x300.jpg 580w, https:\/\/www.2beauty.com.br\/blog\/wp-content\/uploads\/2014\/09\/mactracta3-250x129.jpg 250w\" sizes=\"(max-width: 620px) 100vw, 620px\" \/><\/a><\/strong><\/p>\n<p style=\"text-align: center;\"><strong>Nos olhos: Corretivo L\u00edquido Tracta M\u00e9dio 04 x MAC Select Moisturecover NW25<\/strong><\/p>\n<p>Na foto acima, apliquei ambos sobre a pele limpa, nas olheiras e na p\u00e1lpebra.<\/p>\n<p>N\u00e3o passei p\u00f3 por cima para assentar, porque queria mostrar como o acabamento \u00e9 muito parecido.<\/p>\n<blockquote><p>Usei a mesma quantidade dos dois em cada olho e na foto o resultado \u00e9 igual. Ao vivo, achei que o produto da Tracta cobriu um pouco mais as olheiras.<\/p>\n<p>A diferen\u00e7a de cobertura \u00e9 pequena, mas existe.<\/p><\/blockquote>\n<p>Quanto \u00e0 sele\u00e7\u00e3o de cores, infelizmente o corretivo nacional s\u00f3 tem duas (M\u00e9dio 04 e Claro 03) enquanto a linha da MAC tem mais de 10 op\u00e7\u00f5es.<\/p>\n<p><strong>Resumindo pr\u00f3 e contras:<\/strong><\/p>\n<p>A textura do corretivo da MAC \u00e9 um pouco melhor e a op\u00e7\u00e3o de cores \u00e9 super boa. O produto da Tracta \u00e9 mais barato e cobre um pouco mais, mas s\u00f3 est\u00e1 dispon\u00edvel em dois tons.<\/p>\n","protected":false},"excerpt":{"rendered":"<p>Corretivo L\u00edquido Tracta x MAC Select Moisturecover Quando postei a resenha do Select Moisturecover da MAC, algumas leitoras sugeriram de eu fazer uma compara\u00e7\u00e3o com o Corretivo L\u00edquido Tracta (resenha aqui), j\u00e1 que eles s\u00e3o parecidos e o produto da Tracta \u00e9 bem mais barato (R$24,42 contra R$89 da MAC). Ambos s\u00e3o corretivos flu\u00eddos e de cobertura m\u00e9dia. Ao toque, o produto da Tracta \u00e9 um pouco mais encorpado. Quanto ao acabamento, os dois tem aspecto mais natural e nenhum deles seca por completo tipo um Pro Longwear da vida, mas o Select Moisturecover fica um pouco mais sequinho depois de alguns minutos enquanto o da Tracta permanece com sensa\u00e7\u00e3o mais molhadinha se voc\u00ea n\u00e3o assentar com um p\u00f3. Corretivo L\u00edquido Tracta M\u00e9dio 04 e MAC Select Moisturecover NW25 Nos olhos: Corretivo L\u00edquido Tracta M\u00e9dio 04 x MAC Select Moisturecover NW25 Na foto acima, apliquei ambos sobre a pele limpa, nas olheiras e na p\u00e1lpebra. N\u00e3o passei p\u00f3 por cima para assentar, porque queria mostrar como o acabamento \u00e9 muito parecido. Usei a mesma quantidade dos dois em cada olho e na foto o resultado \u00e9 igual. Ao vivo, achei que o produto da Tracta cobriu um pouco mais as olheiras. A diferen\u00e7a de cobertura \u00e9 pequena, mas existe. Quanto \u00e0 sele\u00e7\u00e3o de cores, infelizmente o corretivo nacional s\u00f3 tem duas (M\u00e9dio 04 e Claro 03) enquanto a linha da MAC tem mais de 10 op\u00e7\u00f5es. Resumindo pr\u00f3 e contras: A textura do corretivo da MAC \u00e9 um pouco melhor e a op\u00e7\u00e3o de cores \u00e9 super boa. O produto da Tracta \u00e9 mais barato e cobre um pouco mais, mas s\u00f3 est\u00e1 dispon\u00edvel em dois tons.<\/p>\n","protected":false},"author":1,"featured_media":57945,"comment_status":"open","ping_status":"open","sticky":false,"template":"","format":"standard","meta":{"_uag_custom_page_level_css":"","footnotes":""},"categories":[84],"tags":[2252,4118,221,4088,1794],"class_list":["post-57944","post","type-post","status-publish","format-standard","has-post-thumbnail","hentry","category-maquiagem","tag-amostrinhas","tag-corretivo","tag-mac","tag-maquiagem","tag-tracta"],"uagb_featured_image_src":{"full":["https:\/\/www.2beauty.com.br\/blog\/wp-content\/uploads\/2014\/09\/mactracta1.jpg",620,932,false],"thumbnail":["https:\/\/www.2beauty.com.br\/blog\/wp-content\/uploads\/2014\/09\/mactracta1-300x250.jpg",300,250,true],"medium":["https:\/\/www.2beauty.com.br\/blog\/wp-content\/uploads\/2014\/09\/mactracta1-289x435.jpg",289,435,true],"medium_large":["https:\/\/www.2beauty.com.br\/blog\/wp-content\/uploads\/2014\/09\/mactracta1.jpg",620,932,false],"large":["https:\/\/www.2beauty.com.br\/blog\/wp-content\/uploads\/2014\/09\/mactracta1-620x932.jpg",620,932,true],"1536x1536":["https:\/\/www.2beauty.com.br\/blog\/wp-content\/uploads\/2014\/09\/mactracta1.jpg",620,932,false],"2048x2048":["https:\/\/www.2beauty.com.br\/blog\/wp-content\/uploads\/2014\/09\/mactracta1.jpg",620,932,false],"ashe-slider-grid-thumbnail":["https:\/\/www.2beauty.com.br\/blog\/wp-content\/uploads\/2014\/09\/mactracta1.jpg",359,540,false],"ashe-full-thumbnail":["https:\/\/www.2beauty.com.br\/blog\/wp-content\/uploads\/2014\/09\/mactracta1.jpg",620,932,false],"ashe-grid-thumbnail":["https:\/\/www.2beauty.com.br\/blog\/wp-content\/uploads\/2014\/09\/mactracta1.jpg",220,330,false],"ashe-list-thumbnail":["https:\/\/www.2beauty.com.br\/blog\/wp-content\/uploads\/2014\/09\/mactracta1.jpg",200,300,false],"ashe-single-navigation":["https:\/\/www.2beauty.com.br\/blog\/wp-content\/uploads\/2014\/09\/mactracta1.jpg",50,75,false]},"uagb_author_info":{"display_name":"Marina Smith","author_link":"https:\/\/www.2beauty.com.br\/blog\/author\/marinasmith\/"},"uagb_comment_info":62,"uagb_excerpt":"Corretivo L\u00edquido Tracta x MAC Select Moisturecover Quando postei a resenha do Select Moisturecover da MAC, algumas leitoras sugeriram de eu fazer uma compara\u00e7\u00e3o com o Corretivo L\u00edquido Tracta (resenha aqui), j\u00e1 que eles s\u00e3o parecidos e o produto da Tracta \u00e9 bem mais barato (R$24,42 contra R$89 da MAC). Ambos s\u00e3o corretivos flu\u00eddos e&hellip;","acf":[],"_links":{"self":[{"href":"https:\/\/www.2beauty.com.br\/blog\/wp-json\/wp\/v2\/posts\/57944","targetHints":{"allow":["GET"]}}],"collection":[{"href":"https:\/\/www.2beauty.com.br\/blog\/wp-json\/wp\/v2\/posts"}],"about":[{"href":"https:\/\/www.2beauty.com.br\/blog\/wp-json\/wp\/v2\/types\/post"}],"author":[{"embeddable":true,"href":"https:\/\/www.2beauty.com.br\/blog\/wp-json\/wp\/v2\/users\/1"}],"replies":[{"embeddable":true,"href":"https:\/\/www.2beauty.com.br\/blog\/wp-json\/wp\/v2\/comments?post=57944"}],"version-history":[{"count":0,"href":"https:\/\/www.2beauty.com.br\/blog\/wp-json\/wp\/v2\/posts\/57944\/revisions"}],"wp:featuredmedia":[{"embeddable":true,"href":"https:\/\/www.2beauty.com.br\/blog\/wp-json\/wp\/v2\/media\/57945"}],"wp:attachment":[{"href":"https:\/\/www.2beauty.com.br\/blog\/wp-json\/wp\/v2\/media?parent=57944"}],"wp:term":[{"taxonomy":"category","embeddable":true,"href":"https:\/\/www.2beauty.com.br\/blog\/wp-json\/wp\/v2\/categories?post=57944"},{"taxonomy":"post_tag","embeddable":true,"href":"https:\/\/www.2beauty.com.br\/blog\/wp-json\/wp\/v2\/tags?post=57944"}],"curies":[{"name":"wp","href":"https:\/\/api.w.org\/{rel}","templated":true}]}}