{"id":57606,"date":"2014-08-28T09:50:25","date_gmt":"2014-08-28T11:50:25","guid":{"rendered":"https:\/\/www.2beauty.com.br\/blog\/?p=57606"},"modified":"2019-02-15T16:10:57","modified_gmt":"2019-02-15T18:10:57","slug":"resenha-corretivo-mac-select-moisturecover","status":"publish","type":"post","link":"https:\/\/www.2beauty.com.br\/blog\/2014\/08\/resenha-corretivo-mac-select-moisturecover\/","title":{"rendered":"Resenha: Corretivo MAC Select Moisturecover"},"content":{"rendered":"<p><a href=\"https:\/\/www.2beauty.com.br\/blog\/wp-content\/uploads\/2014\/08\/mac1.jpg\"><img fetchpriority=\"high\" decoding=\"async\" class=\"size-full wp-image-57607 aligncenter\" alt=\"mac1\" src=\"https:\/\/www.2beauty.com.br\/blog\/wp-content\/uploads\/2014\/08\/mac1.jpg\" width=\"620\" height=\"932\" srcset=\"https:\/\/www.2beauty.com.br\/blog\/wp-content\/uploads\/2014\/08\/mac1.jpg 620w, https:\/\/www.2beauty.com.br\/blog\/wp-content\/uploads\/2014\/08\/mac1-580x872.jpg 580w, https:\/\/www.2beauty.com.br\/blog\/wp-content\/uploads\/2014\/08\/mac1-289x435.jpg 289w\" sizes=\"(max-width: 620px) 100vw, 620px\" \/><\/a><\/p>\n<p style=\"text-align: center;\"><img decoding=\"async\" style=\"width: 30px; height: 30px;\" title=\"Star\" alt=\"Star\" src=\"https:\/\/www.2beauty.com.br\/blog\/images\/star.gif\" width=\"30\" height=\"30\" align=\"top\" border=\"0\" \/><img decoding=\"async\" style=\"width: 30px; height: 30px;\" title=\"Star\" alt=\"Star\" src=\"https:\/\/www.2beauty.com.br\/blog\/images\/star.gif\" width=\"30\" height=\"30\" align=\"top\" border=\"0\" \/><img decoding=\"async\" style=\"width: 30px; height: 30px;\" title=\"Star\" alt=\"Star\" src=\"https:\/\/www.2beauty.com.br\/blog\/images\/star.gif\" width=\"30\" height=\"30\" align=\"top\" border=\"0\" \/><img decoding=\"async\" style=\"width: 30px; height: 30px;\" title=\"Star\" alt=\"Star\" src=\"https:\/\/www.2beauty.com.br\/blog\/images\/star.gif\" width=\"30\" height=\"30\" align=\"top\" border=\"0\" \/><img decoding=\"async\" style=\"width: 30px; height: 30px;\" title=\"Star\" alt=\"Star\" src=\"https:\/\/www.2beauty.com.br\/blog\/images\/star2.gif\" width=\"30\" height=\"30\" align=\"top\" border=\"0\" \/><\/p>\n<p style=\"text-align: center;\"><strong>Quatro estrelinhas<\/strong><\/p>\n<p>Da s\u00e9rie: h\u00e1s males que v\u00eam para o bem.<\/p>\n<p>Eu fiquei chateada por chegar no Duty Free do Gale\u00e3o cheia de amor pra dar e n\u00e3o encontrar NADA do que eu queria no estande da MAC.<\/p>\n<p>N\u00e3o consegui nem o corretivo Pro Longwear na minha cor e acabei levando o Select Moisturecover como pr\u00eamio de consola\u00e7\u00e3o.<\/p>\n<p>Que bom que isso aconteceu, porque estou AMANDO a f\u00f3rmula.<\/p>\n<p><strong>A descri\u00e7\u00e3o oficial diz o seguinte:<\/strong><\/p>\n<blockquote><p>Luxuoso corretivo hidratante com um aplicador especial e preciso que permite uma aplica\u00e7\u00e3o precisa no local desejado. Mescla-se com a pele garantindo uma cobertura natural, acetinada e ultra-hidratante. Pode ser aplicado em camadas para maior cobertura. Suaviza as linhas, deixando a pele perfeita. \u00c9 o escolhido pelos maquiadores profissionais para a regi\u00e3o dos olhos e peles delicadas. Sua gama de cores promove cobertura natural e suave.<\/p><\/blockquote>\n<p>No Brasil, o corretivo custa <a href=\"https:\/\/www.maccosmetics.com.br\/product\/shaded\/157\/964\/Products\/Rosto\/Corretivo\/Select-Moisturecover\/index.tmpl\" target=\"_blank\">R$89 no site e lojas da MAC<\/a>. Tamb\u00e9m \u00e9 <a href=\"https:\/\/www.sephora.com.br\/mac\/maquiagem\/face\/corretivo-select-moisturecover-7406?idparceria=27243&amp;utm_source=2beauty&amp;utm_medium=blog&amp;term=post&amp;utm_campaign=post_2beauty\" target=\"_blank\">vendido pelo mesmo valor no site da Sephora<\/a>.<\/p>\n<p>Nos EUA, o mesmo produto custa $19 d\u00f3lares.<\/p>\n<p>Paguei $24 d\u00f3lares por ele no Duty Free brasileiro.<\/p>\n<p style=\"text-align: center;\"><strong><a href=\"https:\/\/www.2beauty.com.br\/blog\/wp-content\/uploads\/2014\/08\/mac2.jpg\"><img loading=\"lazy\" decoding=\"async\" class=\"alignnone size-full wp-image-57608\" alt=\"mac2\" src=\"https:\/\/www.2beauty.com.br\/blog\/wp-content\/uploads\/2014\/08\/mac2.jpg\" width=\"620\" height=\"412\" srcset=\"https:\/\/www.2beauty.com.br\/blog\/wp-content\/uploads\/2014\/08\/mac2.jpg 620w, https:\/\/www.2beauty.com.br\/blog\/wp-content\/uploads\/2014\/08\/mac2-580x385.jpg 580w, https:\/\/www.2beauty.com.br\/blog\/wp-content\/uploads\/2014\/08\/mac2-250x166.jpg 250w\" sizes=\"(max-width: 620px) 100vw, 620px\" \/><\/a><\/strong><\/p>\n<p style=\"text-align: center;\"><strong><a href=\"https:\/\/www.2beauty.com.br\/blog\/wp-content\/uploads\/2014\/08\/mac3.jpg\"><img loading=\"lazy\" decoding=\"async\" class=\"alignnone size-full wp-image-57609\" alt=\"mac3\" src=\"https:\/\/www.2beauty.com.br\/blog\/wp-content\/uploads\/2014\/08\/mac3.jpg\" width=\"620\" height=\"412\" srcset=\"https:\/\/www.2beauty.com.br\/blog\/wp-content\/uploads\/2014\/08\/mac3.jpg 620w, https:\/\/www.2beauty.com.br\/blog\/wp-content\/uploads\/2014\/08\/mac3-580x385.jpg 580w, https:\/\/www.2beauty.com.br\/blog\/wp-content\/uploads\/2014\/08\/mac3-250x166.jpg 250w\" sizes=\"(max-width: 620px) 100vw, 620px\" \/><\/a><\/strong><\/p>\n<p style=\"text-align: center;\"><strong>Corretivo MAC Select Moisturecover cor NW25<\/strong><\/p>\n<p>Quanto \u00e0 fixa\u00e7\u00e3o, o Select Moisturecover n\u00e3o \u00e9 potente ou \u00e0 prova d&#8217;\u00e1gua como o meu amado Pro Longwear.<\/p>\n<p>Ele \u00e9 hidratante, ent\u00e3o n\u00e3o seca por completo, mas n\u00e3o fica empapado\/gorduroso.<\/p>\n<blockquote><p>O acabamento \u00e9 mais acetinado\/natural e vale comentar que o produto dura bem por conta pr\u00f3pria em situa\u00e7\u00f5es &#8220;normais&#8221; (tipo um dia de trabalho, festinhas, etc.).<\/p><\/blockquote>\n<p>N\u00e3o d\u00e1 pra usar na aula de corrida, porque vai derreter, mas nada nessa vida \u00e9 perfeito, n\u00e9?<\/p>\n<p>Pra garantir melhor fixa\u00e7\u00e3o pra baladinhas e afins, basta passar uma leve camada de p\u00f3 e assentar o corretivo.<\/p>\n<p>Ele \u00e9 um produto levinho e n\u00e3o tende a marcar, mas fica a dica de pegar leve no p\u00f3, sen\u00e3o acumula nas linhas.<\/p>\n<p style=\"text-align: center;\"><strong><a href=\"https:\/\/www.2beauty.com.br\/blog\/wp-content\/uploads\/2014\/08\/mac4.jpg\"><img loading=\"lazy\" decoding=\"async\" class=\"alignnone size-full wp-image-57610\" alt=\"mac4\" src=\"https:\/\/www.2beauty.com.br\/blog\/wp-content\/uploads\/2014\/08\/mac4.jpg\" width=\"620\" height=\"412\" srcset=\"https:\/\/www.2beauty.com.br\/blog\/wp-content\/uploads\/2014\/08\/mac4.jpg 620w, https:\/\/www.2beauty.com.br\/blog\/wp-content\/uploads\/2014\/08\/mac4-580x385.jpg 580w, https:\/\/www.2beauty.com.br\/blog\/wp-content\/uploads\/2014\/08\/mac4-250x166.jpg 250w\" sizes=\"(max-width: 620px) 100vw, 620px\" \/><\/a><\/strong><\/p>\n<p style=\"text-align: center;\"><strong><a href=\"https:\/\/www.2beauty.com.br\/blog\/wp-content\/uploads\/2014\/08\/mac5.jpg\"><img loading=\"lazy\" decoding=\"async\" class=\"alignnone size-full wp-image-57611\" alt=\"mac5\" src=\"https:\/\/www.2beauty.com.br\/blog\/wp-content\/uploads\/2014\/08\/mac5.jpg\" width=\"620\" height=\"412\" srcset=\"https:\/\/www.2beauty.com.br\/blog\/wp-content\/uploads\/2014\/08\/mac5.jpg 620w, https:\/\/www.2beauty.com.br\/blog\/wp-content\/uploads\/2014\/08\/mac5-580x385.jpg 580w, https:\/\/www.2beauty.com.br\/blog\/wp-content\/uploads\/2014\/08\/mac5-250x166.jpg 250w\" sizes=\"(max-width: 620px) 100vw, 620px\" \/><\/a><\/strong><\/p>\n<p style=\"text-align: center;\"><strong>Aplicador e amostrinha do tom NW25<\/strong><\/p>\n<p>A textura \u00e9 flu\u00edda e a cobertura n\u00e3o \u00e9 total, mas por ser um corretivo leve, d\u00e1 pra passar mais de uma camada para cobrir as olheiras.<\/p>\n<p>No meu caso, ele resolve sozinho o problema e acho que \u00e9 excelente pra quem tem olheiras leves ou m\u00e9dias.<\/p>\n<blockquote><p>Para aplicar mais camadas, recomendo passar o produto com o aplicador (que parece de gloss) e deixar secar um pouco antes de espalhar, porque se ele ainda estiver muito l\u00edquido, a cobertura n\u00e3o &#8220;pega&#8221; t\u00e3o bem na pele.<\/p><\/blockquote>\n<p>Ent\u00e3o faz assim: passa um pouco, espera um minuto, esfuma, passa mais uma camada, espera e esfuma.<\/p>\n<p style=\"text-align: center;\"><strong><a href=\"https:\/\/www.2beauty.com.br\/blog\/wp-content\/uploads\/2014\/08\/mac6.jpg\"><img loading=\"lazy\" decoding=\"async\" class=\"alignnone size-full wp-image-57612\" alt=\"mac6\" src=\"https:\/\/www.2beauty.com.br\/blog\/wp-content\/uploads\/2014\/08\/mac6.jpg\" width=\"620\" height=\"932\" srcset=\"https:\/\/www.2beauty.com.br\/blog\/wp-content\/uploads\/2014\/08\/mac6.jpg 620w, https:\/\/www.2beauty.com.br\/blog\/wp-content\/uploads\/2014\/08\/mac6-289x435.jpg 289w, https:\/\/www.2beauty.com.br\/blog\/wp-content\/uploads\/2014\/08\/mac6-250x375.jpg 250w\" sizes=\"(max-width: 620px) 100vw, 620px\" \/><\/a><\/strong><\/p>\n<p style=\"text-align: center;\"><strong>Olheira com e sem corretivo<\/strong><\/p>\n<p style=\"text-align: center;\"><strong><a href=\"https:\/\/www.2beauty.com.br\/blog\/wp-content\/uploads\/2014\/08\/mac7.jpg\"><img loading=\"lazy\" decoding=\"async\" class=\"alignnone size-full wp-image-57613\" alt=\"mac7\" src=\"https:\/\/www.2beauty.com.br\/blog\/wp-content\/uploads\/2014\/08\/mac7.jpg\" width=\"620\" height=\"932\" srcset=\"https:\/\/www.2beauty.com.br\/blog\/wp-content\/uploads\/2014\/08\/mac7.jpg 620w, https:\/\/www.2beauty.com.br\/blog\/wp-content\/uploads\/2014\/08\/mac7-289x435.jpg 289w, https:\/\/www.2beauty.com.br\/blog\/wp-content\/uploads\/2014\/08\/mac7-250x375.jpg 250w\" sizes=\"(max-width: 620px) 100vw, 620px\" \/><\/a><\/strong><\/p>\n<p style=\"text-align: center;\"><strong>Rosto s\u00f3 com corretivo e com corretivo + base + p\u00f3<\/strong><\/p>\n<p>Estou gostando muito de usar sozinho, especialmente nos dias de pregui\u00e7a, quando uso apenas corretivo e r\u00edmel.<\/p>\n<p>\u00c0s vezes, nem assento com p\u00f3, porque o tempo fresquinho do inverno colabora com a dignidade da maquiagem.<\/p>\n<p>Vale comentar que as minhas olheiras est\u00e3o bem mais discretas gra\u00e7as ao combo pele bronzeada e creminho clareador (postarei sobre ele em breve).<\/p>\n<blockquote><p>Fora isso, recomendo o Select Moisturecover pra quem tem muitas linhas finas, porque ele \u00e9 hidratante e n\u00e3o ressalta o problema.<\/p><\/blockquote>\n<p>\u00c9 um corretivo bacana para mam\u00e3es e titias ;)<\/p>\n<p>Agora, se voc\u00ea tem muita escurid\u00e3o na regi\u00e3o do olhos, melhor ficar com o Pro Longwear ou o Studio Finish da mesma marca.<\/p>\n<p style=\"text-align: center;\"><strong><a href=\"https:\/\/www.2beauty.com.br\/blog\/wp-content\/uploads\/2014\/08\/mac8.jpg\"><img loading=\"lazy\" decoding=\"async\" class=\"alignnone size-full wp-image-57614\" alt=\"mac8\" src=\"https:\/\/www.2beauty.com.br\/blog\/wp-content\/uploads\/2014\/08\/mac8.jpg\" width=\"620\" height=\"412\" srcset=\"https:\/\/www.2beauty.com.br\/blog\/wp-content\/uploads\/2014\/08\/mac8.jpg 620w, https:\/\/www.2beauty.com.br\/blog\/wp-content\/uploads\/2014\/08\/mac8-580x385.jpg 580w, https:\/\/www.2beauty.com.br\/blog\/wp-content\/uploads\/2014\/08\/mac8-250x166.jpg 250w\" sizes=\"(max-width: 620px) 100vw, 620px\" \/><\/a><\/strong><\/p>\n<p style=\"text-align: center;\"><strong>Car\u00e3o maquiado com corretivo MAC Select Moisturecover<\/strong><\/p>\n<p><strong>Resumindo:<\/strong><\/p>\n<blockquote><p>Estou amando! \u00c9 uma f\u00f3rmula confort\u00e1vel, leve e de boa dura\u00e7\u00e3o mesmo n\u00e3o sendo \u00e0 prova d&#8217;\u00e1gua. Marca pouco ou nada as linhas abaixo dos olhos e tem acabamento super natural.<\/p>\n<p>N\u00e3o serve pra quem tem MUITA olheira, mas \u00e9 excelente para quem quer um corretivo de cobertura m\u00e9dia com jeito de pele de verdade.<\/p><\/blockquote>\n<div id=\"resenha\">\n<p><span class=\"titresenha\">Detalhes da nota:<\/span><\/p>\n<div class=\"notas\">Textura\/Aplica\u00e7\u00e3o: 5\/5<br \/>\nCobertura\/Pigmenta\u00e7\u00e3o: 4\/5<br \/>\nFixa\u00e7\u00e3o: 5\/5<br \/>\nPre\u00e7o: 2\/5<br \/>\nApresenta\u00e7\u00e3o: 3\/5<br \/>\nRela\u00e7\u00e3o Realidade x Descri\u00e7\u00e3o Oficial: 5\/5<br \/>\n<span class=\"media\">M\u00e9dia: 4,0<br \/>\n<\/span><\/div>\n<p>Para visualizar a lista completa de crit\u00e9rios e notas, <a href=\"https:\/\/www.2beauty.com.br\/blog\/images\/avaliacao.gif\" target=\"_blank\">clique aqui<\/a>.<\/p>\n<\/div>\n","protected":false},"excerpt":{"rendered":"<p>Quatro estrelinhas Da s\u00e9rie: h\u00e1s males que v\u00eam para o bem. Eu fiquei chateada por chegar no Duty Free do Gale\u00e3o cheia de amor pra dar e n\u00e3o encontrar NADA do que eu queria no estande da MAC. N\u00e3o consegui nem o corretivo Pro Longwear na minha cor e acabei levando o Select Moisturecover como pr\u00eamio de consola\u00e7\u00e3o. Que bom que isso aconteceu, porque estou AMANDO a f\u00f3rmula. A descri\u00e7\u00e3o oficial diz o seguinte: Luxuoso corretivo hidratante com um aplicador especial e preciso que permite uma aplica\u00e7\u00e3o precisa no local desejado. Mescla-se com a pele garantindo uma cobertura natural, acetinada e ultra-hidratante. Pode ser aplicado em camadas para maior cobertura. Suaviza as linhas, deixando a pele perfeita. \u00c9 o escolhido pelos maquiadores profissionais para a regi\u00e3o dos olhos e peles delicadas. Sua gama de cores promove cobertura natural e suave. No Brasil, o corretivo custa R$89 no site e lojas da MAC. Tamb\u00e9m \u00e9 vendido pelo mesmo valor no site da Sephora. Nos EUA, o mesmo produto custa $19 d\u00f3lares. Paguei $24 d\u00f3lares por ele no Duty Free brasileiro. Corretivo MAC Select Moisturecover cor NW25 Quanto \u00e0 fixa\u00e7\u00e3o, o Select Moisturecover n\u00e3o \u00e9 potente ou \u00e0 prova d&#8217;\u00e1gua como o meu amado Pro Longwear. Ele \u00e9 hidratante, ent\u00e3o n\u00e3o seca por completo, mas n\u00e3o fica empapado\/gorduroso. O acabamento \u00e9 mais acetinado\/natural e vale comentar que o produto dura bem por conta pr\u00f3pria em situa\u00e7\u00f5es &#8220;normais&#8221; (tipo um dia de trabalho, festinhas, etc.). N\u00e3o d\u00e1 pra usar na aula de corrida, porque vai derreter, mas nada nessa vida \u00e9 perfeito, n\u00e9? Pra garantir melhor fixa\u00e7\u00e3o pra baladinhas e afins, basta passar uma leve camada de p\u00f3 e assentar o corretivo. Ele \u00e9 um produto levinho e n\u00e3o tende a marcar, mas fica a dica de pegar leve no p\u00f3, sen\u00e3o acumula nas linhas. Aplicador e amostrinha do tom NW25 A textura \u00e9 flu\u00edda e a cobertura n\u00e3o \u00e9 total, mas por ser um corretivo leve, d\u00e1 pra passar mais de uma camada para cobrir as olheiras. No meu caso, ele resolve sozinho o problema e acho que \u00e9 excelente pra quem tem olheiras leves ou m\u00e9dias. Para aplicar mais camadas, recomendo passar o produto com o aplicador (que parece de gloss) e deixar secar um pouco antes de espalhar, porque se ele ainda estiver muito l\u00edquido, a cobertura n\u00e3o &#8220;pega&#8221; t\u00e3o bem na pele. Ent\u00e3o faz assim: passa um pouco, espera um minuto, esfuma, passa mais uma camada, espera e esfuma. Olheira com e sem corretivo Rosto s\u00f3 com corretivo e com corretivo + base + p\u00f3 Estou gostando muito de usar sozinho, especialmente nos dias de pregui\u00e7a, quando uso apenas corretivo e r\u00edmel. \u00c0s vezes, nem assento com p\u00f3, porque o tempo fresquinho do inverno colabora com a dignidade da maquiagem. Vale comentar que as minhas olheiras est\u00e3o bem mais discretas gra\u00e7as ao combo pele bronzeada e creminho clareador (postarei sobre ele em breve). Fora isso, recomendo o Select Moisturecover pra quem tem muitas linhas finas, porque ele \u00e9 hidratante e n\u00e3o ressalta o problema. \u00c9 um corretivo bacana para mam\u00e3es e titias ;) Agora, se voc\u00ea tem muita escurid\u00e3o na regi\u00e3o do olhos, melhor ficar com o Pro Longwear ou o Studio Finish da mesma marca. Car\u00e3o maquiado com corretivo MAC Select Moisturecover Resumindo: Estou amando! \u00c9 uma f\u00f3rmula confort\u00e1vel, leve e de boa dura\u00e7\u00e3o mesmo n\u00e3o sendo \u00e0 prova d&#8217;\u00e1gua. Marca pouco ou nada as linhas abaixo dos olhos e tem acabamento super natural. N\u00e3o serve pra quem tem MUITA olheira, mas \u00e9 excelente para quem quer um corretivo de cobertura m\u00e9dia com jeito de pele de verdade. Detalhes da nota: Textura\/Aplica\u00e7\u00e3o: 5\/5 Cobertura\/Pigmenta\u00e7\u00e3o: 4\/5 Fixa\u00e7\u00e3o: 5\/5 Pre\u00e7o: 2\/5 Apresenta\u00e7\u00e3o: 3\/5 Rela\u00e7\u00e3o Realidade x Descri\u00e7\u00e3o Oficial: 5\/5 M\u00e9dia: 4,0 Para visualizar a lista completa de crit\u00e9rios e notas, clique aqui.<\/p>\n","protected":false},"author":1,"featured_media":57607,"comment_status":"open","ping_status":"open","sticky":false,"template":"","format":"standard","meta":{"_uag_custom_page_level_css":"","footnotes":""},"categories":[84],"tags":[4118,221,4088,4128,3806],"class_list":["post-57606","post","type-post","status-publish","format-standard","has-post-thumbnail","hentry","category-maquiagem","tag-corretivo","tag-mac","tag-maquiagem","tag-resenhas","tag-select-moisturecover"],"uagb_featured_image_src":{"full":["https:\/\/www.2beauty.com.br\/blog\/wp-content\/uploads\/2014\/08\/mac1.jpg",620,932,false],"thumbnail":["https:\/\/www.2beauty.com.br\/blog\/wp-content\/uploads\/2014\/08\/mac1-300x250.jpg",300,250,true],"medium":["https:\/\/www.2beauty.com.br\/blog\/wp-content\/uploads\/2014\/08\/mac1-289x435.jpg",289,435,true],"medium_large":["https:\/\/www.2beauty.com.br\/blog\/wp-content\/uploads\/2014\/08\/mac1.jpg",620,932,false],"large":["https:\/\/www.2beauty.com.br\/blog\/wp-content\/uploads\/2014\/08\/mac1-620x932.jpg",620,932,true],"1536x1536":["https:\/\/www.2beauty.com.br\/blog\/wp-content\/uploads\/2014\/08\/mac1.jpg",620,932,false],"2048x2048":["https:\/\/www.2beauty.com.br\/blog\/wp-content\/uploads\/2014\/08\/mac1.jpg",620,932,false],"ashe-slider-grid-thumbnail":["https:\/\/www.2beauty.com.br\/blog\/wp-content\/uploads\/2014\/08\/mac1.jpg",359,540,false],"ashe-full-thumbnail":["https:\/\/www.2beauty.com.br\/blog\/wp-content\/uploads\/2014\/08\/mac1.jpg",620,932,false],"ashe-grid-thumbnail":["https:\/\/www.2beauty.com.br\/blog\/wp-content\/uploads\/2014\/08\/mac1.jpg",220,330,false],"ashe-list-thumbnail":["https:\/\/www.2beauty.com.br\/blog\/wp-content\/uploads\/2014\/08\/mac1.jpg",200,300,false],"ashe-single-navigation":["https:\/\/www.2beauty.com.br\/blog\/wp-content\/uploads\/2014\/08\/mac1.jpg",50,75,false]},"uagb_author_info":{"display_name":"Marina Smith","author_link":"https:\/\/www.2beauty.com.br\/blog\/author\/marinasmith\/"},"uagb_comment_info":49,"uagb_excerpt":"Quatro estrelinhas Da s\u00e9rie: h\u00e1s males que v\u00eam para o bem. Eu fiquei chateada por chegar no Duty Free do Gale\u00e3o cheia de amor pra dar e n\u00e3o encontrar NADA do que eu queria no estande da MAC. N\u00e3o consegui nem o corretivo Pro Longwear na minha cor e acabei levando o Select Moisturecover como&hellip;","acf":[],"_links":{"self":[{"href":"https:\/\/www.2beauty.com.br\/blog\/wp-json\/wp\/v2\/posts\/57606","targetHints":{"allow":["GET"]}}],"collection":[{"href":"https:\/\/www.2beauty.com.br\/blog\/wp-json\/wp\/v2\/posts"}],"about":[{"href":"https:\/\/www.2beauty.com.br\/blog\/wp-json\/wp\/v2\/types\/post"}],"author":[{"embeddable":true,"href":"https:\/\/www.2beauty.com.br\/blog\/wp-json\/wp\/v2\/users\/1"}],"replies":[{"embeddable":true,"href":"https:\/\/www.2beauty.com.br\/blog\/wp-json\/wp\/v2\/comments?post=57606"}],"version-history":[{"count":0,"href":"https:\/\/www.2beauty.com.br\/blog\/wp-json\/wp\/v2\/posts\/57606\/revisions"}],"wp:featuredmedia":[{"embeddable":true,"href":"https:\/\/www.2beauty.com.br\/blog\/wp-json\/wp\/v2\/media\/57607"}],"wp:attachment":[{"href":"https:\/\/www.2beauty.com.br\/blog\/wp-json\/wp\/v2\/media?parent=57606"}],"wp:term":[{"taxonomy":"category","embeddable":true,"href":"https:\/\/www.2beauty.com.br\/blog\/wp-json\/wp\/v2\/categories?post=57606"},{"taxonomy":"post_tag","embeddable":true,"href":"https:\/\/www.2beauty.com.br\/blog\/wp-json\/wp\/v2\/tags?post=57606"}],"curies":[{"name":"wp","href":"https:\/\/api.w.org\/{rel}","templated":true}]}}