{"id":56790,"date":"2014-07-17T15:00:20","date_gmt":"2014-07-17T17:00:20","guid":{"rendered":"https:\/\/www.2beauty.com.br\/blog\/?p=56790"},"modified":"2014-07-17T15:00:20","modified_gmt":"2014-07-17T17:00:20","slug":"video-tag-do-closet","status":"publish","type":"post","link":"https:\/\/www.2beauty.com.br\/blog\/2014\/07\/video-tag-do-closet\/","title":{"rendered":"V\u00eddeo: TAG do Closet"},"content":{"rendered":"<p style=\"text-align: center;\"><strong><a href=\"https:\/\/www.2beauty.com.br\/blog\/wp-content\/uploads\/2014\/07\/closet.jpg\"><img decoding=\"async\" class=\"alignnone size-full wp-image-56791\" alt=\"_closet\" src=\"https:\/\/www.2beauty.com.br\/blog\/wp-content\/uploads\/2014\/07\/closet.jpg\" width=\"620\" srcset=\"https:\/\/www.2beauty.com.br\/blog\/wp-content\/uploads\/2014\/07\/closet.jpg 1245w, https:\/\/www.2beauty.com.br\/blog\/wp-content\/uploads\/2014\/07\/closet-580x387.jpg 580w, https:\/\/www.2beauty.com.br\/blog\/wp-content\/uploads\/2014\/07\/closet-768x512.jpg 768w, https:\/\/www.2beauty.com.br\/blog\/wp-content\/uploads\/2014\/07\/closet-860x573.jpg 860w, https:\/\/www.2beauty.com.br\/blog\/wp-content\/uploads\/2014\/07\/closet-1160x773.jpg 1160w, https:\/\/www.2beauty.com.br\/blog\/wp-content\/uploads\/2014\/07\/closet-620x413.jpg 620w\" sizes=\"(max-width: 1245px) 100vw, 1245px\" \/><\/a><\/strong><\/p>\n<p style=\"text-align: center;\"><strong>Se clicar na foto acima, ela fica maior<\/strong><\/p>\n<blockquote><p>Vi esta TAG no <a href=\"https:\/\/www.naoprovoque.com.br\/index.php\/2014\/06\/tag-closet-roupas-e-acessorios\/\" target=\"_blank\">blog N\u00e3o Provoque<\/a> e achei a id\u00e9ia bem legal. No v\u00eddeo, mostro algumas das pe\u00e7as preferidas e mais usadas do meu arm\u00e1rio :)<\/p><\/blockquote>\n<p>A colagem acima ilustra o post com fotos de alguns itens mencionados no v\u00eddeo, como as minhas pe\u00e7as preferidas (jaqueta de couro com gola de l\u00e3, camisa jeans e vestido florido), a minha pe\u00e7a mais cara (vestido longo de festa), a pe\u00e7a mais em conta (casaco de inverno cinza escuro) e a pe\u00e7a mais usada (cal\u00e7a jeans da Levi&#8217;s).<br \/>\n<iframe src=\"\/\/www.youtube.com\/embed\/WuSBhpR2sjI\" height=\"349\" width=\"620\" allowfullscreen=\"\" frameborder=\"0\"><\/iframe><\/p>\n","protected":false},"excerpt":{"rendered":"<p>Se clicar na foto acima, ela fica maior Vi esta TAG no blog N\u00e3o Provoque e achei a id\u00e9ia bem legal. No v\u00eddeo, mostro algumas das pe\u00e7as preferidas e mais usadas do meu arm\u00e1rio :) A colagem acima ilustra o post com fotos de alguns itens mencionados no v\u00eddeo, como as minhas pe\u00e7as preferidas (jaqueta de couro com gola de l\u00e3, camisa jeans e vestido florido), a minha pe\u00e7a mais cara (vestido longo de festa), a pe\u00e7a mais em conta (casaco de inverno cinza escuro) e a pe\u00e7a mais usada (cal\u00e7a jeans da Levi&#8217;s).<\/p>\n","protected":false},"author":1,"featured_media":56791,"comment_status":"open","ping_status":"open","sticky":false,"template":"","format":"standard","meta":{"_uag_custom_page_level_css":"","footnotes":""},"categories":[1],"tags":[3262,3020,4138],"class_list":["post-56790","post","type-post","status-publish","format-standard","has-post-thumbnail","hentry","category-geral","tag-closet","tag-tag","tag-videos"],"uagb_featured_image_src":{"full":["https:\/\/www.2beauty.com.br\/blog\/wp-content\/uploads\/2014\/07\/closet.jpg",1245,830,false],"thumbnail":["https:\/\/www.2beauty.com.br\/blog\/wp-content\/uploads\/2014\/07\/closet-300x250.jpg",300,250,true],"medium":["https:\/\/www.2beauty.com.br\/blog\/wp-content\/uploads\/2014\/07\/closet-580x387.jpg",580,387,true],"medium_large":["https:\/\/www.2beauty.com.br\/blog\/wp-content\/uploads\/2014\/07\/closet-768x512.jpg",768,512,true],"large":["https:\/\/www.2beauty.com.br\/blog\/wp-content\/uploads\/2014\/07\/closet-620x413.jpg",620,413,true],"1536x1536":["https:\/\/www.2beauty.com.br\/blog\/wp-content\/uploads\/2014\/07\/closet.jpg",1245,830,false],"2048x2048":["https:\/\/www.2beauty.com.br\/blog\/wp-content\/uploads\/2014\/07\/closet.jpg",1245,830,false],"ashe-slider-grid-thumbnail":["https:\/\/www.2beauty.com.br\/blog\/wp-content\/uploads\/2014\/07\/closet.jpg",810,540,false],"ashe-full-thumbnail":["https:\/\/www.2beauty.com.br\/blog\/wp-content\/uploads\/2014\/07\/closet.jpg",1140,760,false],"ashe-grid-thumbnail":["https:\/\/www.2beauty.com.br\/blog\/wp-content\/uploads\/2014\/07\/closet.jpg",495,330,false],"ashe-list-thumbnail":["https:\/\/www.2beauty.com.br\/blog\/wp-content\/uploads\/2014\/07\/closet.jpg",300,200,false],"ashe-single-navigation":["https:\/\/www.2beauty.com.br\/blog\/wp-content\/uploads\/2014\/07\/closet.jpg",75,50,false]},"uagb_author_info":{"display_name":"Marina Smith","author_link":"https:\/\/www.2beauty.com.br\/blog\/author\/marinasmith\/"},"uagb_comment_info":23,"uagb_excerpt":"Se clicar na foto acima, ela fica maior Vi esta TAG no blog N\u00e3o Provoque e achei a id\u00e9ia bem legal. No v\u00eddeo, mostro algumas das pe\u00e7as preferidas e mais usadas do meu arm\u00e1rio :) A colagem acima ilustra o post com fotos de alguns itens mencionados no v\u00eddeo, como as minhas pe\u00e7as preferidas (jaqueta&hellip;","acf":[],"_links":{"self":[{"href":"https:\/\/www.2beauty.com.br\/blog\/wp-json\/wp\/v2\/posts\/56790","targetHints":{"allow":["GET"]}}],"collection":[{"href":"https:\/\/www.2beauty.com.br\/blog\/wp-json\/wp\/v2\/posts"}],"about":[{"href":"https:\/\/www.2beauty.com.br\/blog\/wp-json\/wp\/v2\/types\/post"}],"author":[{"embeddable":true,"href":"https:\/\/www.2beauty.com.br\/blog\/wp-json\/wp\/v2\/users\/1"}],"replies":[{"embeddable":true,"href":"https:\/\/www.2beauty.com.br\/blog\/wp-json\/wp\/v2\/comments?post=56790"}],"version-history":[{"count":0,"href":"https:\/\/www.2beauty.com.br\/blog\/wp-json\/wp\/v2\/posts\/56790\/revisions"}],"wp:featuredmedia":[{"embeddable":true,"href":"https:\/\/www.2beauty.com.br\/blog\/wp-json\/wp\/v2\/media\/56791"}],"wp:attachment":[{"href":"https:\/\/www.2beauty.com.br\/blog\/wp-json\/wp\/v2\/media?parent=56790"}],"wp:term":[{"taxonomy":"category","embeddable":true,"href":"https:\/\/www.2beauty.com.br\/blog\/wp-json\/wp\/v2\/categories?post=56790"},{"taxonomy":"post_tag","embeddable":true,"href":"https:\/\/www.2beauty.com.br\/blog\/wp-json\/wp\/v2\/tags?post=56790"}],"curies":[{"name":"wp","href":"https:\/\/api.w.org\/{rel}","templated":true}]}}