{"id":55494,"date":"2014-06-03T18:15:07","date_gmt":"2014-06-03T20:15:07","guid":{"rendered":"https:\/\/www.2beauty.com.br\/blog\/?p=55494"},"modified":"2014-06-03T18:15:07","modified_gmt":"2014-06-03T20:15:07","slug":"video-tag-o-lado-bom-e-o-lado-ruim-de-blogar","status":"publish","type":"post","link":"https:\/\/www.2beauty.com.br\/blog\/2014\/06\/video-tag-o-lado-bom-e-o-lado-ruim-de-blogar\/","title":{"rendered":"V\u00eddeo: TAG &#8211; O lado bom e o lado ruim de blogar"},"content":{"rendered":"<p><a href=\"https:\/\/www.2beauty.com.br\/blog\/wp-content\/uploads\/2014\/06\/tagblog.jpg\"><img fetchpriority=\"high\" decoding=\"async\" class=\"size-full wp-image-55495 aligncenter\" alt=\"tagblog\" src=\"https:\/\/www.2beauty.com.br\/blog\/wp-content\/uploads\/2014\/06\/tagblog.jpg\" width=\"620\" height=\"412\" srcset=\"https:\/\/www.2beauty.com.br\/blog\/wp-content\/uploads\/2014\/06\/tagblog.jpg 620w, https:\/\/www.2beauty.com.br\/blog\/wp-content\/uploads\/2014\/06\/tagblog-580x385.jpg 580w\" sizes=\"(max-width: 620px) 100vw, 620px\" \/><\/a><\/p>\n<blockquote><p>Vira e mexe, algu\u00e9m pergunta sobre como \u00e9 a vida de &#8220;blogueira&#8221; e essa TAG \u00e9 bem legal, porque ajuda a explicar um pouco como \u00e9 o dia a dia de quem tem blog.<\/p><\/blockquote>\n<p><strong>Perguntinhas:<\/strong><\/p>\n<ul>\n<li>O que sente quando liga a c\u00e2mera e come\u00e7a a gravar?<\/li>\n<li>Como administra vida pessoal x vida virtual?<\/li>\n<li>Como e quando percebeu e decidiu que ser blogueira era o que voc\u00ea queria como profiss\u00e3o?<\/li>\n<li>Qual o maior erro que voc\u00ea acredita j\u00e1 ter cometido no mundo virtual? Ou em seus v\u00eddeos?<\/li>\n<li>O que te motiva a blogar?<\/li>\n<li>Se os planos com o blog n\u00e3o derem certo, voc\u00ea tem um plano B?<\/li>\n<li>J\u00e1 sofreu algum preconceito ou piadinha entre amigos e\/ou conhecidos pelo fato de ser blogueira? Como fez ou faz para mostrar que isso \u00e9 sua profiss\u00e3o e n\u00e3o um passa tempo?<\/li>\n<li>Em um tempo onde h\u00e1 tantos blogs e canais falando das mesmas coisas, como faz para ter um diferencial?<\/li>\n<li>J\u00e1 passou por alguma situa\u00e7\u00e3o \u201cmais chata ou inc\u00f4moda\u201d pelo fato de ter sua vida exposta na internet? Qual?<\/li>\n<li>Qual o seu maior defeito? Voc\u00ea tenta disfar\u00e7ar isso nos v\u00eddeos?<\/li>\n<li>Depois que virou blogueira, o que mudou em voc\u00ea?<\/li>\n<li>O que seu blog significa para voc\u00ea?<\/li>\n<li>Qual o seu maior desejo com o blog? Onde deseja chegar?<\/li>\n<li>Qual o lado bom e o lado mau de blogar? Diga em poucas palavras ou em apenas uma frase.<\/li>\n<\/ul>\n<p><iframe src=\"\/\/www.youtube.com\/embed\/0s9O_eqCOcc\" height=\"349\" width=\"620\" allowfullscreen=\"\" frameborder=\"0\"><\/iframe><\/p>\n<p style=\"text-align: center;\">. . . . . . . .<\/p>\n<p>Gente, obrigada pelas mensagens fofas nos coment\u00e1rios! \u00c9 por momentos assim que eu me emociono quando penso no que o blog significa pra mim e como ele me faz bem.<\/p>\n","protected":false},"excerpt":{"rendered":"<p>Vira e mexe, algu\u00e9m pergunta sobre como \u00e9 a vida de &#8220;blogueira&#8221; e essa TAG \u00e9 bem legal, porque ajuda a explicar um pouco como \u00e9 o dia a dia de quem tem blog. Perguntinhas: O que sente quando liga a c\u00e2mera e come\u00e7a a gravar? Como administra vida pessoal x vida virtual? Como e quando percebeu e decidiu que ser blogueira era o que voc\u00ea queria como profiss\u00e3o? Qual o maior erro que voc\u00ea acredita j\u00e1 ter cometido no mundo virtual? Ou em seus v\u00eddeos? O que te motiva a blogar? Se os planos com o blog n\u00e3o derem certo, voc\u00ea tem um plano B? J\u00e1 sofreu algum preconceito ou piadinha entre amigos e\/ou conhecidos pelo fato de ser blogueira? Como fez ou faz para mostrar que isso \u00e9 sua profiss\u00e3o e n\u00e3o um passa tempo? Em um tempo onde h\u00e1 tantos blogs e canais falando das mesmas coisas, como faz para ter um diferencial? J\u00e1 passou por alguma situa\u00e7\u00e3o \u201cmais chata ou inc\u00f4moda\u201d pelo fato de ter sua vida exposta na internet? Qual? Qual o seu maior defeito? Voc\u00ea tenta disfar\u00e7ar isso nos v\u00eddeos? Depois que virou blogueira, o que mudou em voc\u00ea? O que seu blog significa para voc\u00ea? Qual o seu maior desejo com o blog? Onde deseja chegar? Qual o lado bom e o lado mau de blogar? Diga em poucas palavras ou em apenas uma frase. . . . . . . . . Gente, obrigada pelas mensagens fofas nos coment\u00e1rios! \u00c9 por momentos assim que eu me emociono quando penso no que o blog significa pra mim e como ele me faz bem.<\/p>\n","protected":false},"author":1,"featured_media":55495,"comment_status":"open","ping_status":"open","sticky":false,"template":"","format":"standard","meta":{"_uag_custom_page_level_css":"","footnotes":""},"categories":[1],"tags":[4138],"class_list":["post-55494","post","type-post","status-publish","format-standard","has-post-thumbnail","hentry","category-geral","tag-videos"],"uagb_featured_image_src":{"full":["https:\/\/www.2beauty.com.br\/blog\/wp-content\/uploads\/2014\/06\/tagblog.jpg",620,412,false],"thumbnail":["https:\/\/www.2beauty.com.br\/blog\/wp-content\/uploads\/2014\/06\/tagblog-300x250.jpg",300,250,true],"medium":["https:\/\/www.2beauty.com.br\/blog\/wp-content\/uploads\/2014\/06\/tagblog-580x385.jpg",580,385,true],"medium_large":["https:\/\/www.2beauty.com.br\/blog\/wp-content\/uploads\/2014\/06\/tagblog.jpg",620,412,false],"large":["https:\/\/www.2beauty.com.br\/blog\/wp-content\/uploads\/2014\/06\/tagblog-620x412.jpg",620,412,true],"1536x1536":["https:\/\/www.2beauty.com.br\/blog\/wp-content\/uploads\/2014\/06\/tagblog.jpg",620,412,false],"2048x2048":["https:\/\/www.2beauty.com.br\/blog\/wp-content\/uploads\/2014\/06\/tagblog.jpg",620,412,false],"ashe-slider-grid-thumbnail":["https:\/\/www.2beauty.com.br\/blog\/wp-content\/uploads\/2014\/06\/tagblog.jpg",620,412,false],"ashe-full-thumbnail":["https:\/\/www.2beauty.com.br\/blog\/wp-content\/uploads\/2014\/06\/tagblog.jpg",620,412,false],"ashe-grid-thumbnail":["https:\/\/www.2beauty.com.br\/blog\/wp-content\/uploads\/2014\/06\/tagblog.jpg",497,330,false],"ashe-list-thumbnail":["https:\/\/www.2beauty.com.br\/blog\/wp-content\/uploads\/2014\/06\/tagblog.jpg",300,199,false],"ashe-single-navigation":["https:\/\/www.2beauty.com.br\/blog\/wp-content\/uploads\/2014\/06\/tagblog.jpg",75,50,false]},"uagb_author_info":{"display_name":"Marina Smith","author_link":"https:\/\/www.2beauty.com.br\/blog\/author\/marinasmith\/"},"uagb_comment_info":432,"uagb_excerpt":"Vira e mexe, algu\u00e9m pergunta sobre como \u00e9 a vida de &#8220;blogueira&#8221; e essa TAG \u00e9 bem legal, porque ajuda a explicar um pouco como \u00e9 o dia a dia de quem tem blog. Perguntinhas: O que sente quando liga a c\u00e2mera e come\u00e7a a gravar? Como administra vida pessoal x vida virtual? Como e&hellip;","acf":[],"_links":{"self":[{"href":"https:\/\/www.2beauty.com.br\/blog\/wp-json\/wp\/v2\/posts\/55494","targetHints":{"allow":["GET"]}}],"collection":[{"href":"https:\/\/www.2beauty.com.br\/blog\/wp-json\/wp\/v2\/posts"}],"about":[{"href":"https:\/\/www.2beauty.com.br\/blog\/wp-json\/wp\/v2\/types\/post"}],"author":[{"embeddable":true,"href":"https:\/\/www.2beauty.com.br\/blog\/wp-json\/wp\/v2\/users\/1"}],"replies":[{"embeddable":true,"href":"https:\/\/www.2beauty.com.br\/blog\/wp-json\/wp\/v2\/comments?post=55494"}],"version-history":[{"count":0,"href":"https:\/\/www.2beauty.com.br\/blog\/wp-json\/wp\/v2\/posts\/55494\/revisions"}],"wp:featuredmedia":[{"embeddable":true,"href":"https:\/\/www.2beauty.com.br\/blog\/wp-json\/wp\/v2\/media\/55495"}],"wp:attachment":[{"href":"https:\/\/www.2beauty.com.br\/blog\/wp-json\/wp\/v2\/media?parent=55494"}],"wp:term":[{"taxonomy":"category","embeddable":true,"href":"https:\/\/www.2beauty.com.br\/blog\/wp-json\/wp\/v2\/categories?post=55494"},{"taxonomy":"post_tag","embeddable":true,"href":"https:\/\/www.2beauty.com.br\/blog\/wp-json\/wp\/v2\/tags?post=55494"}],"curies":[{"name":"wp","href":"https:\/\/api.w.org\/{rel}","templated":true}]}}