{"id":55016,"date":"2014-05-15T10:00:34","date_gmt":"2014-05-15T12:00:34","guid":{"rendered":"https:\/\/www.2beauty.com.br\/blog\/?p=55016"},"modified":"2014-05-15T10:00:34","modified_gmt":"2014-05-15T12:00:34","slug":"video-tag-meus-cabelos","status":"publish","type":"post","link":"https:\/\/www.2beauty.com.br\/blog\/2014\/05\/video-tag-meus-cabelos\/","title":{"rendered":"V\u00eddeo: TAG &#8211; Meus Cabelos"},"content":{"rendered":"<p><a href=\"https:\/\/www.2beauty.com.br\/blog\/wp-content\/uploads\/2014\/05\/cabelos.jpg\"><img fetchpriority=\"high\" decoding=\"async\" class=\"size-full wp-image-55017 aligncenter\" alt=\"_cabelos\" src=\"https:\/\/www.2beauty.com.br\/blog\/wp-content\/uploads\/2014\/05\/cabelos.jpg\" width=\"620\" height=\"412\" srcset=\"https:\/\/www.2beauty.com.br\/blog\/wp-content\/uploads\/2014\/05\/cabelos.jpg 620w, https:\/\/www.2beauty.com.br\/blog\/wp-content\/uploads\/2014\/05\/cabelos-580x385.jpg 580w\" sizes=\"(max-width: 620px) 100vw, 620px\" \/><\/a><\/p>\n<blockquote><p>O v\u00eddeo de hoje \u00e9 sobre o picum\u00e3. Adoro! Vi a TAG no <a href=\"https:\/\/www.youtube.com\/watch?v=5JklTgE07dU&amp;list=UUrqpB7Kvh4qao8VtxwuJKkQ\" target=\"_blank\">canal da Fl\u00e1via Calina<\/a> e decidi copiar.<\/p><\/blockquote>\n<p><strong>Perguntinhas:<\/strong><\/p>\n<ol>\n<li>Qual seu tipo de cabelo (oleoso, misto, seco ou normal)?<\/li>\n<li>Defina basicamente como \u00e9 seu cabelo natural (crespo, ondulado, liso, fino, grosso, armado, volumoso, pesado, ralinho, etc.)<\/li>\n<li>Qual a cor natural?<\/li>\n<li>Voc\u00ea tem algum tipo de qu\u00edmica nos cabelos?<\/li>\n<li>O que voc\u00ea mais gosta em seus cabelos?<\/li>\n<li>Se como m\u00e1gica, pudesse fazer alguma modifica\u00e7\u00e3o neles, o que seria?<\/li>\n<li>Est\u00e1 planejando alguma mudan\u00e7a (cortar, alongar, colorir, alisar etc)?<\/li>\n<li>Voc\u00ea acha que existem cabelos naturalmente lindos ou acredita que \u00e9 imposs\u00edvel exibir cabelos bonitos sem algum cuidado especial?<\/li>\n<li>Gosta de cuidar dos seus cabelos sozinha ou prefere deix\u00e1-los nas m\u00e3os de profissionais qualificados?<\/li>\n<li>J\u00e1 teve alguma decep\u00e7\u00e3o ou se arrependeu de algo que fez ou fizeram em seus cabelos? Conte.<\/li>\n<li>J\u00e1 descobriu algum truque, tecnica ou produto que deixa seu cabelo melhor e n\u00e3o costuma abrir m\u00e3o?<\/li>\n<li>Cabelo inspirador! Cite uma (ou mais) famosa(s) que voc\u00ea se identifica em rela\u00e7\u00e3o aos cabelos.<\/li>\n<\/ol>\n<p><iframe src=\"\/\/www.youtube.com\/embed\/IMSn0EFebZo\" height=\"349\" width=\"620\" allowfullscreen=\"\" frameborder=\"0\"><\/iframe><\/p>\n","protected":false},"excerpt":{"rendered":"<p>O v\u00eddeo de hoje \u00e9 sobre o picum\u00e3. Adoro! Vi a TAG no canal da Fl\u00e1via Calina e decidi copiar. Perguntinhas: Qual seu tipo de cabelo (oleoso, misto, seco ou normal)? Defina basicamente como \u00e9 seu cabelo natural (crespo, ondulado, liso, fino, grosso, armado, volumoso, pesado, ralinho, etc.) Qual a cor natural? Voc\u00ea tem algum tipo de qu\u00edmica nos cabelos? O que voc\u00ea mais gosta em seus cabelos? Se como m\u00e1gica, pudesse fazer alguma modifica\u00e7\u00e3o neles, o que seria? Est\u00e1 planejando alguma mudan\u00e7a (cortar, alongar, colorir, alisar etc)? Voc\u00ea acha que existem cabelos naturalmente lindos ou acredita que \u00e9 imposs\u00edvel exibir cabelos bonitos sem algum cuidado especial? Gosta de cuidar dos seus cabelos sozinha ou prefere deix\u00e1-los nas m\u00e3os de profissionais qualificados? J\u00e1 teve alguma decep\u00e7\u00e3o ou se arrependeu de algo que fez ou fizeram em seus cabelos? Conte. J\u00e1 descobriu algum truque, tecnica ou produto que deixa seu cabelo melhor e n\u00e3o costuma abrir m\u00e3o? Cabelo inspirador! Cite uma (ou mais) famosa(s) que voc\u00ea se identifica em rela\u00e7\u00e3o aos cabelos.<\/p>\n","protected":false},"author":1,"featured_media":55017,"comment_status":"open","ping_status":"open","sticky":false,"template":"","format":"standard","meta":{"_uag_custom_page_level_css":"","footnotes":""},"categories":[1],"tags":[4138],"class_list":["post-55016","post","type-post","status-publish","format-standard","has-post-thumbnail","hentry","category-geral","tag-videos"],"uagb_featured_image_src":{"full":["https:\/\/www.2beauty.com.br\/blog\/wp-content\/uploads\/2014\/05\/cabelos.jpg",620,412,false],"thumbnail":["https:\/\/www.2beauty.com.br\/blog\/wp-content\/uploads\/2014\/05\/cabelos-300x250.jpg",300,250,true],"medium":["https:\/\/www.2beauty.com.br\/blog\/wp-content\/uploads\/2014\/05\/cabelos-580x385.jpg",580,385,true],"medium_large":["https:\/\/www.2beauty.com.br\/blog\/wp-content\/uploads\/2014\/05\/cabelos.jpg",620,412,false],"large":["https:\/\/www.2beauty.com.br\/blog\/wp-content\/uploads\/2014\/05\/cabelos-620x412.jpg",620,412,true],"1536x1536":["https:\/\/www.2beauty.com.br\/blog\/wp-content\/uploads\/2014\/05\/cabelos.jpg",620,412,false],"2048x2048":["https:\/\/www.2beauty.com.br\/blog\/wp-content\/uploads\/2014\/05\/cabelos.jpg",620,412,false],"ashe-slider-grid-thumbnail":["https:\/\/www.2beauty.com.br\/blog\/wp-content\/uploads\/2014\/05\/cabelos.jpg",620,412,false],"ashe-full-thumbnail":["https:\/\/www.2beauty.com.br\/blog\/wp-content\/uploads\/2014\/05\/cabelos.jpg",620,412,false],"ashe-grid-thumbnail":["https:\/\/www.2beauty.com.br\/blog\/wp-content\/uploads\/2014\/05\/cabelos.jpg",497,330,false],"ashe-list-thumbnail":["https:\/\/www.2beauty.com.br\/blog\/wp-content\/uploads\/2014\/05\/cabelos.jpg",300,199,false],"ashe-single-navigation":["https:\/\/www.2beauty.com.br\/blog\/wp-content\/uploads\/2014\/05\/cabelos.jpg",75,50,false]},"uagb_author_info":{"display_name":"Marina Smith","author_link":"https:\/\/www.2beauty.com.br\/blog\/author\/marinasmith\/"},"uagb_comment_info":32,"uagb_excerpt":"O v\u00eddeo de hoje \u00e9 sobre o picum\u00e3. Adoro! Vi a TAG no canal da Fl\u00e1via Calina e decidi copiar. Perguntinhas: Qual seu tipo de cabelo (oleoso, misto, seco ou normal)? Defina basicamente como \u00e9 seu cabelo natural (crespo, ondulado, liso, fino, grosso, armado, volumoso, pesado, ralinho, etc.) Qual a cor natural? Voc\u00ea tem algum&hellip;","acf":[],"_links":{"self":[{"href":"https:\/\/www.2beauty.com.br\/blog\/wp-json\/wp\/v2\/posts\/55016","targetHints":{"allow":["GET"]}}],"collection":[{"href":"https:\/\/www.2beauty.com.br\/blog\/wp-json\/wp\/v2\/posts"}],"about":[{"href":"https:\/\/www.2beauty.com.br\/blog\/wp-json\/wp\/v2\/types\/post"}],"author":[{"embeddable":true,"href":"https:\/\/www.2beauty.com.br\/blog\/wp-json\/wp\/v2\/users\/1"}],"replies":[{"embeddable":true,"href":"https:\/\/www.2beauty.com.br\/blog\/wp-json\/wp\/v2\/comments?post=55016"}],"version-history":[{"count":0,"href":"https:\/\/www.2beauty.com.br\/blog\/wp-json\/wp\/v2\/posts\/55016\/revisions"}],"wp:featuredmedia":[{"embeddable":true,"href":"https:\/\/www.2beauty.com.br\/blog\/wp-json\/wp\/v2\/media\/55017"}],"wp:attachment":[{"href":"https:\/\/www.2beauty.com.br\/blog\/wp-json\/wp\/v2\/media?parent=55016"}],"wp:term":[{"taxonomy":"category","embeddable":true,"href":"https:\/\/www.2beauty.com.br\/blog\/wp-json\/wp\/v2\/categories?post=55016"},{"taxonomy":"post_tag","embeddable":true,"href":"https:\/\/www.2beauty.com.br\/blog\/wp-json\/wp\/v2\/tags?post=55016"}],"curies":[{"name":"wp","href":"https:\/\/api.w.org\/{rel}","templated":true}]}}