{"id":5392,"date":"2009-07-08T17:54:25","date_gmt":"2009-07-08T19:54:25","guid":{"rendered":"https:\/\/www.2beauty.com.br\/blog\/?p=5392"},"modified":"2019-02-15T16:13:31","modified_gmt":"2019-02-15T18:13:31","slug":"esqueci","status":"publish","type":"post","link":"https:\/\/www.2beauty.com.br\/blog\/2009\/07\/esqueci\/","title":{"rendered":"Esqueci!"},"content":{"rendered":"<p style=\"text-align: center;\"><a href=\"https:\/\/www.2beauty.com.br\/blog\/wp-content\/uploads\/2009\/07\/avon.jpg\"><img fetchpriority=\"high\" decoding=\"async\" class=\"size-full wp-image-5393 aligncenter\" title=\"avon\" src=\"https:\/\/www.2beauty.com.br\/blog\/wp-content\/uploads\/2009\/07\/avon.jpg\" alt=\"\" width=\"439\" height=\"226\" \/><\/a><\/p>\n<p>Ontem eu bati v\u00e1rias fotos da Color Trend Sombra Stix e do r\u00edmel Astonishing Lengths, s\u00f3 que esqueci de baixar as imagens pro computador antes de dormir.\u00a0 * esperta! *<\/p>\n<p>Hoje o\u00a0blog\u00a0est\u00e1 meio devagar, mas amanh\u00e3 melhora!<\/p>\n<p>E s\u00f3 pra constar, as amyghas que comentaram sobre a Sombra Stix estavam com tooooda raz\u00e3o! N\u00e3o presta&#8230;<\/p>\n<p>O r\u00edmel n\u00e3o \u00e9 horr\u00edvel, mas demora um s\u00e9culo pra secar.<\/p>\n","protected":false},"excerpt":{"rendered":"<p>Ontem eu bati v\u00e1rias fotos da Color Trend Sombra Stix e do r\u00edmel Astonishing Lengths, s\u00f3 que esqueci de baixar as imagens pro computador antes de dormir.\u00a0 * esperta! * Hoje o\u00a0blog\u00a0est\u00e1 meio devagar, mas amanh\u00e3 melhora! E s\u00f3 pra constar, as amyghas que comentaram sobre a Sombra Stix estavam com tooooda raz\u00e3o! N\u00e3o presta&#8230; O r\u00edmel n\u00e3o \u00e9 horr\u00edvel, mas demora um s\u00e9culo pra secar.<\/p>\n","protected":false},"author":1,"featured_media":0,"comment_status":"open","ping_status":"open","sticky":false,"template":"","format":"standard","meta":{"_uag_custom_page_level_css":"","footnotes":""},"categories":[84],"tags":[960,273,937,4125,959],"class_list":["post-5392","post","type-post","status-publish","format-standard","hentry","category-maquiagem","tag-astonishing-lengths","tag-avon","tag-color-trend","tag-rimel","tag-sombra-stix"],"uagb_featured_image_src":{"full":false,"thumbnail":false,"medium":false,"medium_large":false,"large":false,"1536x1536":false,"2048x2048":false,"ashe-slider-grid-thumbnail":false,"ashe-full-thumbnail":false,"ashe-grid-thumbnail":false,"ashe-list-thumbnail":false,"ashe-single-navigation":false},"uagb_author_info":{"display_name":"Marina Smith","author_link":"https:\/\/www.2beauty.com.br\/blog\/author\/marinasmith\/"},"uagb_comment_info":38,"uagb_excerpt":"Ontem eu bati v\u00e1rias fotos da Color Trend Sombra Stix e do r\u00edmel Astonishing Lengths, s\u00f3 que esqueci de baixar as imagens pro computador antes de dormir.\u00a0 * esperta! * Hoje o\u00a0blog\u00a0est\u00e1 meio devagar, mas amanh\u00e3 melhora! E s\u00f3 pra constar, as amyghas que comentaram sobre a Sombra Stix estavam com tooooda raz\u00e3o! N\u00e3o presta&#8230;&hellip;","acf":[],"_links":{"self":[{"href":"https:\/\/www.2beauty.com.br\/blog\/wp-json\/wp\/v2\/posts\/5392","targetHints":{"allow":["GET"]}}],"collection":[{"href":"https:\/\/www.2beauty.com.br\/blog\/wp-json\/wp\/v2\/posts"}],"about":[{"href":"https:\/\/www.2beauty.com.br\/blog\/wp-json\/wp\/v2\/types\/post"}],"author":[{"embeddable":true,"href":"https:\/\/www.2beauty.com.br\/blog\/wp-json\/wp\/v2\/users\/1"}],"replies":[{"embeddable":true,"href":"https:\/\/www.2beauty.com.br\/blog\/wp-json\/wp\/v2\/comments?post=5392"}],"version-history":[{"count":0,"href":"https:\/\/www.2beauty.com.br\/blog\/wp-json\/wp\/v2\/posts\/5392\/revisions"}],"wp:attachment":[{"href":"https:\/\/www.2beauty.com.br\/blog\/wp-json\/wp\/v2\/media?parent=5392"}],"wp:term":[{"taxonomy":"category","embeddable":true,"href":"https:\/\/www.2beauty.com.br\/blog\/wp-json\/wp\/v2\/categories?post=5392"},{"taxonomy":"post_tag","embeddable":true,"href":"https:\/\/www.2beauty.com.br\/blog\/wp-json\/wp\/v2\/tags?post=5392"}],"curies":[{"name":"wp","href":"https:\/\/api.w.org\/{rel}","templated":true}]}}