{"id":53125,"date":"2014-02-19T15:00:27","date_gmt":"2014-02-19T17:00:27","guid":{"rendered":"https:\/\/www.2beauty.com.br\/blog\/?p=53125"},"modified":"2019-02-15T16:11:10","modified_gmt":"2019-02-15T18:11:10","slug":"primeiras-impressoes-mascara-mega-cilios-da-avon","status":"publish","type":"post","link":"https:\/\/www.2beauty.com.br\/blog\/2014\/02\/primeiras-impressoes-mascara-mega-cilios-da-avon\/","title":{"rendered":"Primeiras Impress\u00f5es: M\u00e1scara Mega C\u00edlios da Avon"},"content":{"rendered":"<p style=\"text-align: center;\"><strong><a href=\"https:\/\/www.2beauty.com.br\/blog\/wp-content\/uploads\/2014\/02\/avon1.jpg\"><img fetchpriority=\"high\" decoding=\"async\" class=\"alignnone size-full wp-image-53129\" alt=\"avon1\" src=\"https:\/\/www.2beauty.com.br\/blog\/wp-content\/uploads\/2014\/02\/avon1.jpg\" width=\"620\" height=\"932\" srcset=\"https:\/\/www.2beauty.com.br\/blog\/wp-content\/uploads\/2014\/02\/avon1.jpg 620w, https:\/\/www.2beauty.com.br\/blog\/wp-content\/uploads\/2014\/02\/avon1-580x872.jpg 580w, https:\/\/www.2beauty.com.br\/blog\/wp-content\/uploads\/2014\/02\/avon1-289x435.jpg 289w\" sizes=\"(max-width: 620px) 100vw, 620px\" \/><\/a><\/strong><\/p>\n<p style=\"text-align: center;\"><strong>M\u00e1scara Mega C\u00edlios da Avon<\/strong><\/p>\n<p>Quando soube dessa nova m\u00e1scara da Avon, morri de vontade de testar!<\/p>\n<p><strong>Semana passada, recebi uma unidade da assessoria e comecei a usar, mas ainda n\u00e3o me adaptei.<\/strong><\/p>\n<p>O problema n\u00e3o \u00e9 o formato diferente ou o jeito de pegar no aplicador ou por eu me borrar toda, \u00e9 porque o resultado (em mim) n\u00e3o \u00e9 l\u00e1 grandes coisas&#8230;<\/p>\n<p>Ainda \u00e9 cedo para escrever uma resenha, mas como muita gente est\u00e1 interessada na novidade, resolvi fazer um post de primeiras impress\u00f5es.<\/p>\n<p>Talvez daqui um m\u00eas eu voltei aqui para dizer que mudei minha opini\u00e3o&#8230;<\/p>\n<p style=\"text-align: center;\"><strong><a href=\"https:\/\/www.2beauty.com.br\/blog\/wp-content\/uploads\/2014\/02\/avon2.jpg\"><img decoding=\"async\" class=\"alignnone size-full wp-image-53130\" alt=\"avon2\" src=\"https:\/\/www.2beauty.com.br\/blog\/wp-content\/uploads\/2014\/02\/avon2.jpg\" width=\"620\" height=\"412\" srcset=\"https:\/\/www.2beauty.com.br\/blog\/wp-content\/uploads\/2014\/02\/avon2.jpg 620w, https:\/\/www.2beauty.com.br\/blog\/wp-content\/uploads\/2014\/02\/avon2-580x385.jpg 580w, https:\/\/www.2beauty.com.br\/blog\/wp-content\/uploads\/2014\/02\/avon2-250x166.jpg 250w\" sizes=\"(max-width: 620px) 100vw, 620px\" \/><\/a><\/strong><\/p>\n<p style=\"text-align: center;\"><strong><a href=\"https:\/\/www.2beauty.com.br\/blog\/wp-content\/uploads\/2014\/02\/avon3.jpg\"><img decoding=\"async\" class=\"alignnone size-full wp-image-53131\" alt=\"avon3\" src=\"https:\/\/www.2beauty.com.br\/blog\/wp-content\/uploads\/2014\/02\/avon3.jpg\" width=\"620\" height=\"412\" srcset=\"https:\/\/www.2beauty.com.br\/blog\/wp-content\/uploads\/2014\/02\/avon3.jpg 620w, https:\/\/www.2beauty.com.br\/blog\/wp-content\/uploads\/2014\/02\/avon3-580x385.jpg 580w, https:\/\/www.2beauty.com.br\/blog\/wp-content\/uploads\/2014\/02\/avon3-250x166.jpg 250w\" sizes=\"(max-width: 620px) 100vw, 620px\" \/><\/a><\/strong><\/p>\n<p style=\"text-align: center;\"><strong>Embalagem e aplicador<\/strong><\/p>\n<p>A id\u00e9ia desse aplicador diferente \u00e9 legal e ele funciona muito bem para pintar os c\u00edlios de baixo.<\/p>\n<p>O meu problema mesmo \u00e9 com ele funciona nos de cima&#8230;<\/p>\n<p><strong>A aplica\u00e7\u00e3o n\u00e3o \u00e9 complicada:<\/strong><\/p>\n<blockquote><p>Primeiro voc\u00ea remove o excesso de produto da escovinha, porque ela sai atolada de r\u00edmel. Depois, voc\u00ea aplica o r\u00edmel nos c\u00edlios passando a escovinha de baixo (raiz) para cima (pontas).<\/p><\/blockquote>\n<p>Simples, n\u00e9?<\/p>\n<p>Me borrei bastante todas as vezes que usei a m\u00e1scara. Essa parte \u00e9 chata, mas d\u00e1 pra contornar&#8230;<\/p>\n<p style=\"text-align: center;\"><strong><a href=\"https:\/\/www.2beauty.com.br\/blog\/wp-content\/uploads\/2014\/02\/avon4.jpg\"><img loading=\"lazy\" decoding=\"async\" class=\"alignnone size-full wp-image-53132\" alt=\"avon4\" src=\"https:\/\/www.2beauty.com.br\/blog\/wp-content\/uploads\/2014\/02\/avon4.jpg\" width=\"300\" height=\"250\" srcset=\"https:\/\/www.2beauty.com.br\/blog\/wp-content\/uploads\/2014\/02\/avon4.jpg 300w, https:\/\/www.2beauty.com.br\/blog\/wp-content\/uploads\/2014\/02\/avon4-250x208.jpg 250w\" sizes=\"(max-width: 300px) 100vw, 300px\" \/><\/a> <a href=\"https:\/\/www.2beauty.com.br\/blog\/wp-content\/uploads\/2014\/02\/avon5.jpg\"><img loading=\"lazy\" decoding=\"async\" class=\"alignnone size-full wp-image-53133\" alt=\"avon5\" src=\"https:\/\/www.2beauty.com.br\/blog\/wp-content\/uploads\/2014\/02\/avon5.jpg\" width=\"300\" height=\"250\" srcset=\"https:\/\/www.2beauty.com.br\/blog\/wp-content\/uploads\/2014\/02\/avon5.jpg 300w, https:\/\/www.2beauty.com.br\/blog\/wp-content\/uploads\/2014\/02\/avon5-250x208.jpg 250w\" sizes=\"(max-width: 300px) 100vw, 300px\" \/><\/a><\/strong><\/p>\n<p style=\"text-align: center;\"><strong>C\u00edlios ao natural e com uma camada de Mega C\u00edlios<\/strong><\/p>\n<p style=\"text-align: center;\"><strong><a href=\"https:\/\/www.2beauty.com.br\/blog\/wp-content\/uploads\/2014\/02\/avon4.jpg\"><img loading=\"lazy\" decoding=\"async\" class=\"alignnone size-full wp-image-53132\" alt=\"avon4\" src=\"https:\/\/www.2beauty.com.br\/blog\/wp-content\/uploads\/2014\/02\/avon4.jpg\" width=\"300\" height=\"250\" srcset=\"https:\/\/www.2beauty.com.br\/blog\/wp-content\/uploads\/2014\/02\/avon4.jpg 300w, https:\/\/www.2beauty.com.br\/blog\/wp-content\/uploads\/2014\/02\/avon4-250x208.jpg 250w\" sizes=\"(max-width: 300px) 100vw, 300px\" \/><\/a> <a href=\"https:\/\/www.2beauty.com.br\/blog\/wp-content\/uploads\/2014\/02\/avon6.jpg\"><img loading=\"lazy\" decoding=\"async\" class=\"alignnone size-full wp-image-53134\" alt=\"avon6\" src=\"https:\/\/www.2beauty.com.br\/blog\/wp-content\/uploads\/2014\/02\/avon6.jpg\" width=\"300\" height=\"250\" srcset=\"https:\/\/www.2beauty.com.br\/blog\/wp-content\/uploads\/2014\/02\/avon6.jpg 300w, https:\/\/www.2beauty.com.br\/blog\/wp-content\/uploads\/2014\/02\/avon6-250x208.jpg 250w\" sizes=\"(max-width: 300px) 100vw, 300px\" \/><\/a><\/strong><\/p>\n<p style=\"text-align: center;\"><strong>C\u00edlios ao natural e com tr\u00eas camadas de Mega C\u00edlios<\/strong><\/p>\n<p>O que eu n\u00e3o curti \u00e9 que depois de tr\u00eas camadas, parece que eu s\u00f3 tenho meia d\u00fazia de c\u00edlios em cada olho (vide imagens acima).<\/p>\n<p>Gostei que o r\u00edmel \u00e9 bem pretinho e mesmo sendo \u00e0 prova d&#8217;\u00e1gua, n\u00e3o \u00e9 um saco de remover. Mas fora isso, ele n\u00e3o fez muita coisa pela curvatura, volume ou tamanho das minhas pestanas.<\/p>\n<p>Ainda n\u00e3o consegui usar ele sozinho pra sair de casa, porque parece que falta algo.<\/p>\n<p>Acabo aplicando outro tipo de m\u00e1scara por cima e a diferen\u00e7a \u00e9 enorme:<\/p>\n<p style=\"text-align: center;\"><strong><a href=\"https:\/\/www.2beauty.com.br\/blog\/wp-content\/uploads\/2014\/02\/avon6.jpg\"><img loading=\"lazy\" decoding=\"async\" class=\"alignnone size-full wp-image-53134\" alt=\"avon6\" src=\"https:\/\/www.2beauty.com.br\/blog\/wp-content\/uploads\/2014\/02\/avon6.jpg\" width=\"300\" height=\"250\" srcset=\"https:\/\/www.2beauty.com.br\/blog\/wp-content\/uploads\/2014\/02\/avon6.jpg 300w, https:\/\/www.2beauty.com.br\/blog\/wp-content\/uploads\/2014\/02\/avon6-250x208.jpg 250w\" sizes=\"(max-width: 300px) 100vw, 300px\" \/><\/a> <a href=\"https:\/\/www.2beauty.com.br\/blog\/wp-content\/uploads\/2014\/02\/avon7.jpg\"><img loading=\"lazy\" decoding=\"async\" class=\"alignnone size-full wp-image-53135\" alt=\"avon7\" src=\"https:\/\/www.2beauty.com.br\/blog\/wp-content\/uploads\/2014\/02\/avon7.jpg\" width=\"300\" height=\"250\" srcset=\"https:\/\/www.2beauty.com.br\/blog\/wp-content\/uploads\/2014\/02\/avon7.jpg 300w, https:\/\/www.2beauty.com.br\/blog\/wp-content\/uploads\/2014\/02\/avon7-250x208.jpg 250w\" sizes=\"(max-width: 300px) 100vw, 300px\" \/><\/a><\/strong><\/p>\n<p style=\"text-align: center;\"><strong>Com tr\u00eas camadas de Mega C\u00edlios e depois de uma forcinha da m\u00e1scara The Colossal Maybelline<\/strong><\/p>\n<p>Mais algu\u00e9m experimentou o Mega C\u00edlios? O que est\u00e1 achando?<\/p>\n<p>Eu vou continuar tentando&#8230;<\/p>\n<p>Talvez o resultado seja mais interessante depois de algumas semanas de pr\u00e1tica, n\u00e3o \u00e9?<\/p>\n<p>Se as coisas melhorarem, eu volto aqui pra contar!<\/p>\n","protected":false},"excerpt":{"rendered":"<p>M\u00e1scara Mega C\u00edlios da Avon Quando soube dessa nova m\u00e1scara da Avon, morri de vontade de testar! Semana passada, recebi uma unidade da assessoria e comecei a usar, mas ainda n\u00e3o me adaptei. O problema n\u00e3o \u00e9 o formato diferente ou o jeito de pegar no aplicador ou por eu me borrar toda, \u00e9 porque o resultado (em mim) n\u00e3o \u00e9 l\u00e1 grandes coisas&#8230; Ainda \u00e9 cedo para escrever uma resenha, mas como muita gente est\u00e1 interessada na novidade, resolvi fazer um post de primeiras impress\u00f5es. Talvez daqui um m\u00eas eu voltei aqui para dizer que mudei minha opini\u00e3o&#8230; Embalagem e aplicador A id\u00e9ia desse aplicador diferente \u00e9 legal e ele funciona muito bem para pintar os c\u00edlios de baixo. O meu problema mesmo \u00e9 com ele funciona nos de cima&#8230; A aplica\u00e7\u00e3o n\u00e3o \u00e9 complicada: Primeiro voc\u00ea remove o excesso de produto da escovinha, porque ela sai atolada de r\u00edmel. Depois, voc\u00ea aplica o r\u00edmel nos c\u00edlios passando a escovinha de baixo (raiz) para cima (pontas). Simples, n\u00e9? Me borrei bastante todas as vezes que usei a m\u00e1scara. Essa parte \u00e9 chata, mas d\u00e1 pra contornar&#8230; C\u00edlios ao natural e com uma camada de Mega C\u00edlios C\u00edlios ao natural e com tr\u00eas camadas de Mega C\u00edlios O que eu n\u00e3o curti \u00e9 que depois de tr\u00eas camadas, parece que eu s\u00f3 tenho meia d\u00fazia de c\u00edlios em cada olho (vide imagens acima). Gostei que o r\u00edmel \u00e9 bem pretinho e mesmo sendo \u00e0 prova d&#8217;\u00e1gua, n\u00e3o \u00e9 um saco de remover. Mas fora isso, ele n\u00e3o fez muita coisa pela curvatura, volume ou tamanho das minhas pestanas. Ainda n\u00e3o consegui usar ele sozinho pra sair de casa, porque parece que falta algo. Acabo aplicando outro tipo de m\u00e1scara por cima e a diferen\u00e7a \u00e9 enorme: Com tr\u00eas camadas de Mega C\u00edlios e depois de uma forcinha da m\u00e1scara The Colossal Maybelline Mais algu\u00e9m experimentou o Mega C\u00edlios? O que est\u00e1 achando? Eu vou continuar tentando&#8230; Talvez o resultado seja mais interessante depois de algumas semanas de pr\u00e1tica, n\u00e3o \u00e9? Se as coisas melhorarem, eu volto aqui pra contar!<\/p>\n","protected":false},"author":1,"featured_media":53129,"comment_status":"open","ping_status":"open","sticky":false,"template":"","format":"standard","meta":{"_uag_custom_page_level_css":"","footnotes":""},"categories":[84],"tags":[2252,3623,4088,405,3624,3625,4125],"class_list":["post-53125","post","type-post","status-publish","format-standard","has-post-thumbnail","hentry","category-maquiagem","tag-amostrinhas","tag-avin","tag-maquiagem","tag-mascara-para-cilios","tag-mega-cilios","tag-mega-effects","tag-rimel"],"uagb_featured_image_src":{"full":["https:\/\/www.2beauty.com.br\/blog\/wp-content\/uploads\/2014\/02\/avon1.jpg",620,932,false],"thumbnail":["https:\/\/www.2beauty.com.br\/blog\/wp-content\/uploads\/2014\/02\/avon1-300x250.jpg",300,250,true],"medium":["https:\/\/www.2beauty.com.br\/blog\/wp-content\/uploads\/2014\/02\/avon1-289x435.jpg",289,435,true],"medium_large":["https:\/\/www.2beauty.com.br\/blog\/wp-content\/uploads\/2014\/02\/avon1.jpg",620,932,false],"large":["https:\/\/www.2beauty.com.br\/blog\/wp-content\/uploads\/2014\/02\/avon1-620x932.jpg",620,932,true],"1536x1536":["https:\/\/www.2beauty.com.br\/blog\/wp-content\/uploads\/2014\/02\/avon1.jpg",620,932,false],"2048x2048":["https:\/\/www.2beauty.com.br\/blog\/wp-content\/uploads\/2014\/02\/avon1.jpg",620,932,false],"ashe-slider-grid-thumbnail":["https:\/\/www.2beauty.com.br\/blog\/wp-content\/uploads\/2014\/02\/avon1.jpg",359,540,false],"ashe-full-thumbnail":["https:\/\/www.2beauty.com.br\/blog\/wp-content\/uploads\/2014\/02\/avon1.jpg",620,932,false],"ashe-grid-thumbnail":["https:\/\/www.2beauty.com.br\/blog\/wp-content\/uploads\/2014\/02\/avon1.jpg",220,330,false],"ashe-list-thumbnail":["https:\/\/www.2beauty.com.br\/blog\/wp-content\/uploads\/2014\/02\/avon1.jpg",200,300,false],"ashe-single-navigation":["https:\/\/www.2beauty.com.br\/blog\/wp-content\/uploads\/2014\/02\/avon1.jpg",50,75,false]},"uagb_author_info":{"display_name":"Marina Smith","author_link":"https:\/\/www.2beauty.com.br\/blog\/author\/marinasmith\/"},"uagb_comment_info":55,"uagb_excerpt":"M\u00e1scara Mega C\u00edlios da Avon Quando soube dessa nova m\u00e1scara da Avon, morri de vontade de testar! Semana passada, recebi uma unidade da assessoria e comecei a usar, mas ainda n\u00e3o me adaptei. O problema n\u00e3o \u00e9 o formato diferente ou o jeito de pegar no aplicador ou por eu me borrar toda, \u00e9 porque&hellip;","acf":[],"_links":{"self":[{"href":"https:\/\/www.2beauty.com.br\/blog\/wp-json\/wp\/v2\/posts\/53125","targetHints":{"allow":["GET"]}}],"collection":[{"href":"https:\/\/www.2beauty.com.br\/blog\/wp-json\/wp\/v2\/posts"}],"about":[{"href":"https:\/\/www.2beauty.com.br\/blog\/wp-json\/wp\/v2\/types\/post"}],"author":[{"embeddable":true,"href":"https:\/\/www.2beauty.com.br\/blog\/wp-json\/wp\/v2\/users\/1"}],"replies":[{"embeddable":true,"href":"https:\/\/www.2beauty.com.br\/blog\/wp-json\/wp\/v2\/comments?post=53125"}],"version-history":[{"count":0,"href":"https:\/\/www.2beauty.com.br\/blog\/wp-json\/wp\/v2\/posts\/53125\/revisions"}],"wp:featuredmedia":[{"embeddable":true,"href":"https:\/\/www.2beauty.com.br\/blog\/wp-json\/wp\/v2\/media\/53129"}],"wp:attachment":[{"href":"https:\/\/www.2beauty.com.br\/blog\/wp-json\/wp\/v2\/media?parent=53125"}],"wp:term":[{"taxonomy":"category","embeddable":true,"href":"https:\/\/www.2beauty.com.br\/blog\/wp-json\/wp\/v2\/categories?post=53125"},{"taxonomy":"post_tag","embeddable":true,"href":"https:\/\/www.2beauty.com.br\/blog\/wp-json\/wp\/v2\/tags?post=53125"}],"curies":[{"name":"wp","href":"https:\/\/api.w.org\/{rel}","templated":true}]}}