{"id":53070,"date":"2014-02-18T16:33:49","date_gmt":"2014-02-18T18:33:49","guid":{"rendered":"https:\/\/www.2beauty.com.br\/blog\/?p=53070"},"modified":"2019-02-15T16:11:10","modified_gmt":"2019-02-15T18:11:10","slug":"resenha-tracta-duo-lapis-para-olhos-perola-negra","status":"publish","type":"post","link":"https:\/\/www.2beauty.com.br\/blog\/2014\/02\/resenha-tracta-duo-lapis-para-olhos-perola-negra\/","title":{"rendered":"Resenha: Pausa Para Feminices Duo L\u00e1pis Para Olhos P\u00e9rola Negra"},"content":{"rendered":"<p><a href=\"https:\/\/www.2beauty.com.br\/blog\/wp-content\/uploads\/2014\/02\/lapis1.jpg\"><img fetchpriority=\"high\" decoding=\"async\" class=\"size-full wp-image-53072 aligncenter\" alt=\"lapis1\" src=\"https:\/\/www.2beauty.com.br\/blog\/wp-content\/uploads\/2014\/02\/lapis1.jpg\" width=\"620\" height=\"932\" srcset=\"https:\/\/www.2beauty.com.br\/blog\/wp-content\/uploads\/2014\/02\/lapis1.jpg 620w, https:\/\/www.2beauty.com.br\/blog\/wp-content\/uploads\/2014\/02\/lapis1-580x872.jpg 580w, https:\/\/www.2beauty.com.br\/blog\/wp-content\/uploads\/2014\/02\/lapis1-289x435.jpg 289w\" sizes=\"(max-width: 620px) 100vw, 620px\" \/><\/a><\/p>\n<p style=\"text-align: center;\"><img decoding=\"async\" style=\"width: 30px; height: 30px;\" title=\"Star\" alt=\"Star\" src=\"https:\/\/www.2beauty.com.br\/blog\/images\/star.gif\" width=\"30\" height=\"30\" align=\"top\" border=\"0\" \/><img decoding=\"async\" style=\"width: 30px; height: 30px;\" title=\"Star\" alt=\"Star\" src=\"https:\/\/www.2beauty.com.br\/blog\/images\/star.gif\" width=\"30\" height=\"30\" align=\"top\" border=\"0\" \/><img decoding=\"async\" style=\"width: 30px; height: 30px;\" title=\"Star\" alt=\"Star\" src=\"https:\/\/www.2beauty.com.br\/blog\/images\/star.gif\" width=\"30\" height=\"30\" align=\"top\" border=\"0\" \/><img decoding=\"async\" style=\"width: 30px; height: 30px;\" title=\"Star\" alt=\"Star\" src=\"https:\/\/www.2beauty.com.br\/blog\/images\/star.gif\" width=\"30\" height=\"30\" align=\"top\" border=\"0\" \/><img decoding=\"async\" style=\"width: 30px; height: 30px;\" title=\"Star\" alt=\"Star\" src=\"https:\/\/www.2beauty.com.br\/blog\/images\/star2.gif\" width=\"30\" height=\"30\" align=\"top\" border=\"0\" \/><\/p>\n<p style=\"text-align: center;\"><strong>4,1 estrelinhas<\/strong><\/p>\n<p>Se voc\u00ea est\u00e1 procurando por um l\u00e1pis MUITO preto e macio ou por um produto 2 em 1, o Duo P\u00e9rola Negra da Cole\u00e7\u00e3o Pausa Para Feminices para a Tracta \u00e9 \u00f3timo!<\/p>\n<p><strong>A descri\u00e7\u00e3o diz o seguinte:<\/strong><\/p>\n<blockquote><p>O l\u00e1pis P\u00e9rola Negra vem para facilitar sua vida e destacar o seu olhar. Com o lado bege voc\u00ea ilumina e com o lado preto voc\u00ea dramatiza a sua maquiagem. Ambos os lados s\u00e3o super pigmentados e fixam super na linha d&#8217;\u00e1gua. Tamb\u00e9m rola usar com base para sombra porque eles aderem e esfumam com facilidade.<\/p><\/blockquote>\n<p>Recebi da assessoria de imprensa, mas o Duo pode ser adquirido por <a href=\"https:\/\/tractashop.com.br\/blog-edicao-iii\/colecao-pausa-para-feminices\/duo-de-lapis-para-olhos-perola-negra\" target=\"_blank\">R$16,85 na loja virtual da Tracta<\/a>.<\/p>\n<p style=\"text-align: center;\"><strong><a href=\"https:\/\/www.2beauty.com.br\/blog\/wp-content\/uploads\/2014\/02\/lapis2.jpg\"><img loading=\"lazy\" decoding=\"async\" class=\"alignnone size-full wp-image-53073\" alt=\"lapis2\" src=\"https:\/\/www.2beauty.com.br\/blog\/wp-content\/uploads\/2014\/02\/lapis2.jpg\" width=\"620\" height=\"412\" srcset=\"https:\/\/www.2beauty.com.br\/blog\/wp-content\/uploads\/2014\/02\/lapis2.jpg 620w, https:\/\/www.2beauty.com.br\/blog\/wp-content\/uploads\/2014\/02\/lapis2-580x385.jpg 580w, https:\/\/www.2beauty.com.br\/blog\/wp-content\/uploads\/2014\/02\/lapis2-250x166.jpg 250w\" sizes=\"(max-width: 620px) 100vw, 620px\" \/><\/a><\/strong><\/p>\n<p style=\"text-align: center;\"><strong>Amostrinhas do lado preto e do lado bege do l\u00e1pis<\/strong><\/p>\n<p>A textura \u00e9 macia, mas o l\u00e1pis n\u00e3o se desfez ao apontar(a temperatura tem sido dos 20 e tantos aos 30 graus aqui no Sul).<\/p>\n<p>Tanto o bege quanto o preto deslizam com facilidade e pegam sem esfor\u00e7o na pele.<\/p>\n<blockquote><p>Os dois lados s\u00e3o muito pigmentados e eu amei que o preto \u00e9 BEM preto (tipo, MUITO preto) e que o bege \u00e9 de uma tonalidade que fica natural na linha d&#8217;\u00e1gua.<\/p><\/blockquote>\n<p style=\"text-align: center;\"><strong><a href=\"https:\/\/www.2beauty.com.br\/blog\/wp-content\/uploads\/2014\/02\/lapis3.jpg\"><img loading=\"lazy\" decoding=\"async\" class=\"alignnone size-full wp-image-53074\" alt=\"lapis3\" src=\"https:\/\/www.2beauty.com.br\/blog\/wp-content\/uploads\/2014\/02\/lapis3.jpg\" width=\"300\" height=\"250\" srcset=\"https:\/\/www.2beauty.com.br\/blog\/wp-content\/uploads\/2014\/02\/lapis3.jpg 300w, https:\/\/www.2beauty.com.br\/blog\/wp-content\/uploads\/2014\/02\/lapis3-250x208.jpg 250w\" sizes=\"(max-width: 300px) 100vw, 300px\" \/><\/a> <a href=\"https:\/\/www.2beauty.com.br\/blog\/wp-content\/uploads\/2014\/02\/lapis4.jpg\"><img loading=\"lazy\" decoding=\"async\" class=\"alignnone size-full wp-image-53075\" alt=\"lapis4\" src=\"https:\/\/www.2beauty.com.br\/blog\/wp-content\/uploads\/2014\/02\/lapis4.jpg\" width=\"300\" height=\"250\" srcset=\"https:\/\/www.2beauty.com.br\/blog\/wp-content\/uploads\/2014\/02\/lapis4.jpg 300w, https:\/\/www.2beauty.com.br\/blog\/wp-content\/uploads\/2014\/02\/lapis4-250x208.jpg 250w\" sizes=\"(max-width: 300px) 100vw, 300px\" \/><\/a><\/strong><\/p>\n<p style=\"text-align: center;\"><strong>Make \u00e0s 10h30min<\/strong><\/p>\n<p style=\"text-align: center;\"><strong><a href=\"https:\/\/www.2beauty.com.br\/blog\/wp-content\/uploads\/2014\/02\/lapis4.jpg\"><img loading=\"lazy\" decoding=\"async\" class=\"alignnone size-full wp-image-53075\" alt=\"lapis4\" src=\"https:\/\/www.2beauty.com.br\/blog\/wp-content\/uploads\/2014\/02\/lapis4.jpg\" width=\"300\" height=\"250\" srcset=\"https:\/\/www.2beauty.com.br\/blog\/wp-content\/uploads\/2014\/02\/lapis4.jpg 300w, https:\/\/www.2beauty.com.br\/blog\/wp-content\/uploads\/2014\/02\/lapis4-250x208.jpg 250w\" sizes=\"(max-width: 300px) 100vw, 300px\" \/><\/a> <a href=\"https:\/\/www.2beauty.com.br\/blog\/wp-content\/uploads\/2014\/02\/lapis5.jpg\"><img loading=\"lazy\" decoding=\"async\" class=\"alignnone size-full wp-image-53076\" alt=\"lapis5\" src=\"https:\/\/www.2beauty.com.br\/blog\/wp-content\/uploads\/2014\/02\/lapis5.jpg\" width=\"300\" height=\"250\" srcset=\"https:\/\/www.2beauty.com.br\/blog\/wp-content\/uploads\/2014\/02\/lapis5.jpg 300w, https:\/\/www.2beauty.com.br\/blog\/wp-content\/uploads\/2014\/02\/lapis5-250x208.jpg 250w\" sizes=\"(max-width: 300px) 100vw, 300px\" \/><\/a><\/strong><\/p>\n<p style=\"text-align: center;\"><strong>Antes e depois (quando come\u00e7ou a marcar, \u00e0s 13h)<\/strong><\/p>\n<p>Ele s\u00f3 n\u00e3o \u00e9 ideal, porque carimba a minha p\u00e1lpebra depois de poucas horas de uso.<\/p>\n<p>A minha pele \u00e9 bem oleosa nessa \u00e1rea e n\u00e3o \u00e9 todo l\u00e1pis que aguenta, infelizmente.<\/p>\n<p>O preto n\u00e3o chega a escorrer nem nada assim, mas come\u00e7a a marcar meu c\u00f4ncavo depois de umas duas horas.<\/p>\n<p>A descri\u00e7\u00e3o fala que as cores fixam super na linha d&#8217;\u00e1gua, mas eu achei que t\u00e1 mais pra ok do que pra super e que o lado o bege n\u00e3o resiste tanto quanto o preto.<\/p>\n<p>No geral, notei enfraquecimento consider\u00e1vel na linha d&#8217;\u00e1gua depois de tr\u00eas horas de uso.<\/p>\n<p><strong>Resumindo:<\/strong><\/p>\n<blockquote><p>Se n\u00e3o carimbasse, seria o l\u00e1pis perfeito. As duas cores s\u00e3o do tipo que todo mundo usa direto, a pigmenta\u00e7\u00e3o \u00e9 boa, a textura \u00e9 macia, o bege \u00e9 natural e o preto \u00e9 muuuuito preto.<\/p><\/blockquote>\n<p><span class=\"titresenha\">Detalhes da nota:<\/span><\/p>\n<div id=\"resenha\">\n<div class=\"notas\">Textura\/Aplica\u00e7\u00e3o: 5\/5<br \/>\nCobertura\/Pigmenta\u00e7\u00e3o: 5\/5<br \/>\nFixa\u00e7\u00e3o: 3\/5<br \/>\nPre\u00e7o: 5\/5<br \/>\nApresenta\u00e7\u00e3o: 3\/5<br \/>\nRela\u00e7\u00e3o Realidade x Descri\u00e7\u00e3o Oficial: 4\/5<br \/>\n<span class=\"media\">M\u00e9dia: 4,1<\/span><\/div>\n<p>Para visualizar a lista completa de crit\u00e9rios e notas, <a href=\"https:\/\/www.2beauty.com.br\/blog\/images\/avaliacao.gif\" target=\"_blank\">clique aqui<\/a>.<\/p>\n<\/div>\n","protected":false},"excerpt":{"rendered":"<p>4,1 estrelinhas Se voc\u00ea est\u00e1 procurando por um l\u00e1pis MUITO preto e macio ou por um produto 2 em 1, o Duo P\u00e9rola Negra da Cole\u00e7\u00e3o Pausa Para Feminices para a Tracta \u00e9 \u00f3timo! A descri\u00e7\u00e3o diz o seguinte: O l\u00e1pis P\u00e9rola Negra vem para facilitar sua vida e destacar o seu olhar. Com o lado bege voc\u00ea ilumina e com o lado preto voc\u00ea dramatiza a sua maquiagem. Ambos os lados s\u00e3o super pigmentados e fixam super na linha d&#8217;\u00e1gua. Tamb\u00e9m rola usar com base para sombra porque eles aderem e esfumam com facilidade. Recebi da assessoria de imprensa, mas o Duo pode ser adquirido por R$16,85 na loja virtual da Tracta. Amostrinhas do lado preto e do lado bege do l\u00e1pis A textura \u00e9 macia, mas o l\u00e1pis n\u00e3o se desfez ao apontar(a temperatura tem sido dos 20 e tantos aos 30 graus aqui no Sul). Tanto o bege quanto o preto deslizam com facilidade e pegam sem esfor\u00e7o na pele. Os dois lados s\u00e3o muito pigmentados e eu amei que o preto \u00e9 BEM preto (tipo, MUITO preto) e que o bege \u00e9 de uma tonalidade que fica natural na linha d&#8217;\u00e1gua. Make \u00e0s 10h30min Antes e depois (quando come\u00e7ou a marcar, \u00e0s 13h) Ele s\u00f3 n\u00e3o \u00e9 ideal, porque carimba a minha p\u00e1lpebra depois de poucas horas de uso. A minha pele \u00e9 bem oleosa nessa \u00e1rea e n\u00e3o \u00e9 todo l\u00e1pis que aguenta, infelizmente. O preto n\u00e3o chega a escorrer nem nada assim, mas come\u00e7a a marcar meu c\u00f4ncavo depois de umas duas horas. A descri\u00e7\u00e3o fala que as cores fixam super na linha d&#8217;\u00e1gua, mas eu achei que t\u00e1 mais pra ok do que pra super e que o lado o bege n\u00e3o resiste tanto quanto o preto. No geral, notei enfraquecimento consider\u00e1vel na linha d&#8217;\u00e1gua depois de tr\u00eas horas de uso. Resumindo: Se n\u00e3o carimbasse, seria o l\u00e1pis perfeito. As duas cores s\u00e3o do tipo que todo mundo usa direto, a pigmenta\u00e7\u00e3o \u00e9 boa, a textura \u00e9 macia, o bege \u00e9 natural e o preto \u00e9 muuuuito preto. Detalhes da nota: Textura\/Aplica\u00e7\u00e3o: 5\/5 Cobertura\/Pigmenta\u00e7\u00e3o: 5\/5 Fixa\u00e7\u00e3o: 3\/5 Pre\u00e7o: 5\/5 Apresenta\u00e7\u00e3o: 3\/5 Rela\u00e7\u00e3o Realidade x Descri\u00e7\u00e3o Oficial: 4\/5 M\u00e9dia: 4,1 Para visualizar a lista completa de crit\u00e9rios e notas, clique aqui.<\/p>\n","protected":false},"author":1,"featured_media":53072,"comment_status":"open","ping_status":"open","sticky":false,"template":"","format":"standard","meta":{"_uag_custom_page_level_css":"","footnotes":""},"categories":[84],"tags":[4119,4088,2719,4128,1794],"class_list":["post-53070","post","type-post","status-publish","format-standard","has-post-thumbnail","hentry","category-maquiagem","tag-delineador","tag-maquiagem","tag-pausa-para-feminices","tag-resenhas","tag-tracta"],"uagb_featured_image_src":{"full":["https:\/\/www.2beauty.com.br\/blog\/wp-content\/uploads\/2014\/02\/lapis1.jpg",620,932,false],"thumbnail":["https:\/\/www.2beauty.com.br\/blog\/wp-content\/uploads\/2014\/02\/lapis1-300x250.jpg",300,250,true],"medium":["https:\/\/www.2beauty.com.br\/blog\/wp-content\/uploads\/2014\/02\/lapis1-289x435.jpg",289,435,true],"medium_large":["https:\/\/www.2beauty.com.br\/blog\/wp-content\/uploads\/2014\/02\/lapis1.jpg",620,932,false],"large":["https:\/\/www.2beauty.com.br\/blog\/wp-content\/uploads\/2014\/02\/lapis1-620x932.jpg",620,932,true],"1536x1536":["https:\/\/www.2beauty.com.br\/blog\/wp-content\/uploads\/2014\/02\/lapis1.jpg",620,932,false],"2048x2048":["https:\/\/www.2beauty.com.br\/blog\/wp-content\/uploads\/2014\/02\/lapis1.jpg",620,932,false],"ashe-slider-grid-thumbnail":["https:\/\/www.2beauty.com.br\/blog\/wp-content\/uploads\/2014\/02\/lapis1.jpg",359,540,false],"ashe-full-thumbnail":["https:\/\/www.2beauty.com.br\/blog\/wp-content\/uploads\/2014\/02\/lapis1.jpg",620,932,false],"ashe-grid-thumbnail":["https:\/\/www.2beauty.com.br\/blog\/wp-content\/uploads\/2014\/02\/lapis1.jpg",220,330,false],"ashe-list-thumbnail":["https:\/\/www.2beauty.com.br\/blog\/wp-content\/uploads\/2014\/02\/lapis1.jpg",200,300,false],"ashe-single-navigation":["https:\/\/www.2beauty.com.br\/blog\/wp-content\/uploads\/2014\/02\/lapis1.jpg",50,75,false]},"uagb_author_info":{"display_name":"Marina Smith","author_link":"https:\/\/www.2beauty.com.br\/blog\/author\/marinasmith\/"},"uagb_comment_info":25,"uagb_excerpt":"4,1 estrelinhas Se voc\u00ea est\u00e1 procurando por um l\u00e1pis MUITO preto e macio ou por um produto 2 em 1, o Duo P\u00e9rola Negra da Cole\u00e7\u00e3o Pausa Para Feminices para a Tracta \u00e9 \u00f3timo! A descri\u00e7\u00e3o diz o seguinte: O l\u00e1pis P\u00e9rola Negra vem para facilitar sua vida e destacar o seu olhar. Com o&hellip;","acf":[],"_links":{"self":[{"href":"https:\/\/www.2beauty.com.br\/blog\/wp-json\/wp\/v2\/posts\/53070","targetHints":{"allow":["GET"]}}],"collection":[{"href":"https:\/\/www.2beauty.com.br\/blog\/wp-json\/wp\/v2\/posts"}],"about":[{"href":"https:\/\/www.2beauty.com.br\/blog\/wp-json\/wp\/v2\/types\/post"}],"author":[{"embeddable":true,"href":"https:\/\/www.2beauty.com.br\/blog\/wp-json\/wp\/v2\/users\/1"}],"replies":[{"embeddable":true,"href":"https:\/\/www.2beauty.com.br\/blog\/wp-json\/wp\/v2\/comments?post=53070"}],"version-history":[{"count":0,"href":"https:\/\/www.2beauty.com.br\/blog\/wp-json\/wp\/v2\/posts\/53070\/revisions"}],"wp:featuredmedia":[{"embeddable":true,"href":"https:\/\/www.2beauty.com.br\/blog\/wp-json\/wp\/v2\/media\/53072"}],"wp:attachment":[{"href":"https:\/\/www.2beauty.com.br\/blog\/wp-json\/wp\/v2\/media?parent=53070"}],"wp:term":[{"taxonomy":"category","embeddable":true,"href":"https:\/\/www.2beauty.com.br\/blog\/wp-json\/wp\/v2\/categories?post=53070"},{"taxonomy":"post_tag","embeddable":true,"href":"https:\/\/www.2beauty.com.br\/blog\/wp-json\/wp\/v2\/tags?post=53070"}],"curies":[{"name":"wp","href":"https:\/\/api.w.org\/{rel}","templated":true}]}}