{"id":52766,"date":"2014-02-06T11:59:06","date_gmt":"2014-02-06T13:59:06","guid":{"rendered":"https:\/\/www.2beauty.com.br\/blog\/?p=52766"},"modified":"2019-02-15T16:11:10","modified_gmt":"2019-02-15T18:11:10","slug":"ap-decoracao-antes-e-depois-do-papel-de-parede","status":"publish","type":"post","link":"https:\/\/www.2beauty.com.br\/blog\/2014\/02\/ap-decoracao-antes-e-depois-do-papel-de-parede\/","title":{"rendered":"Ap &#038; Decora\u00e7\u00e3o: Antes e depois do papel de parede"},"content":{"rendered":"<p>Depois de esperar um temp\u00e3o para receber os modelinhos de papel de parede para a sala, closet e escrit\u00f3rio, ontem foi o dia de finalmente instalar tudo.<\/p>\n<p>A Jaqueline me indicou um pessoal \u00f3timo e se voc\u00ea \u00e9 de Porto Alegre e precisa de instaladores, \u00e9 s\u00f3 avisar que eu passo o contanto pelos coment\u00e1rios.<\/p>\n<p>Vamos ao que interessa&#8230;<\/p>\n<p><strong>Lembra como era a sala?<\/strong><\/p>\n<p style=\"text-align: center;\"><strong><a href=\"https:\/\/www.2beauty.com.br\/blog\/wp-content\/uploads\/2014\/02\/salaantes1.jpg\"><img fetchpriority=\"high\" decoding=\"async\" class=\"alignnone size-full wp-image-52775\" alt=\"_salaantes1\" src=\"https:\/\/www.2beauty.com.br\/blog\/wp-content\/uploads\/2014\/02\/salaantes1.jpg\" width=\"580\" height=\"872\" srcset=\"https:\/\/www.2beauty.com.br\/blog\/wp-content\/uploads\/2014\/02\/salaantes1.jpg 580w, https:\/\/www.2beauty.com.br\/blog\/wp-content\/uploads\/2014\/02\/salaantes1-289x435.jpg 289w, https:\/\/www.2beauty.com.br\/blog\/wp-content\/uploads\/2014\/02\/salaantes1-250x375.jpg 250w\" sizes=\"(max-width: 580px) 100vw, 580px\" \/><\/a><\/strong><\/p>\n<p style=\"text-align: center;\"><strong><a href=\"https:\/\/www.2beauty.com.br\/blog\/wp-content\/uploads\/2014\/02\/salaantes2.jpg\"><img decoding=\"async\" class=\"alignnone size-full wp-image-52776\" alt=\"_salaantes2\" src=\"https:\/\/www.2beauty.com.br\/blog\/wp-content\/uploads\/2014\/02\/salaantes2.jpg\" width=\"580\" height=\"386\" srcset=\"https:\/\/www.2beauty.com.br\/blog\/wp-content\/uploads\/2014\/02\/salaantes2.jpg 580w, https:\/\/www.2beauty.com.br\/blog\/wp-content\/uploads\/2014\/02\/salaantes2-250x166.jpg 250w\" sizes=\"(max-width: 580px) 100vw, 580px\" \/><\/a><\/strong><\/p>\n<p style=\"text-align: center;\"><strong>Sala antes<br \/>\n<\/strong><\/p>\n<p>Ap\u00f3s 3 anos morando aqui, enjoei da parede marrom.<\/p>\n<p>A cor escurinha deixava a sala muito aconchegante, mas n\u00e3o fazia muita coisa pela ilumina\u00e7\u00e3o natural vinda das janelas.<\/p>\n<p>H\u00e1 tempos queria colocar papel de parede mais claro e com textura.<\/p>\n<p>Acabei escolhendo o <strong>modelo Cole\u00e7\u00e3o Harmonia 9113<\/strong>. Ele foi instalado sobre as duas paredes marrons da sala e em uma das paredes do corredor que vai pros quartos.<\/p>\n<p><strong>Ainda falta instalar um quadro lindo e enorme que comprei para a sala e forrar as cadeiras da sala de jantar, mas de resto, tudo pronto:<\/strong><\/p>\n<p style=\"text-align: center;\"><strong><a href=\"https:\/\/www.2beauty.com.br\/blog\/wp-content\/uploads\/2014\/02\/sala2.jpg\"><img decoding=\"async\" class=\"alignnone size-full wp-image-52768\" alt=\"_sala2\" src=\"https:\/\/www.2beauty.com.br\/blog\/wp-content\/uploads\/2014\/02\/sala2.jpg\" width=\"620\" height=\"412\" srcset=\"https:\/\/www.2beauty.com.br\/blog\/wp-content\/uploads\/2014\/02\/sala2.jpg 620w, https:\/\/www.2beauty.com.br\/blog\/wp-content\/uploads\/2014\/02\/sala2-580x385.jpg 580w, https:\/\/www.2beauty.com.br\/blog\/wp-content\/uploads\/2014\/02\/sala2-250x166.jpg 250w\" sizes=\"(max-width: 620px) 100vw, 620px\" \/><\/a><\/strong><\/p>\n<p style=\"text-align: center;\"><strong><a href=\"https:\/\/www.2beauty.com.br\/blog\/wp-content\/uploads\/2014\/02\/sala3.jpg\"><img loading=\"lazy\" decoding=\"async\" class=\"alignnone size-full wp-image-52769\" alt=\"_sala3\" src=\"https:\/\/www.2beauty.com.br\/blog\/wp-content\/uploads\/2014\/02\/sala3.jpg\" width=\"620\" height=\"932\" srcset=\"https:\/\/www.2beauty.com.br\/blog\/wp-content\/uploads\/2014\/02\/sala3.jpg 620w, https:\/\/www.2beauty.com.br\/blog\/wp-content\/uploads\/2014\/02\/sala3-289x435.jpg 289w, https:\/\/www.2beauty.com.br\/blog\/wp-content\/uploads\/2014\/02\/sala3-250x375.jpg 250w\" sizes=\"(max-width: 620px) 100vw, 620px\" \/><\/a><\/strong><\/p>\n<p style=\"text-align: center;\"><strong>Sala depois<br \/>\n<\/strong><\/p>\n<p>Al\u00e9m do papel de parede, troquei as almofadas, adicionei enfeites novos e algumas flores artificiais.<\/p>\n<blockquote><p>Trouxe uma mesinha com gavetas que estava no escrit\u00f3rio para usar como mesa lateral na sala. O tamanho ficou \u00f3timo e as listras do tecido das gavetas combinou direitinho com o resto da decora\u00e7\u00e3o.<\/p><\/blockquote>\n<p>O pufe que ficava no lugar da mesa lateral foi para o centro da sala.<\/p>\n<p>Tanto a mesinha lateral importada do escrit\u00f3rio quanto o pufe fazendo o papel de mesa de centro foram uma solu\u00e7\u00e3o de \u00faltima hora para o problema da <strong>minha mesa de vidro que quebrou durante a reforma<\/strong> :(<\/p>\n<p><!--more--><\/p>\n<p style=\"text-align: center;\"><strong><a href=\"https:\/\/www.2beauty.com.br\/blog\/wp-content\/uploads\/2014\/02\/sala4.jpg\"><img loading=\"lazy\" decoding=\"async\" class=\"alignnone size-full wp-image-52770\" alt=\"_sala4\" src=\"https:\/\/www.2beauty.com.br\/blog\/wp-content\/uploads\/2014\/02\/sala4.jpg\" width=\"620\" height=\"412\" srcset=\"https:\/\/www.2beauty.com.br\/blog\/wp-content\/uploads\/2014\/02\/sala4.jpg 620w, https:\/\/www.2beauty.com.br\/blog\/wp-content\/uploads\/2014\/02\/sala4-580x385.jpg 580w, https:\/\/www.2beauty.com.br\/blog\/wp-content\/uploads\/2014\/02\/sala4-250x166.jpg 250w\" sizes=\"(max-width: 620px) 100vw, 620px\" \/><\/a><\/strong><\/p>\n<p style=\"text-align: center;\"><strong><a href=\"https:\/\/www.2beauty.com.br\/blog\/wp-content\/uploads\/2014\/02\/sala1.jpg\"><img loading=\"lazy\" decoding=\"async\" alt=\"_sala1\" src=\"https:\/\/www.2beauty.com.br\/blog\/wp-content\/uploads\/2014\/02\/sala1.jpg\" width=\"620\" height=\"412\" \/><\/a><\/strong><\/p>\n<p style=\"text-align: center;\"><strong><a href=\"https:\/\/www.2beauty.com.br\/blog\/wp-content\/uploads\/2014\/02\/sala5.jpg\"><img loading=\"lazy\" decoding=\"async\" class=\"alignnone size-full wp-image-52771\" alt=\"_sala5\" src=\"https:\/\/www.2beauty.com.br\/blog\/wp-content\/uploads\/2014\/02\/sala5.jpg\" width=\"620\" height=\"932\" srcset=\"https:\/\/www.2beauty.com.br\/blog\/wp-content\/uploads\/2014\/02\/sala5.jpg 620w, https:\/\/www.2beauty.com.br\/blog\/wp-content\/uploads\/2014\/02\/sala5-289x435.jpg 289w, https:\/\/www.2beauty.com.br\/blog\/wp-content\/uploads\/2014\/02\/sala5-250x375.jpg 250w\" sizes=\"(max-width: 620px) 100vw, 620px\" \/><\/a><\/strong><\/p>\n<p style=\"text-align: center;\"><strong>Sala depois<br \/>\n<\/strong><\/p>\n<p>As almofadas s\u00e3o todas da Tok &amp; Stok, exceto pelos modelinhos em verde. Estes s\u00e3o do supermercado Zaffari.<\/p>\n<p>As flores artificiais e vasos s\u00e3o mistura de coisas que encontrei na Camicado e na Tok &amp; Stok.<\/p>\n<p>Os enfeites sobre o pufe s\u00e3o da loja Lumina.<\/p>\n<p style=\"text-align: center;\"><strong><a href=\"https:\/\/www.2beauty.com.br\/blog\/wp-content\/uploads\/2014\/02\/sala6.jpg\"><img loading=\"lazy\" decoding=\"async\" class=\"alignnone size-full wp-image-52772\" alt=\"_sala6\" src=\"https:\/\/www.2beauty.com.br\/blog\/wp-content\/uploads\/2014\/02\/sala6.jpg\" width=\"620\" height=\"932\" srcset=\"https:\/\/www.2beauty.com.br\/blog\/wp-content\/uploads\/2014\/02\/sala6.jpg 620w, https:\/\/www.2beauty.com.br\/blog\/wp-content\/uploads\/2014\/02\/sala6-289x435.jpg 289w, https:\/\/www.2beauty.com.br\/blog\/wp-content\/uploads\/2014\/02\/sala6-250x375.jpg 250w\" sizes=\"(max-width: 620px) 100vw, 620px\" \/><\/a><\/strong><\/p>\n<p style=\"text-align: center;\"><strong><a href=\"https:\/\/www.2beauty.com.br\/blog\/wp-content\/uploads\/2014\/02\/sala7.jpg\"><img loading=\"lazy\" decoding=\"async\" class=\"alignnone size-full wp-image-52773\" alt=\"_sala7\" src=\"https:\/\/www.2beauty.com.br\/blog\/wp-content\/uploads\/2014\/02\/sala7.jpg\" width=\"620\" height=\"412\" srcset=\"https:\/\/www.2beauty.com.br\/blog\/wp-content\/uploads\/2014\/02\/sala7.jpg 620w, https:\/\/www.2beauty.com.br\/blog\/wp-content\/uploads\/2014\/02\/sala7-580x385.jpg 580w, https:\/\/www.2beauty.com.br\/blog\/wp-content\/uploads\/2014\/02\/sala7-250x166.jpg 250w\" sizes=\"(max-width: 620px) 100vw, 620px\" \/><\/a><\/strong><\/p>\n<p style=\"text-align: center;\"><strong><a href=\"https:\/\/www.2beauty.com.br\/blog\/wp-content\/uploads\/2014\/02\/sala8.jpg\"><img loading=\"lazy\" decoding=\"async\" class=\"alignnone size-full wp-image-52774\" alt=\"_sala8\" src=\"https:\/\/www.2beauty.com.br\/blog\/wp-content\/uploads\/2014\/02\/sala8.jpg\" width=\"620\" height=\"412\" srcset=\"https:\/\/www.2beauty.com.br\/blog\/wp-content\/uploads\/2014\/02\/sala8.jpg 620w, https:\/\/www.2beauty.com.br\/blog\/wp-content\/uploads\/2014\/02\/sala8-580x385.jpg 580w, https:\/\/www.2beauty.com.br\/blog\/wp-content\/uploads\/2014\/02\/sala8-250x166.jpg 250w\" sizes=\"(max-width: 620px) 100vw, 620px\" \/><\/a><\/strong><\/p>\n<p style=\"text-align: center;\"><strong>Sala depois<br \/>\n<\/strong><\/p>\n<p>A obra de ferro na churrasqueira e o vaso grand\u00e3o e arredondado s\u00e3o da loja Lumina.<\/p>\n<p>Troquei a poltrona do escrit\u00f3rio por uma cadeira mais confort\u00e1vel, ent\u00e3o a antiga poltrona foi parar na cabeceira da mesa de jantar.<\/p>\n<blockquote><p>Estou pensando em forrar apenas ela com um tecido estampado e colorido ao inv\u00e9s de forrar todas. Acho que daria o toque de cor que falta \u00e0 mesa e por um valor mais acess\u00edvel, n\u00e9?<\/p><\/blockquote>\n<p style=\"text-align: center;\"><strong><a href=\"https:\/\/www.2beauty.com.br\/blog\/wp-content\/uploads\/2014\/02\/closetantes.jpg\"><img loading=\"lazy\" decoding=\"async\" class=\"alignnone size-full wp-image-52780\" alt=\"_closetantes\" src=\"https:\/\/www.2beauty.com.br\/blog\/wp-content\/uploads\/2014\/02\/closetantes.jpg\" width=\"620\" height=\"932\" srcset=\"https:\/\/www.2beauty.com.br\/blog\/wp-content\/uploads\/2014\/02\/closetantes.jpg 620w, https:\/\/www.2beauty.com.br\/blog\/wp-content\/uploads\/2014\/02\/closetantes-289x435.jpg 289w, https:\/\/www.2beauty.com.br\/blog\/wp-content\/uploads\/2014\/02\/closetantes-250x375.jpg 250w\" sizes=\"(max-width: 620px) 100vw, 620px\" \/><\/a><\/strong><\/p>\n<p style=\"text-align: center;\"><strong>Closet antes<br \/>\n<\/strong><\/p>\n<p>Sempre amei o closet todo branquinho, porque o c\u00f4modo \u00e9 pequeno, mas faltava adicionar alguns extras para completar o espa\u00e7o.<\/p>\n<p>Comprei um tapete redondo felpudo para o centro do closet e cortinas levinhas para vestir a janela.<\/p>\n<blockquote><p>A parede do espelho estava cheia de marcas e eu estava louca para pintar, mas como j\u00e1 havia planejado o papel de parede pro resto da casa, resolvi escolher um modelo para esse c\u00f4modo tamb\u00e9m.<\/p><\/blockquote>\n<p style=\"text-align: center;\"><strong><a href=\"https:\/\/www.2beauty.com.br\/blog\/wp-content\/uploads\/2014\/02\/closet2.jpg\"><img loading=\"lazy\" decoding=\"async\" class=\"alignnone size-full wp-image-52778\" alt=\"_closet2\" src=\"https:\/\/www.2beauty.com.br\/blog\/wp-content\/uploads\/2014\/02\/closet2.jpg\" width=\"620\" height=\"932\" srcset=\"https:\/\/www.2beauty.com.br\/blog\/wp-content\/uploads\/2014\/02\/closet2.jpg 620w, https:\/\/www.2beauty.com.br\/blog\/wp-content\/uploads\/2014\/02\/closet2-289x435.jpg 289w, https:\/\/www.2beauty.com.br\/blog\/wp-content\/uploads\/2014\/02\/closet2-250x375.jpg 250w\" sizes=\"(max-width: 620px) 100vw, 620px\" \/><\/a><\/strong><\/p>\n<p style=\"text-align: center;\"><strong><a href=\"https:\/\/www.2beauty.com.br\/blog\/wp-content\/uploads\/2014\/02\/closet3.jpg\"><img loading=\"lazy\" decoding=\"async\" class=\"alignnone size-full wp-image-52779\" alt=\"_closet3\" src=\"https:\/\/www.2beauty.com.br\/blog\/wp-content\/uploads\/2014\/02\/closet3.jpg\" width=\"620\" height=\"412\" srcset=\"https:\/\/www.2beauty.com.br\/blog\/wp-content\/uploads\/2014\/02\/closet3.jpg 620w, https:\/\/www.2beauty.com.br\/blog\/wp-content\/uploads\/2014\/02\/closet3-580x385.jpg 580w, https:\/\/www.2beauty.com.br\/blog\/wp-content\/uploads\/2014\/02\/closet3-250x166.jpg 250w\" sizes=\"(max-width: 620px) 100vw, 620px\" \/><\/a><\/strong><\/p>\n<p style=\"text-align: center;\"><strong><a href=\"https:\/\/www.2beauty.com.br\/blog\/wp-content\/uploads\/2014\/02\/closet1.jpg\"><img loading=\"lazy\" decoding=\"async\" class=\"alignnone size-full wp-image-52785\" alt=\"_closet1\" src=\"https:\/\/www.2beauty.com.br\/blog\/wp-content\/uploads\/2014\/02\/closet1.jpg\" width=\"620\" height=\"932\" srcset=\"https:\/\/www.2beauty.com.br\/blog\/wp-content\/uploads\/2014\/02\/closet1.jpg 620w, https:\/\/www.2beauty.com.br\/blog\/wp-content\/uploads\/2014\/02\/closet1-289x435.jpg 289w, https:\/\/www.2beauty.com.br\/blog\/wp-content\/uploads\/2014\/02\/closet1-250x375.jpg 250w\" sizes=\"(max-width: 620px) 100vw, 620px\" \/><\/a><\/strong><\/p>\n<p style=\"text-align: center;\"><strong>Closet depois<br \/>\n<\/strong><\/p>\n<p>O papel de parede \u00e9 o <strong>modelo \u00e9 Georgetown Design&#8217;s p\u00e1gina 41<\/strong> e as fotos n\u00e3o fazem justi\u00e7a, porque ele \u00e9 muito lindo ao vivo.<\/p>\n<p>Dependendo de como bate a luz, a estampa vai do prata ao dourado clarinho\/champagne.<\/p>\n<p>O tapete \u00e9 da loja Jade Tape\u00e7aria e as cortinas s\u00e3o da Exclusive Decora\u00e7\u00f5es, ambas da Zona Sul de Porto Alegre :)<\/p>\n<p style=\"text-align: center;\"><strong><a href=\"https:\/\/www.2beauty.com.br\/blog\/wp-content\/uploads\/2014\/02\/homeofficeantes1.jpg\"><img loading=\"lazy\" decoding=\"async\" class=\"alignnone size-full wp-image-52784\" alt=\"_homeofficeantes1\" src=\"https:\/\/www.2beauty.com.br\/blog\/wp-content\/uploads\/2014\/02\/homeofficeantes1.jpg\" width=\"580\" height=\"386\" srcset=\"https:\/\/www.2beauty.com.br\/blog\/wp-content\/uploads\/2014\/02\/homeofficeantes1.jpg 580w, https:\/\/www.2beauty.com.br\/blog\/wp-content\/uploads\/2014\/02\/homeofficeantes1-250x166.jpg 250w\" sizes=\"(max-width: 580px) 100vw, 580px\" \/><\/a><\/strong><\/p>\n<p style=\"text-align: center;\"><strong>Escrit\u00f3rio\/quarto de h\u00f3spedes antes<br \/>\n<\/strong><\/p>\n<p>O escrit\u00f3rio foi montado com pressa no in\u00edcio do ano passado e h\u00e1 tempos que eu sinto falta de mais algumas gavetas, prateleiras e um arm\u00e1rio para organizar as minhas coisas.<\/p>\n<p>Como eu passo muito tempo nesse c\u00f4modo todos os dias, ele precisa ser agrad\u00e1vel aos olhos al\u00e9m de ser confort\u00e1vel e funcional.<\/p>\n<blockquote><p>Acabei optando por um papel de parede com estampa e mandei fazer um arm\u00e1rio com porta de espelho e algumas prateleiras para ocupar a parede ao lado da mesa do computador.<\/p><\/blockquote>\n<p><strong>Segunda-feira \u00e9 o dia da instala\u00e7\u00e3o dos m\u00f3veis, ent\u00e3o aguardem por mais updates no escrit\u00f3rio.<\/strong><\/p>\n<p style=\"text-align: center;\"><strong><a href=\"https:\/\/www.2beauty.com.br\/blog\/wp-content\/uploads\/2014\/02\/homeoffice2.jpg\"><img loading=\"lazy\" decoding=\"async\" class=\"alignnone size-full wp-image-52782\" alt=\"_homeoffice2\" src=\"https:\/\/www.2beauty.com.br\/blog\/wp-content\/uploads\/2014\/02\/homeoffice2.jpg\" width=\"620\" height=\"412\" srcset=\"https:\/\/www.2beauty.com.br\/blog\/wp-content\/uploads\/2014\/02\/homeoffice2.jpg 620w, https:\/\/www.2beauty.com.br\/blog\/wp-content\/uploads\/2014\/02\/homeoffice2-580x385.jpg 580w, https:\/\/www.2beauty.com.br\/blog\/wp-content\/uploads\/2014\/02\/homeoffice2-250x166.jpg 250w\" sizes=\"(max-width: 620px) 100vw, 620px\" \/><\/a><\/strong><\/p>\n<p style=\"text-align: center;\"><strong><a href=\"https:\/\/www.2beauty.com.br\/blog\/wp-content\/uploads\/2014\/02\/homeoffice1.jpg\"><img loading=\"lazy\" decoding=\"async\" class=\"alignnone size-full wp-image-52781\" alt=\"_homeoffice1\" src=\"https:\/\/www.2beauty.com.br\/blog\/wp-content\/uploads\/2014\/02\/homeoffice1.jpg\" width=\"620\" height=\"932\" srcset=\"https:\/\/www.2beauty.com.br\/blog\/wp-content\/uploads\/2014\/02\/homeoffice1.jpg 620w, https:\/\/www.2beauty.com.br\/blog\/wp-content\/uploads\/2014\/02\/homeoffice1-289x435.jpg 289w, https:\/\/www.2beauty.com.br\/blog\/wp-content\/uploads\/2014\/02\/homeoffice1-250x375.jpg 250w\" sizes=\"(max-width: 620px) 100vw, 620px\" \/><\/a><\/strong><\/p>\n<p style=\"text-align: center;\"><strong><a href=\"https:\/\/www.2beauty.com.br\/blog\/wp-content\/uploads\/2014\/02\/homeoffice3.jpg\"><img loading=\"lazy\" decoding=\"async\" class=\"alignnone size-full wp-image-52783\" alt=\"_homeoffice3\" src=\"https:\/\/www.2beauty.com.br\/blog\/wp-content\/uploads\/2014\/02\/homeoffice3.jpg\" width=\"620\" height=\"932\" srcset=\"https:\/\/www.2beauty.com.br\/blog\/wp-content\/uploads\/2014\/02\/homeoffice3.jpg 620w, https:\/\/www.2beauty.com.br\/blog\/wp-content\/uploads\/2014\/02\/homeoffice3-289x435.jpg 289w, https:\/\/www.2beauty.com.br\/blog\/wp-content\/uploads\/2014\/02\/homeoffice3-250x375.jpg 250w\" sizes=\"(max-width: 620px) 100vw, 620px\" \/><\/a><\/strong><\/p>\n<p style=\"text-align: center;\"><strong><strong>Escrit\u00f3rio\/quarto de h\u00f3spedes depois<br \/>\n<\/strong><\/strong><\/p>\n<p>N\u00e3o posso pendurar nada por 72 horas ap\u00f3s a instala\u00e7\u00e3o do papel, ent\u00e3o faltam quadros nessa parede (s\u00e3o 4 ao todo).<\/p>\n<p>O jogo de cama n\u00e3o \u00e9 o ideal\/final.<\/p>\n<p>\u00c9 o mesmo da foto de antes, s\u00f3 que do lado contr\u00e1rio hehehe<\/p>\n<p>Minha id\u00e9ia \u00e9 comprar edredom ou colcha em tom neutro (talvez com listras) e adicionar uma por\u00e7\u00e3o de almofadas coloridas em rosa, amarelo e roxo.<\/p>\n<p><strong>O papel de parede \u00e9 modelo Harmonia 9104 e a mesa de canto amarela \u00e9 da loja Novo Mil\u00eanio.<\/strong><\/p>\n<blockquote><p>Os quadros da parede de &#8220;galeria&#8221; s\u00e3o uma mistura de gravuras que eu j\u00e1 tinha e que foram penduradas com molduras Tok &amp; Stok, quadrinhos da Lumina e Jaded Tape\u00e7aria (sim, eles tamb\u00e9m tem quadros) e espelho Wallstreet Posters.<\/p><\/blockquote>\n<p>A tinta \u00e9 Tapete de Juta das tintas Suvinil e as cortinas s\u00e3o da Exclusive Decora\u00e7\u00f5es.<\/p>\n","protected":false},"excerpt":{"rendered":"<p>Depois de esperar um temp\u00e3o para receber os modelinhos de papel de parede para a sala, closet e escrit\u00f3rio, ontem foi o dia de finalmente instalar tudo. A Jaqueline me indicou um pessoal \u00f3timo e se voc\u00ea \u00e9 de Porto Alegre e precisa de instaladores, \u00e9 s\u00f3 avisar que eu passo o contanto pelos coment\u00e1rios. Vamos ao que interessa&#8230; Lembra como era a sala? Sala antes Ap\u00f3s 3 anos morando aqui, enjoei da parede marrom. A cor escurinha deixava a sala muito aconchegante, mas n\u00e3o fazia muita coisa pela ilumina\u00e7\u00e3o natural vinda das janelas. H\u00e1 tempos queria colocar papel de parede mais claro e com textura. Acabei escolhendo o modelo Cole\u00e7\u00e3o Harmonia 9113. Ele foi instalado sobre as duas paredes marrons da sala e em uma das paredes do corredor que vai pros quartos. Ainda falta instalar um quadro lindo e enorme que comprei para a sala e forrar as cadeiras da sala de jantar, mas de resto, tudo pronto: Sala depois Al\u00e9m do papel de parede, troquei as almofadas, adicionei enfeites novos e algumas flores artificiais. Trouxe uma mesinha com gavetas que estava no escrit\u00f3rio para usar como mesa lateral na sala. O tamanho ficou \u00f3timo e as listras do tecido das gavetas combinou direitinho com o resto da decora\u00e7\u00e3o. O pufe que ficava no lugar da mesa lateral foi para o centro da sala. Tanto a mesinha lateral importada do escrit\u00f3rio quanto o pufe fazendo o papel de mesa de centro foram uma solu\u00e7\u00e3o de \u00faltima hora para o problema da minha mesa de vidro que quebrou durante a reforma :(<\/p>\n","protected":false},"author":1,"featured_media":52767,"comment_status":"open","ping_status":"open","sticky":false,"template":"","format":"standard","meta":{"_uag_custom_page_level_css":"","footnotes":""},"categories":[1766],"tags":[3040,3599],"class_list":["post-52766","post","type-post","status-publish","format-standard","has-post-thumbnail","hentry","category-ap","tag-ap-decoracao","tag-papel-de-parede"],"uagb_featured_image_src":{"full":["https:\/\/www.2beauty.com.br\/blog\/wp-content\/uploads\/2014\/02\/sala1.jpg",620,412,false],"thumbnail":["https:\/\/www.2beauty.com.br\/blog\/wp-content\/uploads\/2014\/02\/sala1-300x250.jpg",300,250,true],"medium":["https:\/\/www.2beauty.com.br\/blog\/wp-content\/uploads\/2014\/02\/sala1-580x385.jpg",580,385,true],"medium_large":["https:\/\/www.2beauty.com.br\/blog\/wp-content\/uploads\/2014\/02\/sala1.jpg",620,412,false],"large":["https:\/\/www.2beauty.com.br\/blog\/wp-content\/uploads\/2014\/02\/sala1-620x412.jpg",620,412,true],"1536x1536":["https:\/\/www.2beauty.com.br\/blog\/wp-content\/uploads\/2014\/02\/sala1.jpg",620,412,false],"2048x2048":["https:\/\/www.2beauty.com.br\/blog\/wp-content\/uploads\/2014\/02\/sala1.jpg",620,412,false],"ashe-slider-grid-thumbnail":["https:\/\/www.2beauty.com.br\/blog\/wp-content\/uploads\/2014\/02\/sala1.jpg",620,412,false],"ashe-full-thumbnail":["https:\/\/www.2beauty.com.br\/blog\/wp-content\/uploads\/2014\/02\/sala1.jpg",620,412,false],"ashe-grid-thumbnail":["https:\/\/www.2beauty.com.br\/blog\/wp-content\/uploads\/2014\/02\/sala1.jpg",497,330,false],"ashe-list-thumbnail":["https:\/\/www.2beauty.com.br\/blog\/wp-content\/uploads\/2014\/02\/sala1.jpg",300,199,false],"ashe-single-navigation":["https:\/\/www.2beauty.com.br\/blog\/wp-content\/uploads\/2014\/02\/sala1.jpg",75,50,false]},"uagb_author_info":{"display_name":"Marina Smith","author_link":"https:\/\/www.2beauty.com.br\/blog\/author\/marinasmith\/"},"uagb_comment_info":111,"uagb_excerpt":"Depois de esperar um temp\u00e3o para receber os modelinhos de papel de parede para a sala, closet e escrit\u00f3rio, ontem foi o dia de finalmente instalar tudo. A Jaqueline me indicou um pessoal \u00f3timo e se voc\u00ea \u00e9 de Porto Alegre e precisa de instaladores, \u00e9 s\u00f3 avisar que eu passo o contanto pelos coment\u00e1rios.&hellip;","acf":[],"_links":{"self":[{"href":"https:\/\/www.2beauty.com.br\/blog\/wp-json\/wp\/v2\/posts\/52766","targetHints":{"allow":["GET"]}}],"collection":[{"href":"https:\/\/www.2beauty.com.br\/blog\/wp-json\/wp\/v2\/posts"}],"about":[{"href":"https:\/\/www.2beauty.com.br\/blog\/wp-json\/wp\/v2\/types\/post"}],"author":[{"embeddable":true,"href":"https:\/\/www.2beauty.com.br\/blog\/wp-json\/wp\/v2\/users\/1"}],"replies":[{"embeddable":true,"href":"https:\/\/www.2beauty.com.br\/blog\/wp-json\/wp\/v2\/comments?post=52766"}],"version-history":[{"count":0,"href":"https:\/\/www.2beauty.com.br\/blog\/wp-json\/wp\/v2\/posts\/52766\/revisions"}],"wp:featuredmedia":[{"embeddable":true,"href":"https:\/\/www.2beauty.com.br\/blog\/wp-json\/wp\/v2\/media\/52767"}],"wp:attachment":[{"href":"https:\/\/www.2beauty.com.br\/blog\/wp-json\/wp\/v2\/media?parent=52766"}],"wp:term":[{"taxonomy":"category","embeddable":true,"href":"https:\/\/www.2beauty.com.br\/blog\/wp-json\/wp\/v2\/categories?post=52766"},{"taxonomy":"post_tag","embeddable":true,"href":"https:\/\/www.2beauty.com.br\/blog\/wp-json\/wp\/v2\/tags?post=52766"}],"curies":[{"name":"wp","href":"https:\/\/api.w.org\/{rel}","templated":true}]}}