{"id":5216,"date":"2009-07-03T14:02:16","date_gmt":"2009-07-03T16:02:16","guid":{"rendered":"https:\/\/www.2beauty.com.br\/blog\/?p=5216"},"modified":"2019-02-15T16:13:31","modified_gmt":"2019-02-15T18:13:31","slug":"avon-super-shock-x-givenchy-phenomeneyes","status":"publish","type":"post","link":"https:\/\/www.2beauty.com.br\/blog\/2009\/07\/avon-super-shock-x-givenchy-phenomeneyes\/","title":{"rendered":"Avon Super Shock x Givenchy Phenomen&#8217;Eyes"},"content":{"rendered":"<p>Os itens mais pedidos para come\u00e7ar a s\u00e9rie de resenhas da Avon\u00a0foram o r\u00edmel Super Shock e o esmalte Uva (o post dele\u00a0vem em seguida).<\/p>\n<p>Achei que seria interessante experimentar o Phenomen&#8217;Eyes tamb\u00e9m,\u00a0<a href=\"https:\/\/www.2beauty.com.br\/blog\/2009\/06\/29\/o-la-em-casa-jake-gyllenhaal\/\" target=\"_blank\">pois estava devendo uma resenha sobre ele<\/a>.<\/p>\n<p>E people!\u00a0Eu n\u00e3o poderia ter escolhido dia melhor para testar dois tipos de r\u00edmel, <a href=\"https:\/\/www.2beauty.com.br\/blog\/2009\/07\/03\/pimenta-nos-olhos-dos-outros-e-refresco\/\" target=\"_blank\">j\u00e1 que n\u00e3o consegui entrar no jogo do Gr\u00eamio<\/a> e, na confus\u00e3o toda, suei com o empurra-empurra, corri pra n\u00e3o ser atropelada pelos cavalos da brigada, chorei de raiva por pagar R$130 por m\u00eas por uma cadeira que eu n\u00e3o pude usar e, pra fechar com chave de ouro, ainda tive que aguentar spray de pimenta.<\/p>\n<p>Eu sou uma pessoa super calma, imagina se fosse crei\u00e7a barraqueira&#8230;<\/p>\n<p><strong>Mas vamos ao que interessa!<\/strong><\/p>\n<p style=\"text-align: center;\"><a href=\"https:\/\/www.2beauty.com.br\/blog\/wp-content\/uploads\/2009\/07\/09.jpg\"><img fetchpriority=\"high\" decoding=\"async\" class=\"alignnone size-full wp-image-5226\" title=\"09\" src=\"https:\/\/www.2beauty.com.br\/blog\/wp-content\/uploads\/2009\/07\/09.jpg\" alt=\"\" width=\"375\" height=\"500\" \/><\/a><\/p>\n<p style=\"text-align: center;\"><strong>Super Shock<\/strong><\/p>\n<p><strong>Release da Avon:<\/strong><\/p>\n<blockquote><p>Super Shock M\u00e1scara de Intenso Volume Para C\u00edlios:<\/p>\n<p>Exclusivo aplicador em tamanho maior;<\/p>\n<p>D\u00e1 volume imediato aos c\u00edlios em apenas uma aplica\u00e7\u00e3o;<\/p>\n<p>F\u00f3rmula com microfibras que se expandem e proporcionam volume m\u00e1ximo aos c\u00edlios;<\/p>\n<p>C\u00edlios 12 vezes mais volumosos.<\/p><\/blockquote>\n<p><strong>Valor: R$19 reais (no site da Avon)<\/strong><\/p>\n<p>Quando abri o r\u00edmel e vi o aplicador pensei &#8220;Uau! Enorme!&#8221; e lembrei do Cover Girl Lash Blast (resenha e fotos <a href=\"https:\/\/www.2beauty.com.br\/blog\/2009\/01\/22\/resenha-cover-girl-lash-blast\/\" target=\"_self\">aqui<\/a>), que tamb\u00e9m tem aplicador gigante e cerdas bem fininhas e curtas.<\/p>\n<p>No geral, achei que o r\u00edmel alongou\u00a0muito os c\u00edlios, que ficaram bem separadinhos e at\u00e9 curvados, mas n\u00e3o deu um &#8220;super&#8221; volume.<\/p>\n<p>Talvez seja pela cor das m\u00e1scaras da Avon, pois\u00a0n\u00e3o s\u00e3o um preto bem preto, sabe? \u00c9 uma coisa meio cor de asfalto (d\u00e1 pra\u00a0perceber na foto acima) e eu acho que r\u00edmel super preto faz\u00a0diferen\u00e7a no aspecto dos c\u00edlios.<\/p>\n<p>No geral, gostei MUITO do Super Shock! Valeu cada real pago e mais um pouco.<\/p>\n<p>Meus olhos se encheram de l\u00e1grimas v\u00e1rias vezes ontem a noite e o\u00a0r\u00edmel se manteve digno mesmo n\u00e3o sendo \u00e0 prova d&#8217;\u00e1gua.<\/p>\n<p>Se pudesse sugerir algo \u00e0 Avon, pediria que fizessem\u00a0nova vers\u00e3o dele, s\u00f3 que de cor BEM preta.<\/p>\n<p style=\"text-align: center;\"><a href=\"https:\/\/www.2beauty.com.br\/blog\/wp-content\/uploads\/2009\/07\/08.jpg\"><img decoding=\"async\" class=\"alignnone size-full wp-image-5225\" title=\"08\" src=\"https:\/\/www.2beauty.com.br\/blog\/wp-content\/uploads\/2009\/07\/08.jpg\" alt=\"\" width=\"375\" height=\"500\" srcset=\"https:\/\/www.2beauty.com.br\/blog\/wp-content\/uploads\/2009\/07\/08.jpg 375w, https:\/\/www.2beauty.com.br\/blog\/wp-content\/uploads\/2009\/07\/08-281x375.jpg 281w\" sizes=\"(max-width: 375px) 100vw, 375px\" \/><\/a><\/p>\n<p style=\"text-align: center;\"><strong>Phenomen&#8217;Eyes<\/strong><\/p>\n<p><strong>Release da Givenchy:<\/strong><\/p>\n<blockquote><p>Phenomen&#8217;Eyes Mascara \u00e9 uma m\u00e1scara com um novo aplicador esf\u00e9rico para um efeito fenomenal em seu olhar. Evita que os c\u00edlios fiquem com efeito pegajoso, pois seu aplicador distribui uniformemente sua f\u00f3rmula \u00e0 base de ceras fluidas que permitem uma f\u00e1cil aplica\u00e7\u00e3o.<\/p>\n<p>Seu aplicador esf\u00e9rico permite chegar at\u00e9 os c\u00edlios mais dif\u00edceis. Cada c\u00edlio \u00e9 separado e envolvido perfeitamente da raiz at\u00e9 a ponta. Ideal para uma maquiagem simplificada e um resultado espetacular.<\/p><\/blockquote>\n<p><strong>Valor: entre R$120 e\u00a0R$130 reais\u00a0(em sites como Laffayette e Sacks)<\/strong><\/p>\n<p>Estava louuuca pra experimentar o Phenomen&#8217;Eyes\u00a0e fiquei super feliz quando ganhei ele de anivers\u00e1rio (obrigada, D\u00e9!).<\/p>\n<p>O aplicador \u00e9 super bacana e facilita muito quando voc\u00ea quer pintar os c\u00edlios que ficam nos cantinhos ou na parte inferior dos olhos, j\u00e1 que\u00a0ele tem forma de &#8220;ouri\u00e7o&#8221;, \u00e9 pequeno e\u00a0pode aplicar o r\u00edmel de cima para baixo, de uma lado para o outro ou como voc\u00ea bem entender.<\/p>\n<p>Tamb\u00e9m gostei muito da cor do Phenomen&#8217;Eyes, porque, como voc\u00eas j\u00e1 devem ter percebido, meu neg\u00f3cio \u00e9 r\u00edmel super preto.<\/p>\n<p>Ele alonga os c\u00edlios, mas n\u00e3o os curva. Acho at\u00e9 que ficam mais retos com o r\u00edmel do que sem.<\/p>\n<p>N\u00e3o usei curvex nas fotos\u00a0ou no teste,\u00a0ent\u00e3o voc\u00eas v\u00e3o ter que acreditar na minha palavra quando digo que com o curvex melhora muito.<\/p>\n<p>O volume \u00e9 ok, mas n\u00e3o \u00e9 nada espetacular. Fora isso,\u00a0a f\u00f3rmula n\u00e3o funciona como descrito pela Givenchy. Achei que o r\u00edmel empelotou super f\u00e1cil no meu olho. Tem gente que gosta desse estilo, mas eu prefiro c\u00edlios bem separados, mesmo que fiquem com uma cara mais &#8220;magrinha&#8221;.<\/p>\n<p>Em resumo, acho super v\u00e1lido se voc\u00ea comprar no Free Shop ou numa loja americana,\u00a0porque pelo pre\u00e7o\u00a0que cobram\u00a0aqui no Brasil, deixa\u00a0muito\u00a0a desejar.<\/p>\n<p>&#8211; &#8211; &#8211; &#8211; &#8211;<\/p>\n<p><strong>Foteeenhas comparativas:<\/strong><\/p>\n<p style=\"text-align: center;\"><a href=\"https:\/\/www.2beauty.com.br\/blog\/wp-content\/uploads\/2009\/07\/01.jpg\"><img decoding=\"async\" class=\"alignnone size-full wp-image-5217\" title=\"01\" src=\"https:\/\/www.2beauty.com.br\/blog\/wp-content\/uploads\/2009\/07\/01.jpg\" alt=\"\" width=\"500\" height=\"150\" \/><\/a><\/p>\n<p style=\"text-align: center;\"><strong>Olho peladinho no lado esquerdo da foto e com duas camadas do Super Shock no lado direito<\/strong><\/p>\n<p style=\"text-align: center;\"><a href=\"https:\/\/www.2beauty.com.br\/blog\/wp-content\/uploads\/2009\/07\/02.jpg\"><img loading=\"lazy\" decoding=\"async\" class=\"alignnone size-full wp-image-5218\" title=\"02\" src=\"https:\/\/www.2beauty.com.br\/blog\/wp-content\/uploads\/2009\/07\/02.jpg\" alt=\"\" width=\"300\" height=\"250\" \/><\/a>\u00a0<a href=\"https:\/\/www.2beauty.com.br\/blog\/wp-content\/uploads\/2009\/07\/03.jpg\"><img loading=\"lazy\" decoding=\"async\" class=\"alignnone size-full wp-image-5219\" title=\"03\" src=\"https:\/\/www.2beauty.com.br\/blog\/wp-content\/uploads\/2009\/07\/03.jpg\" alt=\"\" width=\"300\" height=\"250\" \/><\/a><\/p>\n<p style=\"text-align: center;\"><strong>Close-Up: c\u00edlios ao natural e com o r\u00edmel da Avon<\/strong><\/p>\n<p style=\"text-align: center;\"><a href=\"https:\/\/www.2beauty.com.br\/blog\/wp-content\/uploads\/2009\/07\/05.jpg\"><img loading=\"lazy\" decoding=\"async\" class=\"alignnone size-full wp-image-5222\" title=\"05\" src=\"https:\/\/www.2beauty.com.br\/blog\/wp-content\/uploads\/2009\/07\/05.jpg\" alt=\"\" width=\"500\" height=\"150\" \/><\/a><\/p>\n<p style=\"text-align: center;\"><strong>Compara\u00e7\u00e3o: Phenomen&#8217;Eyes no lado esquerdo e Super Shock no lado direito da imagem<\/strong><\/p>\n<p style=\"text-align: center;\"><a href=\"https:\/\/www.2beauty.com.br\/blog\/wp-content\/uploads\/2009\/07\/021.jpg\"><img loading=\"lazy\" decoding=\"async\" class=\"alignnone size-full wp-image-5220\" title=\"021\" src=\"https:\/\/www.2beauty.com.br\/blog\/wp-content\/uploads\/2009\/07\/021.jpg\" alt=\"\" width=\"300\" height=\"250\" \/><\/a>\u00a0<a href=\"https:\/\/www.2beauty.com.br\/blog\/wp-content\/uploads\/2009\/07\/04.jpg\"><img loading=\"lazy\" decoding=\"async\" class=\"alignnone size-full wp-image-5221\" title=\"04\" src=\"https:\/\/www.2beauty.com.br\/blog\/wp-content\/uploads\/2009\/07\/04.jpg\" alt=\"\" width=\"300\" height=\"250\" \/><\/a><\/p>\n<p style=\"text-align: center;\"><strong>Close-Up: c\u00edlios ao natural e com o r\u00edmel da Givenchy<\/strong><\/p>\n<p style=\"text-align: center;\"><a href=\"https:\/\/www.2beauty.com.br\/blog\/wp-content\/uploads\/2009\/07\/06.jpg\"><img loading=\"lazy\" decoding=\"async\" class=\"alignnone size-full wp-image-5223\" title=\"06\" src=\"https:\/\/www.2beauty.com.br\/blog\/wp-content\/uploads\/2009\/07\/06.jpg\" alt=\"\" width=\"300\" height=\"250\" \/><\/a>\u00a0<a href=\"https:\/\/www.2beauty.com.br\/blog\/wp-content\/uploads\/2009\/07\/07.jpg\"><img loading=\"lazy\" decoding=\"async\" class=\"alignnone size-full wp-image-5224\" title=\"07\" src=\"https:\/\/www.2beauty.com.br\/blog\/wp-content\/uploads\/2009\/07\/07.jpg\" alt=\"\" width=\"300\" height=\"250\" \/><\/a><\/p>\n<p style=\"text-align: center;\"><strong>Aplicadores: Super Shock e Phenomen&#8217;Eyes<\/strong><\/p>\n<p>PS: Favor n\u00e3o reparar nas taturanas, ops, sobrancelhas mega &#8220;cabiludas&#8221;. Amanh\u00e3 tenho hora pra depilar ;)<\/p>\n","protected":false},"excerpt":{"rendered":"<p>Os itens mais pedidos para come\u00e7ar a s\u00e9rie de resenhas da Avon\u00a0foram o r\u00edmel Super Shock e o esmalte Uva (o post dele\u00a0vem em seguida). Achei que seria interessante experimentar o Phenomen&#8217;Eyes tamb\u00e9m,\u00a0pois estava devendo uma resenha sobre ele. E people!\u00a0Eu n\u00e3o poderia ter escolhido dia melhor para testar dois tipos de r\u00edmel, j\u00e1 que n\u00e3o consegui entrar no jogo do Gr\u00eamio e, na confus\u00e3o toda, suei com o empurra-empurra, corri pra n\u00e3o ser atropelada pelos cavalos da brigada, chorei de raiva por pagar R$130 por m\u00eas por uma cadeira que eu n\u00e3o pude usar e, pra fechar com chave de ouro, ainda tive que aguentar spray de pimenta. Eu sou uma pessoa super calma, imagina se fosse crei\u00e7a barraqueira&#8230; Mas vamos ao que interessa! Super Shock Release da Avon: Super Shock M\u00e1scara de Intenso Volume Para C\u00edlios: Exclusivo aplicador em tamanho maior; D\u00e1 volume imediato aos c\u00edlios em apenas uma aplica\u00e7\u00e3o; F\u00f3rmula com microfibras que se expandem e proporcionam volume m\u00e1ximo aos c\u00edlios; C\u00edlios 12 vezes mais volumosos. Valor: R$19 reais (no site da Avon) Quando abri o r\u00edmel e vi o aplicador pensei &#8220;Uau! Enorme!&#8221; e lembrei do Cover Girl Lash Blast (resenha e fotos aqui), que tamb\u00e9m tem aplicador gigante e cerdas bem fininhas e curtas. No geral, achei que o r\u00edmel alongou\u00a0muito os c\u00edlios, que ficaram bem separadinhos e at\u00e9 curvados, mas n\u00e3o deu um &#8220;super&#8221; volume. Talvez seja pela cor das m\u00e1scaras da Avon, pois\u00a0n\u00e3o s\u00e3o um preto bem preto, sabe? \u00c9 uma coisa meio cor de asfalto (d\u00e1 pra\u00a0perceber na foto acima) e eu acho que r\u00edmel super preto faz\u00a0diferen\u00e7a no aspecto dos c\u00edlios. No geral, gostei MUITO do Super Shock! Valeu cada real pago e mais um pouco. Meus olhos se encheram de l\u00e1grimas v\u00e1rias vezes ontem a noite e o\u00a0r\u00edmel se manteve digno mesmo n\u00e3o sendo \u00e0 prova d&#8217;\u00e1gua. Se pudesse sugerir algo \u00e0 Avon, pediria que fizessem\u00a0nova vers\u00e3o dele, s\u00f3 que de cor BEM preta. Phenomen&#8217;Eyes Release da Givenchy: Phenomen&#8217;Eyes Mascara \u00e9 uma m\u00e1scara com um novo aplicador esf\u00e9rico para um efeito fenomenal em seu olhar. Evita que os c\u00edlios fiquem com efeito pegajoso, pois seu aplicador distribui uniformemente sua f\u00f3rmula \u00e0 base de ceras fluidas que permitem uma f\u00e1cil aplica\u00e7\u00e3o. Seu aplicador esf\u00e9rico permite chegar at\u00e9 os c\u00edlios mais dif\u00edceis. Cada c\u00edlio \u00e9 separado e envolvido perfeitamente da raiz at\u00e9 a ponta. Ideal para uma maquiagem simplificada e um resultado espetacular. Valor: entre R$120 e\u00a0R$130 reais\u00a0(em sites como Laffayette e Sacks) Estava louuuca pra experimentar o Phenomen&#8217;Eyes\u00a0e fiquei super feliz quando ganhei ele de anivers\u00e1rio (obrigada, D\u00e9!). O aplicador \u00e9 super bacana e facilita muito quando voc\u00ea quer pintar os c\u00edlios que ficam nos cantinhos ou na parte inferior dos olhos, j\u00e1 que\u00a0ele tem forma de &#8220;ouri\u00e7o&#8221;, \u00e9 pequeno e\u00a0pode aplicar o r\u00edmel de cima para baixo, de uma lado para o outro ou como voc\u00ea bem entender. Tamb\u00e9m gostei muito da cor do Phenomen&#8217;Eyes, porque, como voc\u00eas j\u00e1 devem ter percebido, meu neg\u00f3cio \u00e9 r\u00edmel super preto. Ele alonga os c\u00edlios, mas n\u00e3o os curva. Acho at\u00e9 que ficam mais retos com o r\u00edmel do que sem. N\u00e3o usei curvex nas fotos\u00a0ou no teste,\u00a0ent\u00e3o voc\u00eas v\u00e3o ter que acreditar na minha palavra quando digo que com o curvex melhora muito. O volume \u00e9 ok, mas n\u00e3o \u00e9 nada espetacular. Fora isso,\u00a0a f\u00f3rmula n\u00e3o funciona como descrito pela Givenchy. Achei que o r\u00edmel empelotou super f\u00e1cil no meu olho. Tem gente que gosta desse estilo, mas eu prefiro c\u00edlios bem separados, mesmo que fiquem com uma cara mais &#8220;magrinha&#8221;. Em resumo, acho super v\u00e1lido se voc\u00ea comprar no Free Shop ou numa loja americana,\u00a0porque pelo pre\u00e7o\u00a0que cobram\u00a0aqui no Brasil, deixa\u00a0muito\u00a0a desejar. &#8211; &#8211; &#8211; &#8211; &#8211; Foteeenhas comparativas: Olho peladinho no lado esquerdo da foto e com duas camadas do Super Shock no lado direito \u00a0 Close-Up: c\u00edlios ao natural e com o r\u00edmel da Avon Compara\u00e7\u00e3o: Phenomen&#8217;Eyes no lado esquerdo e Super Shock no lado direito da imagem \u00a0 Close-Up: c\u00edlios ao natural e com o r\u00edmel da Givenchy \u00a0 Aplicadores: Super Shock e Phenomen&#8217;Eyes PS: Favor n\u00e3o reparar nas taturanas, ops, sobrancelhas mega &#8220;cabiludas&#8221;. Amanh\u00e3 tenho hora pra depilar ;)<\/p>\n","protected":false},"author":1,"featured_media":0,"comment_status":"open","ping_status":"open","sticky":false,"template":"","format":"standard","meta":{"_uag_custom_page_level_css":"","footnotes":""},"categories":[84],"tags":[273,404,407,4125,943],"class_list":["post-5216","post","type-post","status-publish","format-standard","hentry","category-maquiagem","tag-avon","tag-givenchy","tag-phenomeneyes","tag-rimel","tag-super-shock"],"uagb_featured_image_src":{"full":false,"thumbnail":false,"medium":false,"medium_large":false,"large":false,"1536x1536":false,"2048x2048":false,"ashe-slider-grid-thumbnail":false,"ashe-full-thumbnail":false,"ashe-grid-thumbnail":false,"ashe-list-thumbnail":false,"ashe-single-navigation":false},"uagb_author_info":{"display_name":"Marina Smith","author_link":"https:\/\/www.2beauty.com.br\/blog\/author\/marinasmith\/"},"uagb_comment_info":78,"uagb_excerpt":"Os itens mais pedidos para come\u00e7ar a s\u00e9rie de resenhas da Avon\u00a0foram o r\u00edmel Super Shock e o esmalte Uva (o post dele\u00a0vem em seguida). Achei que seria interessante experimentar o Phenomen&#8217;Eyes tamb\u00e9m,\u00a0pois estava devendo uma resenha sobre ele. E people!\u00a0Eu n\u00e3o poderia ter escolhido dia melhor para testar dois tipos de r\u00edmel, j\u00e1 que&hellip;","acf":[],"_links":{"self":[{"href":"https:\/\/www.2beauty.com.br\/blog\/wp-json\/wp\/v2\/posts\/5216","targetHints":{"allow":["GET"]}}],"collection":[{"href":"https:\/\/www.2beauty.com.br\/blog\/wp-json\/wp\/v2\/posts"}],"about":[{"href":"https:\/\/www.2beauty.com.br\/blog\/wp-json\/wp\/v2\/types\/post"}],"author":[{"embeddable":true,"href":"https:\/\/www.2beauty.com.br\/blog\/wp-json\/wp\/v2\/users\/1"}],"replies":[{"embeddable":true,"href":"https:\/\/www.2beauty.com.br\/blog\/wp-json\/wp\/v2\/comments?post=5216"}],"version-history":[{"count":0,"href":"https:\/\/www.2beauty.com.br\/blog\/wp-json\/wp\/v2\/posts\/5216\/revisions"}],"wp:attachment":[{"href":"https:\/\/www.2beauty.com.br\/blog\/wp-json\/wp\/v2\/media?parent=5216"}],"wp:term":[{"taxonomy":"category","embeddable":true,"href":"https:\/\/www.2beauty.com.br\/blog\/wp-json\/wp\/v2\/categories?post=5216"},{"taxonomy":"post_tag","embeddable":true,"href":"https:\/\/www.2beauty.com.br\/blog\/wp-json\/wp\/v2\/tags?post=5216"}],"curies":[{"name":"wp","href":"https:\/\/api.w.org\/{rel}","templated":true}]}}