{"id":51912,"date":"2014-01-14T14:00:28","date_gmt":"2014-01-14T16:00:28","guid":{"rendered":"https:\/\/www.2beauty.com.br\/blog\/?p=51912"},"modified":"2019-02-15T16:11:12","modified_gmt":"2019-02-15T18:11:12","slug":"produtos-e-cuidados-com-a-pele-gel-hidratante-vichy-normaderm-total-mat","status":"publish","type":"post","link":"https:\/\/www.2beauty.com.br\/blog\/2014\/01\/produtos-e-cuidados-com-a-pele-gel-hidratante-vichy-normaderm-total-mat\/","title":{"rendered":"Produtos e Cuidados com a Pele: Gel Hidratante Vichy Normaderm Total Mat"},"content":{"rendered":"<p style=\"text-align: center;\"><strong><a href=\"https:\/\/www.2beauty.com.br\/blog\/wp-content\/uploads\/2014\/01\/vichy1.jpg\"><img fetchpriority=\"high\" decoding=\"async\" class=\"alignnone size-full wp-image-51913\" alt=\"vichy1\" src=\"https:\/\/www.2beauty.com.br\/blog\/wp-content\/uploads\/2014\/01\/vichy1.jpg\" width=\"620\" height=\"932\" srcset=\"https:\/\/www.2beauty.com.br\/blog\/wp-content\/uploads\/2014\/01\/vichy1.jpg 620w, https:\/\/www.2beauty.com.br\/blog\/wp-content\/uploads\/2014\/01\/vichy1-580x872.jpg 580w, https:\/\/www.2beauty.com.br\/blog\/wp-content\/uploads\/2014\/01\/vichy1-289x435.jpg 289w\" sizes=\"(max-width: 620px) 100vw, 620px\" \/><\/a><\/strong><\/p>\n<p style=\"text-align: center;\"><strong>Gel Hidratante Vichy Normaderm Total Mat<\/strong><\/p>\n<p>O Total Mat j\u00e1 havia aparecido naquele <a href=\"https:\/\/www.2beauty.com.br\/blog\/category\/tutoriais\/face\/\" target=\"_blank\">passo a passo que fiz sobre como me maquio nos meses mais quentes<\/a>, mas ele \u00e9 t\u00e3o bom que merece um post s\u00f3 para ele.<\/p>\n<p>Esse produtinho \u00e9 um gel hidratante anti brilho e anti suor indicado para pele oleosa.<\/p>\n<p>O objetivo dele \u00e9 ajudar a controlar o brilho e prolongar a sensa\u00e7\u00e3o de pele sequinha.<\/p>\n<blockquote><p>A descri\u00e7\u00e3o da Vichy fala do Total Mat como primer que absorve todas as causas do brilho mesmo em condi\u00e7\u00f5es extremas (calor, umidade, stress, esfor\u00e7o) e que d\u00e1 sensa\u00e7\u00e3o de pele limpa, seca e fresca durante todo o dia.<\/p><\/blockquote>\n<p><strong>Achei as promessas super exageradas e seu eu tivesse acreditado em tudo isso antes de experimentar, com certeza teria me sentido super frustrada.<\/strong><\/p>\n<p>O Total Mat n\u00e3o me lembrou em nada um primer (n\u00e3o melhora linhas ou poros) e com certeza n\u00e3o faz milagres, mas ajuda a retardar o surgimento daquele aspecto u\u00f3h de nariz e testa lustrosos.<\/p>\n<p>E quando eu digo que retarda, me refiro a algumas horas a mais de pele sequinha e n\u00e3o a um dia inteiro de frescor, ok?<\/p>\n<p>Quanto ao suor, n\u00e3o notei melhoras.<\/p>\n<p style=\"text-align: center;\"><strong><a href=\"https:\/\/www.2beauty.com.br\/blog\/wp-content\/uploads\/2014\/01\/vichy2.jpg\"><img decoding=\"async\" class=\"alignnone size-full wp-image-51914\" alt=\"vichy2\" src=\"https:\/\/www.2beauty.com.br\/blog\/wp-content\/uploads\/2014\/01\/vichy2.jpg\" width=\"620\" height=\"412\" srcset=\"https:\/\/www.2beauty.com.br\/blog\/wp-content\/uploads\/2014\/01\/vichy2.jpg 620w, https:\/\/www.2beauty.com.br\/blog\/wp-content\/uploads\/2014\/01\/vichy2-580x385.jpg 580w, https:\/\/www.2beauty.com.br\/blog\/wp-content\/uploads\/2014\/01\/vichy2-250x166.jpg 250w\" sizes=\"(max-width: 620px) 100vw, 620px\" \/><\/a> <\/strong><\/p>\n<p style=\"text-align: center;\"><strong>Gel Hidratante Vichy Normaderm Total Mat<\/strong><\/p>\n<p>Minha pele \u00e9 mista e, no geral, aguenta umas quatro horas (dependendo da maquiagem) sem retoques de p\u00f3 matificante.<\/p>\n<p>Se me maquio ao acordar, o normal \u00e9 que depois do almo\u00e7o o meu rosto comece a ficar mais lustroso na Zona T.<\/p>\n<blockquote><p>Com o Total Mat, noto que a minha pele ainda est\u00e1 ok depois das 4 horas de make\/almo\u00e7o e que ela aguenta mais uma ou duas horas com dignidade.<\/p><\/blockquote>\n<p>Como eu disse antes: ele ajuda, mas n\u00e3o faz milagres! N\u00e3o acontece aquela coisa bonita de voc\u00ea passar das 9h \u00e0s 18h com pele intacta num dia de ver\u00e3o com 30 graus a sombra&#8230;<\/p>\n<p>Enfim!<\/p>\n<p>Acho que \u00e9 uma op\u00e7\u00e3o bacana de hidratante para quem sofre com oleosidade e para quem tem pele sens\u00edvel, j\u00e1 que \u00e9 hipoalerg\u00eanico, n\u00e3o comodog\u00eanico e livre de parabenos.<\/p>\n<p><strong>Mais algu\u00e9m usa? Gosta? N\u00e3o gosta?<\/strong><\/p>\n<p style=\"text-align: center;\">. . . . . . . . .<\/p>\n<p>Recebi da assessoria da Vichy o Total Mat que estou usando, mas pesquisei pela internet e encontrei a mesma bisnaga de 30ml por <a href=\"https:\/\/www.netfarma.com.br\/produto\/21528\/gel-hidratante-vichy-normaderm-total-mat\" target=\"_blank\">R$58,85 na Netfarma<\/a> e <a href=\"https:\/\/www.panvel.com\/panvel\/visualizarProduto.do?codigoItem=645320\" target=\"_blank\">por R$59,90 na Panvel<\/a>.<\/p>\n","protected":false},"excerpt":{"rendered":"<p>Gel Hidratante Vichy Normaderm Total Mat O Total Mat j\u00e1 havia aparecido naquele passo a passo que fiz sobre como me maquio nos meses mais quentes, mas ele \u00e9 t\u00e3o bom que merece um post s\u00f3 para ele. Esse produtinho \u00e9 um gel hidratante anti brilho e anti suor indicado para pele oleosa. O objetivo dele \u00e9 ajudar a controlar o brilho e prolongar a sensa\u00e7\u00e3o de pele sequinha. A descri\u00e7\u00e3o da Vichy fala do Total Mat como primer que absorve todas as causas do brilho mesmo em condi\u00e7\u00f5es extremas (calor, umidade, stress, esfor\u00e7o) e que d\u00e1 sensa\u00e7\u00e3o de pele limpa, seca e fresca durante todo o dia. Achei as promessas super exageradas e seu eu tivesse acreditado em tudo isso antes de experimentar, com certeza teria me sentido super frustrada. O Total Mat n\u00e3o me lembrou em nada um primer (n\u00e3o melhora linhas ou poros) e com certeza n\u00e3o faz milagres, mas ajuda a retardar o surgimento daquele aspecto u\u00f3h de nariz e testa lustrosos. E quando eu digo que retarda, me refiro a algumas horas a mais de pele sequinha e n\u00e3o a um dia inteiro de frescor, ok? Quanto ao suor, n\u00e3o notei melhoras. Gel Hidratante Vichy Normaderm Total Mat Minha pele \u00e9 mista e, no geral, aguenta umas quatro horas (dependendo da maquiagem) sem retoques de p\u00f3 matificante. Se me maquio ao acordar, o normal \u00e9 que depois do almo\u00e7o o meu rosto comece a ficar mais lustroso na Zona T. Com o Total Mat, noto que a minha pele ainda est\u00e1 ok depois das 4 horas de make\/almo\u00e7o e que ela aguenta mais uma ou duas horas com dignidade. Como eu disse antes: ele ajuda, mas n\u00e3o faz milagres! N\u00e3o acontece aquela coisa bonita de voc\u00ea passar das 9h \u00e0s 18h com pele intacta num dia de ver\u00e3o com 30 graus a sombra&#8230; Enfim! Acho que \u00e9 uma op\u00e7\u00e3o bacana de hidratante para quem sofre com oleosidade e para quem tem pele sens\u00edvel, j\u00e1 que \u00e9 hipoalerg\u00eanico, n\u00e3o comodog\u00eanico e livre de parabenos. Mais algu\u00e9m usa? Gosta? N\u00e3o gosta? . . . . . . . . . Recebi da assessoria da Vichy o Total Mat que estou usando, mas pesquisei pela internet e encontrei a mesma bisnaga de 30ml por R$58,85 na Netfarma e por R$59,90 na Panvel.<\/p>\n","protected":false},"author":1,"featured_media":51913,"comment_status":"open","ping_status":"open","sticky":false,"template":"","format":"standard","meta":{"_uag_custom_page_level_css":"","footnotes":""},"categories":[132],"tags":[3570,4146,3568,4132,3569,275],"class_list":["post-51912","post","type-post","status-publish","format-standard","has-post-thumbnail","hentry","category-produtos-e-cuidados-com-a-pele","tag-gel-hidratante","tag-hidratante","tag-normaderm","tag-produtos-e-cuidados-com-a-pele","tag-total-mat","tag-vichy"],"uagb_featured_image_src":{"full":["https:\/\/www.2beauty.com.br\/blog\/wp-content\/uploads\/2014\/01\/vichy1.jpg",620,932,false],"thumbnail":["https:\/\/www.2beauty.com.br\/blog\/wp-content\/uploads\/2014\/01\/vichy1-300x250.jpg",300,250,true],"medium":["https:\/\/www.2beauty.com.br\/blog\/wp-content\/uploads\/2014\/01\/vichy1-289x435.jpg",289,435,true],"medium_large":["https:\/\/www.2beauty.com.br\/blog\/wp-content\/uploads\/2014\/01\/vichy1.jpg",620,932,false],"large":["https:\/\/www.2beauty.com.br\/blog\/wp-content\/uploads\/2014\/01\/vichy1-620x932.jpg",620,932,true],"1536x1536":["https:\/\/www.2beauty.com.br\/blog\/wp-content\/uploads\/2014\/01\/vichy1.jpg",620,932,false],"2048x2048":["https:\/\/www.2beauty.com.br\/blog\/wp-content\/uploads\/2014\/01\/vichy1.jpg",620,932,false],"ashe-slider-grid-thumbnail":["https:\/\/www.2beauty.com.br\/blog\/wp-content\/uploads\/2014\/01\/vichy1.jpg",359,540,false],"ashe-full-thumbnail":["https:\/\/www.2beauty.com.br\/blog\/wp-content\/uploads\/2014\/01\/vichy1.jpg",620,932,false],"ashe-grid-thumbnail":["https:\/\/www.2beauty.com.br\/blog\/wp-content\/uploads\/2014\/01\/vichy1.jpg",220,330,false],"ashe-list-thumbnail":["https:\/\/www.2beauty.com.br\/blog\/wp-content\/uploads\/2014\/01\/vichy1.jpg",200,300,false],"ashe-single-navigation":["https:\/\/www.2beauty.com.br\/blog\/wp-content\/uploads\/2014\/01\/vichy1.jpg",50,75,false]},"uagb_author_info":{"display_name":"Marina Smith","author_link":"https:\/\/www.2beauty.com.br\/blog\/author\/marinasmith\/"},"uagb_comment_info":36,"uagb_excerpt":"Gel Hidratante Vichy Normaderm Total Mat O Total Mat j\u00e1 havia aparecido naquele passo a passo que fiz sobre como me maquio nos meses mais quentes, mas ele \u00e9 t\u00e3o bom que merece um post s\u00f3 para ele. Esse produtinho \u00e9 um gel hidratante anti brilho e anti suor indicado para pele oleosa. O objetivo&hellip;","acf":[],"_links":{"self":[{"href":"https:\/\/www.2beauty.com.br\/blog\/wp-json\/wp\/v2\/posts\/51912","targetHints":{"allow":["GET"]}}],"collection":[{"href":"https:\/\/www.2beauty.com.br\/blog\/wp-json\/wp\/v2\/posts"}],"about":[{"href":"https:\/\/www.2beauty.com.br\/blog\/wp-json\/wp\/v2\/types\/post"}],"author":[{"embeddable":true,"href":"https:\/\/www.2beauty.com.br\/blog\/wp-json\/wp\/v2\/users\/1"}],"replies":[{"embeddable":true,"href":"https:\/\/www.2beauty.com.br\/blog\/wp-json\/wp\/v2\/comments?post=51912"}],"version-history":[{"count":0,"href":"https:\/\/www.2beauty.com.br\/blog\/wp-json\/wp\/v2\/posts\/51912\/revisions"}],"wp:featuredmedia":[{"embeddable":true,"href":"https:\/\/www.2beauty.com.br\/blog\/wp-json\/wp\/v2\/media\/51913"}],"wp:attachment":[{"href":"https:\/\/www.2beauty.com.br\/blog\/wp-json\/wp\/v2\/media?parent=51912"}],"wp:term":[{"taxonomy":"category","embeddable":true,"href":"https:\/\/www.2beauty.com.br\/blog\/wp-json\/wp\/v2\/categories?post=51912"},{"taxonomy":"post_tag","embeddable":true,"href":"https:\/\/www.2beauty.com.br\/blog\/wp-json\/wp\/v2\/tags?post=51912"}],"curies":[{"name":"wp","href":"https:\/\/api.w.org\/{rel}","templated":true}]}}