{"id":51903,"date":"2014-01-14T11:42:54","date_gmt":"2014-01-14T13:42:54","guid":{"rendered":"https:\/\/www.2beauty.com.br\/blog\/?p=51903"},"modified":"2019-02-15T16:11:12","modified_gmt":"2019-02-15T18:11:12","slug":"amostrinhas-iluminador-cremoso-facial-panvel-isabela-capeto","status":"publish","type":"post","link":"https:\/\/www.2beauty.com.br\/blog\/2014\/01\/amostrinhas-iluminador-cremoso-facial-panvel-isabela-capeto\/","title":{"rendered":"Amostrinhas: Iluminador Cremoso Facial Panvel Isabela Capeto"},"content":{"rendered":"<p style=\"text-align: center;\"><strong><a href=\"https:\/\/www.2beauty.com.br\/blog\/wp-content\/uploads\/2014\/01\/capeto1.jpg\"><img fetchpriority=\"high\" decoding=\"async\" class=\"alignnone size-full wp-image-51904\" alt=\"capeto1\" src=\"https:\/\/www.2beauty.com.br\/blog\/wp-content\/uploads\/2014\/01\/capeto1.jpg\" width=\"620\" height=\"932\" srcset=\"https:\/\/www.2beauty.com.br\/blog\/wp-content\/uploads\/2014\/01\/capeto1.jpg 620w, https:\/\/www.2beauty.com.br\/blog\/wp-content\/uploads\/2014\/01\/capeto1-580x872.jpg 580w, https:\/\/www.2beauty.com.br\/blog\/wp-content\/uploads\/2014\/01\/capeto1-289x435.jpg 289w\" sizes=\"(max-width: 620px) 100vw, 620px\" \/><\/a><\/strong><\/p>\n<p style=\"text-align: center;\"><strong>Iluminador Cremoso Facial Panvel Isabela Capeto<\/strong><\/p>\n<p>Comecei o ano experimentando alguns iluminadores diferentes e esse da Panvel feito em parceria com a Isabela Capeto parecia muito promissor como iluminador para usar no trabalho ou em ocasi\u00f5es menos festivas tanto pelo pre\u00e7o quanto pelos brilhos dourados sutis.<\/p>\n<p style=\"text-align: center;\"><strong><a href=\"https:\/\/www.2beauty.com.br\/blog\/wp-content\/uploads\/2014\/01\/capeto2.jpg\"><img decoding=\"async\" class=\"alignnone size-full wp-image-51905\" alt=\"capeto2\" src=\"https:\/\/www.2beauty.com.br\/blog\/wp-content\/uploads\/2014\/01\/capeto2.jpg\" width=\"620\" height=\"412\" srcset=\"https:\/\/www.2beauty.com.br\/blog\/wp-content\/uploads\/2014\/01\/capeto2.jpg 620w, https:\/\/www.2beauty.com.br\/blog\/wp-content\/uploads\/2014\/01\/capeto2-580x385.jpg 580w, https:\/\/www.2beauty.com.br\/blog\/wp-content\/uploads\/2014\/01\/capeto2-250x166.jpg 250w\" sizes=\"(max-width: 620px) 100vw, 620px\" \/><\/a><\/strong><\/p>\n<p style=\"text-align: center;\"><strong> <a href=\"https:\/\/www.2beauty.com.br\/blog\/wp-content\/uploads\/2014\/01\/capeto3.jpg\"><img decoding=\"async\" class=\"alignnone size-full wp-image-51906\" alt=\"capeto3\" src=\"https:\/\/www.2beauty.com.br\/blog\/wp-content\/uploads\/2014\/01\/capeto3.jpg\" width=\"620\" height=\"412\" srcset=\"https:\/\/www.2beauty.com.br\/blog\/wp-content\/uploads\/2014\/01\/capeto3.jpg 620w, https:\/\/www.2beauty.com.br\/blog\/wp-content\/uploads\/2014\/01\/capeto3-580x385.jpg 580w, https:\/\/www.2beauty.com.br\/blog\/wp-content\/uploads\/2014\/01\/capeto3-250x166.jpg 250w\" sizes=\"(max-width: 620px) 100vw, 620px\" \/><\/a><\/strong><\/p>\n<p style=\"text-align: center;\"><strong>Amostrinhas<\/strong><\/p>\n<p>O iluminador da Panvel tem fundo rosado e part\u00edculas de brilho douradas.<\/p>\n<p>Ao espalhar na pele, o rosa some e o que sobra s\u00e3o as cintil\u00e2ncias.<\/p>\n<blockquote><p>Achei a amostrinha na m\u00e3o super bonita e com brilho na medida certa para iluminar a pele sem parecer algo super for\u00e7ado.<\/p><\/blockquote>\n<p>Depois da m\u00e3o, experimentei nas t\u00eamporas.<\/p>\n<p>Espalhei uma camada leve, esfumei e o brilho sumiu.<\/p>\n<p>A\u00ed passei mais uma camada mais generosa, espalhei e&#8230; nada (ou quase nada):<\/p>\n<p style=\"text-align: center;\"><strong><a href=\"https:\/\/www.2beauty.com.br\/blog\/wp-content\/uploads\/2014\/01\/capeto4.jpg\"><img loading=\"lazy\" decoding=\"async\" class=\"alignnone size-full wp-image-51907\" alt=\"capeto4\" src=\"https:\/\/www.2beauty.com.br\/blog\/wp-content\/uploads\/2014\/01\/capeto4.jpg\" width=\"620\" height=\"412\" srcset=\"https:\/\/www.2beauty.com.br\/blog\/wp-content\/uploads\/2014\/01\/capeto4.jpg 620w, https:\/\/www.2beauty.com.br\/blog\/wp-content\/uploads\/2014\/01\/capeto4-580x385.jpg 580w, https:\/\/www.2beauty.com.br\/blog\/wp-content\/uploads\/2014\/01\/capeto4-250x166.jpg 250w\" sizes=\"(max-width: 620px) 100vw, 620px\" \/><\/a><\/strong><\/p>\n<p style=\"text-align: center;\"><strong>No car\u00e3o (foto com flash)<\/strong><\/p>\n<p>Infelizmente o brilho ficou t\u00e3o sutil que mesmo usando o flash, nem parece que passei iluminador.<\/p>\n<p>Como ele n\u00e3o fez nem tchum, acabei n\u00e3o testando mais a fundo para escrever resenha.<\/p>\n<p>Uma pena ser t\u00e3o discreto assim, afinal, o pre\u00e7o \u00e9 super bom!<\/p>\n<p><strong>A bisnaga de 10g custa R$17,90 em qualquer farm\u00e1cia Panvel ou pelo <a href=\"https:\/\/www.panvel.com\/panvel\/visualizarProduto.do?codigoItem=661920\" target=\"_blank\">site panvel.com.br<\/a>.<\/strong><\/p>\n<p style=\"text-align: center;\">. . . . . . . . . .<\/p>\n<p>Para ver amostrinhas dele em outras pessoas, clica <a href=\"https:\/\/www.borboletasnacarteira.com.br\/swatches\/resenha-colecao-primaveraverao-isabela-capeto-para-panvel\/\" target=\"_blank\">aqui<\/a> e <a href=\"https:\/\/claudinhastoco.com\/iluminador-cremoso-facial-isabela-capeto-para-panvel\/\" target=\"_blank\">aqui<\/a>.<\/p>\n","protected":false},"excerpt":{"rendered":"<p>Iluminador Cremoso Facial Panvel Isabela Capeto Comecei o ano experimentando alguns iluminadores diferentes e esse da Panvel feito em parceria com a Isabela Capeto parecia muito promissor como iluminador para usar no trabalho ou em ocasi\u00f5es menos festivas tanto pelo pre\u00e7o quanto pelos brilhos dourados sutis. Amostrinhas O iluminador da Panvel tem fundo rosado e part\u00edculas de brilho douradas. Ao espalhar na pele, o rosa some e o que sobra s\u00e3o as cintil\u00e2ncias. Achei a amostrinha na m\u00e3o super bonita e com brilho na medida certa para iluminar a pele sem parecer algo super for\u00e7ado. Depois da m\u00e3o, experimentei nas t\u00eamporas. Espalhei uma camada leve, esfumei e o brilho sumiu. A\u00ed passei mais uma camada mais generosa, espalhei e&#8230; nada (ou quase nada): No car\u00e3o (foto com flash) Infelizmente o brilho ficou t\u00e3o sutil que mesmo usando o flash, nem parece que passei iluminador. Como ele n\u00e3o fez nem tchum, acabei n\u00e3o testando mais a fundo para escrever resenha. Uma pena ser t\u00e3o discreto assim, afinal, o pre\u00e7o \u00e9 super bom! A bisnaga de 10g custa R$17,90 em qualquer farm\u00e1cia Panvel ou pelo site panvel.com.br. . . . . . . . . . . Para ver amostrinhas dele em outras pessoas, clica aqui e aqui.<\/p>\n","protected":false},"author":1,"featured_media":51904,"comment_status":"open","ping_status":"open","sticky":false,"template":"","format":"standard","meta":{"_uag_custom_page_level_css":"","footnotes":""},"categories":[84],"tags":[2252,4117,1318,334],"class_list":["post-51903","post","type-post","status-publish","format-standard","has-post-thumbnail","hentry","category-maquiagem","tag-amostrinhas","tag-iluminador","tag-isabela-capeto","tag-panvel"],"uagb_featured_image_src":{"full":["https:\/\/www.2beauty.com.br\/blog\/wp-content\/uploads\/2014\/01\/capeto1.jpg",620,932,false],"thumbnail":["https:\/\/www.2beauty.com.br\/blog\/wp-content\/uploads\/2014\/01\/capeto1-300x250.jpg",300,250,true],"medium":["https:\/\/www.2beauty.com.br\/blog\/wp-content\/uploads\/2014\/01\/capeto1-289x435.jpg",289,435,true],"medium_large":["https:\/\/www.2beauty.com.br\/blog\/wp-content\/uploads\/2014\/01\/capeto1.jpg",620,932,false],"large":["https:\/\/www.2beauty.com.br\/blog\/wp-content\/uploads\/2014\/01\/capeto1-620x932.jpg",620,932,true],"1536x1536":["https:\/\/www.2beauty.com.br\/blog\/wp-content\/uploads\/2014\/01\/capeto1.jpg",620,932,false],"2048x2048":["https:\/\/www.2beauty.com.br\/blog\/wp-content\/uploads\/2014\/01\/capeto1.jpg",620,932,false],"ashe-slider-grid-thumbnail":["https:\/\/www.2beauty.com.br\/blog\/wp-content\/uploads\/2014\/01\/capeto1.jpg",359,540,false],"ashe-full-thumbnail":["https:\/\/www.2beauty.com.br\/blog\/wp-content\/uploads\/2014\/01\/capeto1.jpg",620,932,false],"ashe-grid-thumbnail":["https:\/\/www.2beauty.com.br\/blog\/wp-content\/uploads\/2014\/01\/capeto1.jpg",220,330,false],"ashe-list-thumbnail":["https:\/\/www.2beauty.com.br\/blog\/wp-content\/uploads\/2014\/01\/capeto1.jpg",200,300,false],"ashe-single-navigation":["https:\/\/www.2beauty.com.br\/blog\/wp-content\/uploads\/2014\/01\/capeto1.jpg",50,75,false]},"uagb_author_info":{"display_name":"Marina Smith","author_link":"https:\/\/www.2beauty.com.br\/blog\/author\/marinasmith\/"},"uagb_comment_info":6,"uagb_excerpt":"Iluminador Cremoso Facial Panvel Isabela Capeto Comecei o ano experimentando alguns iluminadores diferentes e esse da Panvel feito em parceria com a Isabela Capeto parecia muito promissor como iluminador para usar no trabalho ou em ocasi\u00f5es menos festivas tanto pelo pre\u00e7o quanto pelos brilhos dourados sutis. Amostrinhas O iluminador da Panvel tem fundo rosado e&hellip;","acf":[],"_links":{"self":[{"href":"https:\/\/www.2beauty.com.br\/blog\/wp-json\/wp\/v2\/posts\/51903","targetHints":{"allow":["GET"]}}],"collection":[{"href":"https:\/\/www.2beauty.com.br\/blog\/wp-json\/wp\/v2\/posts"}],"about":[{"href":"https:\/\/www.2beauty.com.br\/blog\/wp-json\/wp\/v2\/types\/post"}],"author":[{"embeddable":true,"href":"https:\/\/www.2beauty.com.br\/blog\/wp-json\/wp\/v2\/users\/1"}],"replies":[{"embeddable":true,"href":"https:\/\/www.2beauty.com.br\/blog\/wp-json\/wp\/v2\/comments?post=51903"}],"version-history":[{"count":0,"href":"https:\/\/www.2beauty.com.br\/blog\/wp-json\/wp\/v2\/posts\/51903\/revisions"}],"wp:featuredmedia":[{"embeddable":true,"href":"https:\/\/www.2beauty.com.br\/blog\/wp-json\/wp\/v2\/media\/51904"}],"wp:attachment":[{"href":"https:\/\/www.2beauty.com.br\/blog\/wp-json\/wp\/v2\/media?parent=51903"}],"wp:term":[{"taxonomy":"category","embeddable":true,"href":"https:\/\/www.2beauty.com.br\/blog\/wp-json\/wp\/v2\/categories?post=51903"},{"taxonomy":"post_tag","embeddable":true,"href":"https:\/\/www.2beauty.com.br\/blog\/wp-json\/wp\/v2\/tags?post=51903"}],"curies":[{"name":"wp","href":"https:\/\/api.w.org\/{rel}","templated":true}]}}