{"id":50447,"date":"2013-11-14T12:57:05","date_gmt":"2013-11-14T14:57:05","guid":{"rendered":"https:\/\/www.2beauty.com.br\/blog\/?p=50447"},"modified":"2019-02-15T16:11:16","modified_gmt":"2019-02-15T18:11:16","slug":"concurso-cultural-natal-dani-pinheiro","status":"publish","type":"post","link":"https:\/\/www.2beauty.com.br\/blog\/2013\/11\/concurso-cultural-natal-dani-pinheiro\/","title":{"rendered":"Concurso Cultural: Natal Dani Pinheiro"},"content":{"rendered":"<p><a href=\"https:\/\/www.danipinheiro.com.br\/vitrine\/\" target=\"_blank\"><img fetchpriority=\"high\" decoding=\"async\" class=\"size-full wp-image-50448 aligncenter\" alt=\"danipinheiro\" src=\"https:\/\/www.2beauty.com.br\/blog\/wp-content\/uploads\/2013\/11\/danipinheiro.jpg\" width=\"620\" height=\"900\" srcset=\"https:\/\/www.2beauty.com.br\/blog\/wp-content\/uploads\/2013\/11\/danipinheiro.jpg 620w, https:\/\/www.2beauty.com.br\/blog\/wp-content\/uploads\/2013\/11\/danipinheiro-300x435.jpg 300w, https:\/\/www.2beauty.com.br\/blog\/wp-content\/uploads\/2013\/11\/danipinheiro-580x842.jpg 580w\" sizes=\"(max-width: 620px) 100vw, 620px\" \/><\/a><\/p>\n<p>J\u00e1 viram as novidades pro Natal no<a href=\"https:\/\/www.danipinheiro.com.br\/vitrine\/\" target=\"_blank\"> site da Dani Pinheiro<\/a>?<\/p>\n<p>Para chamar voc\u00eas a conhecerem a <a href=\"https:\/\/www.danipinheiro.com.br\/vitrine\/2013\/11\/a-temporada-de-natal-2013-comecou-e-muita-coisa-linda-para-voce-presentear-a-voce-e-aquela-pessoa-super-especial-que-tal-ja-comecar-a-fazer-as-suas-compras\/\" target=\"_blank\">sele\u00e7\u00e3o pras festas de final de ano<\/a>, a Dani me chamou pra fazer Concurso Cultural com dois pr\u00eamios fofos.<\/p>\n<p><strong>S\u00e3o eles:<\/strong><\/p>\n<ul>\n<li>Frasqueira t\u00e9rmica Built NY Gourmet Lunch Tote<\/li>\n<li>Anel liso e cravejado (pedras brancas)<\/li>\n<\/ul>\n<p style=\"text-align: center;\">. . . . . . . . . .<\/p>\n<p><strong>S\u00f3 para relembrar:<\/strong><\/p>\n<p>O blog trocou os sorteios por concursos, porque sorteios devem ser registrados com a Caixa Econ\u00f4mica Federal e Minist\u00e9rio da Fazenda. \u00c9 uma burocracia u\u00f3h e tem que pagar taxa para cada sorteio novo, ent\u00e3o n\u00e3o rola.<\/p>\n<p>Se eu quiser fazer sorteio e n\u00e3o tiver o registro, corro o risco de algu\u00e9m me denunciar&#8230; a\u00ed eu pago multa.<\/p>\n<p><a href=\"https:\/\/www.tecmundo.com.br\/governo\/42412-sorteios-em-redes-sociais-estao-proibidos-por-lei.htm\" target=\"_blank\">Aqui vai a reportagem explicando a lei.<\/a><\/p>\n<p><strong>Regras para participar do concurso:<\/strong><\/p>\n<blockquote><p>A pessoa de qualquer parte do Brasil que deseja participar deve preencher o formul\u00e1rio do Google Docs abaixo at\u00e9 \u00e0s 23h de domingo, 17 de novembro de 2013. Por favor, preencha corretamente seu nome, sobrenome e e-mail no formul\u00e1rio do Google Docs e n\u00e3o esque\u00e7a de responder:<\/p>\n<p>COMO VOC\u00ca DEIXA O NATAL MAIS BONITO?<\/p><\/blockquote>\n<p>Ganha o kit o autor da resposta que eu julgar mais criativa. O resultado ser\u00e1 publicado na segunda-feira, dia 18 de novembro de 2013.<\/p>\n<p style=\"text-align: center;\"><strong>&#8211; &#8211; &#8211; &#8211; &#8211; &#8211; &#8211; INSCRI\u00c7\u00d5ES ENCERRADAS &#8211; &#8211; &#8211; &#8211; &#8211; &#8211; &#8211;<\/strong><\/p>\n","protected":false},"excerpt":{"rendered":"<p>J\u00e1 viram as novidades pro Natal no site da Dani Pinheiro? Para chamar voc\u00eas a conhecerem a sele\u00e7\u00e3o pras festas de final de ano, a Dani me chamou pra fazer Concurso Cultural com dois pr\u00eamios fofos. S\u00e3o eles: Frasqueira t\u00e9rmica Built NY Gourmet Lunch Tote Anel liso e cravejado (pedras brancas) . . . . . . . . . . S\u00f3 para relembrar: O blog trocou os sorteios por concursos, porque sorteios devem ser registrados com a Caixa Econ\u00f4mica Federal e Minist\u00e9rio da Fazenda. \u00c9 uma burocracia u\u00f3h e tem que pagar taxa para cada sorteio novo, ent\u00e3o n\u00e3o rola. Se eu quiser fazer sorteio e n\u00e3o tiver o registro, corro o risco de algu\u00e9m me denunciar&#8230; a\u00ed eu pago multa. Aqui vai a reportagem explicando a lei. Regras para participar do concurso: A pessoa de qualquer parte do Brasil que deseja participar deve preencher o formul\u00e1rio do Google Docs abaixo at\u00e9 \u00e0s 23h de domingo, 17 de novembro de 2013. Por favor, preencha corretamente seu nome, sobrenome e e-mail no formul\u00e1rio do Google Docs e n\u00e3o esque\u00e7a de responder: COMO VOC\u00ca DEIXA O NATAL MAIS BONITO? Ganha o kit o autor da resposta que eu julgar mais criativa. O resultado ser\u00e1 publicado na segunda-feira, dia 18 de novembro de 2013. &#8211; &#8211; &#8211; &#8211; &#8211; &#8211; &#8211; INSCRI\u00c7\u00d5ES ENCERRADAS &#8211; &#8211; &#8211; &#8211; &#8211; &#8211; &#8211;<\/p>\n","protected":false},"author":1,"featured_media":50448,"comment_status":"open","ping_status":"open","sticky":false,"template":"","format":"standard","meta":{"_uag_custom_page_level_css":"","footnotes":""},"categories":[1],"tags":[600,388],"class_list":["post-50447","post","type-post","status-publish","format-standard","has-post-thumbnail","hentry","category-geral","tag-concurso-cultural","tag-dani-pinheiro"],"uagb_featured_image_src":{"full":["https:\/\/www.2beauty.com.br\/blog\/wp-content\/uploads\/2013\/11\/danipinheiro.jpg",620,900,false],"thumbnail":["https:\/\/www.2beauty.com.br\/blog\/wp-content\/uploads\/2013\/11\/danipinheiro-300x250.jpg",300,250,true],"medium":["https:\/\/www.2beauty.com.br\/blog\/wp-content\/uploads\/2013\/11\/danipinheiro-300x435.jpg",300,435,true],"medium_large":["https:\/\/www.2beauty.com.br\/blog\/wp-content\/uploads\/2013\/11\/danipinheiro.jpg",620,900,false],"large":["https:\/\/www.2beauty.com.br\/blog\/wp-content\/uploads\/2013\/11\/danipinheiro-620x900.jpg",620,900,true],"1536x1536":["https:\/\/www.2beauty.com.br\/blog\/wp-content\/uploads\/2013\/11\/danipinheiro.jpg",620,900,false],"2048x2048":["https:\/\/www.2beauty.com.br\/blog\/wp-content\/uploads\/2013\/11\/danipinheiro.jpg",620,900,false],"ashe-slider-grid-thumbnail":["https:\/\/www.2beauty.com.br\/blog\/wp-content\/uploads\/2013\/11\/danipinheiro.jpg",372,540,false],"ashe-full-thumbnail":["https:\/\/www.2beauty.com.br\/blog\/wp-content\/uploads\/2013\/11\/danipinheiro.jpg",620,900,false],"ashe-grid-thumbnail":["https:\/\/www.2beauty.com.br\/blog\/wp-content\/uploads\/2013\/11\/danipinheiro.jpg",227,330,false],"ashe-list-thumbnail":["https:\/\/www.2beauty.com.br\/blog\/wp-content\/uploads\/2013\/11\/danipinheiro.jpg",207,300,false],"ashe-single-navigation":["https:\/\/www.2beauty.com.br\/blog\/wp-content\/uploads\/2013\/11\/danipinheiro.jpg",52,75,false]},"uagb_author_info":{"display_name":"Marina Smith","author_link":"https:\/\/www.2beauty.com.br\/blog\/author\/marinasmith\/"},"uagb_comment_info":8,"uagb_excerpt":"J\u00e1 viram as novidades pro Natal no site da Dani Pinheiro? Para chamar voc\u00eas a conhecerem a sele\u00e7\u00e3o pras festas de final de ano, a Dani me chamou pra fazer Concurso Cultural com dois pr\u00eamios fofos. S\u00e3o eles: Frasqueira t\u00e9rmica Built NY Gourmet Lunch Tote Anel liso e cravejado (pedras brancas) . . . .&hellip;","acf":[],"_links":{"self":[{"href":"https:\/\/www.2beauty.com.br\/blog\/wp-json\/wp\/v2\/posts\/50447","targetHints":{"allow":["GET"]}}],"collection":[{"href":"https:\/\/www.2beauty.com.br\/blog\/wp-json\/wp\/v2\/posts"}],"about":[{"href":"https:\/\/www.2beauty.com.br\/blog\/wp-json\/wp\/v2\/types\/post"}],"author":[{"embeddable":true,"href":"https:\/\/www.2beauty.com.br\/blog\/wp-json\/wp\/v2\/users\/1"}],"replies":[{"embeddable":true,"href":"https:\/\/www.2beauty.com.br\/blog\/wp-json\/wp\/v2\/comments?post=50447"}],"version-history":[{"count":0,"href":"https:\/\/www.2beauty.com.br\/blog\/wp-json\/wp\/v2\/posts\/50447\/revisions"}],"wp:featuredmedia":[{"embeddable":true,"href":"https:\/\/www.2beauty.com.br\/blog\/wp-json\/wp\/v2\/media\/50448"}],"wp:attachment":[{"href":"https:\/\/www.2beauty.com.br\/blog\/wp-json\/wp\/v2\/media?parent=50447"}],"wp:term":[{"taxonomy":"category","embeddable":true,"href":"https:\/\/www.2beauty.com.br\/blog\/wp-json\/wp\/v2\/categories?post=50447"},{"taxonomy":"post_tag","embeddable":true,"href":"https:\/\/www.2beauty.com.br\/blog\/wp-json\/wp\/v2\/tags?post=50447"}],"curies":[{"name":"wp","href":"https:\/\/api.w.org\/{rel}","templated":true}]}}