{"id":49421,"date":"2013-10-08T15:00:02","date_gmt":"2013-10-08T17:00:02","guid":{"rendered":"https:\/\/www.2beauty.com.br\/blog\/?p=49421"},"modified":"2019-02-15T16:11:19","modified_gmt":"2019-02-15T18:11:19","slug":"perfume-loccitane-eau-de-toilette-verbena","status":"publish","type":"post","link":"https:\/\/www.2beauty.com.br\/blog\/2013\/10\/perfume-loccitane-eau-de-toilette-verbena\/","title":{"rendered":"Perfume: Verveine\/Verbena Eau de Toilette L&#8217;Occitane en Provence"},"content":{"rendered":"<p style=\"text-align: center;\"><strong><a href=\"https:\/\/www.2beauty.com.br\/blog\/wp-content\/uploads\/2013\/10\/loccitante.jpg\"><img fetchpriority=\"high\" decoding=\"async\" class=\"alignnone size-full wp-image-49422\" src=\"https:\/\/www.2beauty.com.br\/blog\/wp-content\/uploads\/2013\/10\/loccitante.jpg\" alt=\"loccitante\" width=\"620\" height=\"932\" srcset=\"https:\/\/www.2beauty.com.br\/blog\/wp-content\/uploads\/2013\/10\/loccitante.jpg 620w, https:\/\/www.2beauty.com.br\/blog\/wp-content\/uploads\/2013\/10\/loccitante-580x872.jpg 580w, https:\/\/www.2beauty.com.br\/blog\/wp-content\/uploads\/2013\/10\/loccitante-289x435.jpg 289w\" sizes=\"(max-width: 620px) 100vw, 620px\" \/><\/a><\/strong><\/p>\n<p style=\"text-align: center;\"><strong>Verveine\/Verbena Eau de Toilette L&#8217;Occitane en Provence<\/strong><\/p>\n<p>Aqui est\u00e1 o \u00faltimo perfume da minha listinha de preferidos!<\/p>\n<p>Damon e Stefan Salvatore que me perdoem, mas eu adoro o cheirinho de verbena.<\/p>\n<p>Essa fragr\u00e2ncia unissex da L&#8217;Occitane \u00e9 muito fresca e uma \u00f3tima pedida para momentos mais relaxantes ou dias muito quentes.<\/p>\n<p>N\u00e3o \u00e9 perfume de vida bandida ;)<\/p>\n<blockquote><p>Tem cheiro de campo e de limpeza, ideal para quem gosta de c\u00edtricos, j\u00e1 que al\u00e9m das notas de verbena, tamb\u00e9m tem notas de lim\u00e3o e laranja.<\/p><\/blockquote>\n<p>O \u00fanico por\u00e9m \u00e9 a fixa\u00e7\u00e3o fraca.<\/p>\n<p>Verbena \u00e9 eau de toilette e em mim o cheiro dura umas tr\u00eas horas no m\u00e1ximo :\/<\/p>\n<p>Uso muito a noite,\u00a0 depois do banho, porque acho que me acalma. Tamb\u00e9m gosto de usar aos s\u00e1bados, quando almo\u00e7o com a fam\u00edlia.<\/p>\n<p>O cheirinho me lembra dias bonitos de sol, povo animado tomando caipa ou vinho branco no clube, tipo aquele <a href=\"https:\/\/www.youtube.com\/watch?v=26OroA_Apvg\" target=\"_blank\">comercial do Azeite Borges<\/a> s\u00f3 que com \u00e1lcool ao inv\u00e9s de salada, sabe?<\/p>\n<p>A composi\u00e7\u00e3o tem notas de lim\u00e3o e laranja (cabe\u00e7a), notas de verbena e petit grain (cora\u00e7\u00e3o) e notas de rosa e ger\u00e2nio (fundo).<\/p>\n<p style=\"text-align: center;\">. . . . . . . . .<\/p>\n<p>O frasco de 100ml custa R$215,00 nas <a href=\"https:\/\/links.lomadee.com\/ls\/MmZRUTs3QUtqYmRBTTszNDczODc4ODswOzE3NjszMzg1MzE4NjswO0JSOzM7OzA-.html\" target=\"_blank\">lojas ou site da L&#8217;Occitane<\/a> e R$198,00 no <a href=\"https:\/\/www.sephora.com.br\/site\/produto.asp?id=9295\" target=\"_blank\">site da Sephora<\/a>.<\/p>\n","protected":false},"excerpt":{"rendered":"<p>Verveine\/Verbena Eau de Toilette L&#8217;Occitane en Provence Aqui est\u00e1 o \u00faltimo perfume da minha listinha de preferidos! Damon e Stefan Salvatore que me perdoem, mas eu adoro o cheirinho de verbena. Essa fragr\u00e2ncia unissex da L&#8217;Occitane \u00e9 muito fresca e uma \u00f3tima pedida para momentos mais relaxantes ou dias muito quentes. N\u00e3o \u00e9 perfume de vida bandida ;) Tem cheiro de campo e de limpeza, ideal para quem gosta de c\u00edtricos, j\u00e1 que al\u00e9m das notas de verbena, tamb\u00e9m tem notas de lim\u00e3o e laranja. O \u00fanico por\u00e9m \u00e9 a fixa\u00e7\u00e3o fraca. Verbena \u00e9 eau de toilette e em mim o cheiro dura umas tr\u00eas horas no m\u00e1ximo :\/ Uso muito a noite,\u00a0 depois do banho, porque acho que me acalma. Tamb\u00e9m gosto de usar aos s\u00e1bados, quando almo\u00e7o com a fam\u00edlia. O cheirinho me lembra dias bonitos de sol, povo animado tomando caipa ou vinho branco no clube, tipo aquele comercial do Azeite Borges s\u00f3 que com \u00e1lcool ao inv\u00e9s de salada, sabe? A composi\u00e7\u00e3o tem notas de lim\u00e3o e laranja (cabe\u00e7a), notas de verbena e petit grain (cora\u00e7\u00e3o) e notas de rosa e ger\u00e2nio (fundo). . . . . . . . . . O frasco de 100ml custa R$215,00 nas lojas ou site da L&#8217;Occitane e R$198,00 no site da Sephora.<\/p>\n","protected":false},"author":1,"featured_media":49422,"comment_status":"open","ping_status":"open","sticky":false,"template":"","format":"standard","meta":{"_uag_custom_page_level_css":"","footnotes":""},"categories":[1],"tags":[2345,1636,3425],"class_list":["post-49421","post","type-post","status-publish","format-standard","has-post-thumbnail","hentry","category-geral","tag-loccitane","tag-perfumes","tag-verbena"],"uagb_featured_image_src":{"full":["https:\/\/www.2beauty.com.br\/blog\/wp-content\/uploads\/2013\/10\/loccitante.jpg",620,932,false],"thumbnail":["https:\/\/www.2beauty.com.br\/blog\/wp-content\/uploads\/2013\/10\/loccitante-300x250.jpg",300,250,true],"medium":["https:\/\/www.2beauty.com.br\/blog\/wp-content\/uploads\/2013\/10\/loccitante-289x435.jpg",289,435,true],"medium_large":["https:\/\/www.2beauty.com.br\/blog\/wp-content\/uploads\/2013\/10\/loccitante.jpg",620,932,false],"large":["https:\/\/www.2beauty.com.br\/blog\/wp-content\/uploads\/2013\/10\/loccitante-620x932.jpg",620,932,true],"1536x1536":["https:\/\/www.2beauty.com.br\/blog\/wp-content\/uploads\/2013\/10\/loccitante.jpg",620,932,false],"2048x2048":["https:\/\/www.2beauty.com.br\/blog\/wp-content\/uploads\/2013\/10\/loccitante.jpg",620,932,false],"ashe-slider-grid-thumbnail":["https:\/\/www.2beauty.com.br\/blog\/wp-content\/uploads\/2013\/10\/loccitante.jpg",359,540,false],"ashe-full-thumbnail":["https:\/\/www.2beauty.com.br\/blog\/wp-content\/uploads\/2013\/10\/loccitante.jpg",620,932,false],"ashe-grid-thumbnail":["https:\/\/www.2beauty.com.br\/blog\/wp-content\/uploads\/2013\/10\/loccitante.jpg",220,330,false],"ashe-list-thumbnail":["https:\/\/www.2beauty.com.br\/blog\/wp-content\/uploads\/2013\/10\/loccitante.jpg",200,300,false],"ashe-single-navigation":["https:\/\/www.2beauty.com.br\/blog\/wp-content\/uploads\/2013\/10\/loccitante.jpg",50,75,false]},"uagb_author_info":{"display_name":"Marina Smith","author_link":"https:\/\/www.2beauty.com.br\/blog\/author\/marinasmith\/"},"uagb_comment_info":34,"uagb_excerpt":"Verveine\/Verbena Eau de Toilette L&#8217;Occitane en Provence Aqui est\u00e1 o \u00faltimo perfume da minha listinha de preferidos! Damon e Stefan Salvatore que me perdoem, mas eu adoro o cheirinho de verbena. Essa fragr\u00e2ncia unissex da L&#8217;Occitane \u00e9 muito fresca e uma \u00f3tima pedida para momentos mais relaxantes ou dias muito quentes. N\u00e3o \u00e9 perfume de&hellip;","acf":[],"_links":{"self":[{"href":"https:\/\/www.2beauty.com.br\/blog\/wp-json\/wp\/v2\/posts\/49421","targetHints":{"allow":["GET"]}}],"collection":[{"href":"https:\/\/www.2beauty.com.br\/blog\/wp-json\/wp\/v2\/posts"}],"about":[{"href":"https:\/\/www.2beauty.com.br\/blog\/wp-json\/wp\/v2\/types\/post"}],"author":[{"embeddable":true,"href":"https:\/\/www.2beauty.com.br\/blog\/wp-json\/wp\/v2\/users\/1"}],"replies":[{"embeddable":true,"href":"https:\/\/www.2beauty.com.br\/blog\/wp-json\/wp\/v2\/comments?post=49421"}],"version-history":[{"count":0,"href":"https:\/\/www.2beauty.com.br\/blog\/wp-json\/wp\/v2\/posts\/49421\/revisions"}],"wp:featuredmedia":[{"embeddable":true,"href":"https:\/\/www.2beauty.com.br\/blog\/wp-json\/wp\/v2\/media\/49422"}],"wp:attachment":[{"href":"https:\/\/www.2beauty.com.br\/blog\/wp-json\/wp\/v2\/media?parent=49421"}],"wp:term":[{"taxonomy":"category","embeddable":true,"href":"https:\/\/www.2beauty.com.br\/blog\/wp-json\/wp\/v2\/categories?post=49421"},{"taxonomy":"post_tag","embeddable":true,"href":"https:\/\/www.2beauty.com.br\/blog\/wp-json\/wp\/v2\/tags?post=49421"}],"curies":[{"name":"wp","href":"https:\/\/api.w.org\/{rel}","templated":true}]}}