{"id":47745,"date":"2013-08-27T13:00:22","date_gmt":"2013-08-27T15:00:22","guid":{"rendered":"https:\/\/www.2beauty.com.br\/blog\/?p=47745"},"modified":"2019-02-15T16:11:22","modified_gmt":"2019-02-15T18:11:22","slug":"resenha-base-le-teint-touche-eclat","status":"publish","type":"post","link":"https:\/\/www.2beauty.com.br\/blog\/2013\/08\/resenha-base-le-teint-touche-eclat\/","title":{"rendered":"Resenha:  Base Le Teint Touche \u00c9clat YSL"},"content":{"rendered":"<p><a href=\"https:\/\/www.2beauty.com.br\/blog\/wp-content\/uploads\/2013\/08\/base1.jpg\"><img fetchpriority=\"high\" decoding=\"async\" class=\"size-full wp-image-47746 aligncenter\" alt=\"base1\" src=\"https:\/\/www.2beauty.com.br\/blog\/wp-content\/uploads\/2013\/08\/base1.jpg\" width=\"620\" height=\"932\" srcset=\"https:\/\/www.2beauty.com.br\/blog\/wp-content\/uploads\/2013\/08\/base1.jpg 620w, https:\/\/www.2beauty.com.br\/blog\/wp-content\/uploads\/2013\/08\/base1-580x872.jpg 580w, https:\/\/www.2beauty.com.br\/blog\/wp-content\/uploads\/2013\/08\/base1-289x435.jpg 289w\" sizes=\"(max-width: 620px) 100vw, 620px\" \/><\/a><\/p>\n<p style=\"text-align: center;\"><img decoding=\"async\" style=\"width: 30px; height: 30px;\" title=\"Star\" alt=\"Star\" src=\"https:\/\/www.2beauty.com.br\/blog\/images\/star.gif\" width=\"30\" height=\"30\" align=\"top\" border=\"0\" \/><img decoding=\"async\" style=\"width: 30px; height: 30px;\" title=\"Star\" alt=\"Star\" src=\"https:\/\/www.2beauty.com.br\/blog\/images\/star.gif\" width=\"30\" height=\"30\" align=\"top\" border=\"0\" \/><img decoding=\"async\" style=\"width: 30px; height: 30px;\" title=\"Star\" alt=\"Star\" src=\"https:\/\/www.2beauty.com.br\/blog\/images\/star.gif\" width=\"30\" height=\"30\" align=\"top\" border=\"0\" \/><img decoding=\"async\" style=\"width: 30px; height: 30px;\" title=\"Star\" alt=\"Star\" src=\"https:\/\/www.2beauty.com.br\/blog\/images\/star3.gif\" width=\"30\" height=\"30\" align=\"top\" border=\"0\" \/><img loading=\"lazy\" decoding=\"async\" style=\"width: 30px; height: 30px;\" title=\"Star\" alt=\"Star\" src=\"https:\/\/www.2beauty.com.br\/blog\/images\/star2.gif\" width=\"30\" height=\"30\" align=\"top\" border=\"0\" \/><\/p>\n<p style=\"text-align: center;\"><strong>3,8 estrelinhas<\/strong><\/p>\n<p>A Base Le Teint Touche \u00c9clat da YSL \u00e9 minha nova base dos tutoriais.<\/p>\n<p>Gostei bastante de como ela \u00e9 leve.<\/p>\n<p>N\u00e3o \u00e9 uma base de super cobertura e o acabamento dela n\u00e3o \u00e9 seco, mas pras minhas necessidades (olheiras e pele mista), est\u00e1 funcionando muito bem.<\/p>\n<p>Falta ver como ela se comportar\u00e1 no ver\u00e3o, mas por n\u00e3o ser pesada, creio que vou continuar gostando.<\/p>\n<p><strong>A descri\u00e7\u00e3o oficial diz o seguinte:<\/strong><\/p>\n<blockquote><p>Yves Saint Laurent apresenta LE TEINT TOUCHE \u00c9CLAT, uma base de tecnologia inovadora, que proporciona luminosidade m\u00e1gica para todo o rosto. Uma f\u00f3rmula \u00fanica e luxuosa, que atinge as \u00e1reas de sombra e real\u00e7a os contornos. Sua textura \u00e9 leve como o ar.<\/p>\n<p>Sua f\u00f3rmula, livre de part\u00edculas opacas, iguala a pele, encobre imperfei\u00e7\u00f5es e real\u00e7a a beleza natural. Com Le Teint Touche \u00c9clat, sua pele fica com um aspecto mais natural, radiante, sofisticado, mais Yves Saint Laurent. Le Teint Touche \u00c9clat lan\u00e7a uma luz sob medida para todas as mulheres Saint Laurent do mundo. A pele e a luz se fundem para uma apar\u00eancia perfeita.<\/p><\/blockquote>\n<p>Recebi a minha da assessoria e uma unidade de 30ml custa <a href=\"https:\/\/www.sephora.com.br\/site\/produto.asp?idproduto=15752&amp;idparceria=20366&amp;utm_source=2beauty&amp;utm_medium=post&amp;utm_campaign=ysl      \" target=\"_blank\">R$254 no Brasil em sites e lojas como a Sephora<\/a>.<\/p>\n<p>Eu sei, o pre\u00e7o \u00e9 deprimente total e, at\u00e9 o momento, \u00e9 o \u00fanico por\u00e9m dessa base.<\/p>\n<p style=\"text-align: center;\"><strong><a href=\"https:\/\/www.2beauty.com.br\/blog\/wp-content\/uploads\/2013\/08\/base2.jpg\"><img loading=\"lazy\" decoding=\"async\" class=\"alignnone size-full wp-image-47747\" alt=\"base2\" src=\"https:\/\/www.2beauty.com.br\/blog\/wp-content\/uploads\/2013\/08\/base2.jpg\" width=\"620\" height=\"412\" srcset=\"https:\/\/www.2beauty.com.br\/blog\/wp-content\/uploads\/2013\/08\/base2.jpg 620w, https:\/\/www.2beauty.com.br\/blog\/wp-content\/uploads\/2013\/08\/base2-580x385.jpg 580w, https:\/\/www.2beauty.com.br\/blog\/wp-content\/uploads\/2013\/08\/base2-250x166.jpg 250w\" sizes=\"(max-width: 620px) 100vw, 620px\" \/><\/a><\/strong><\/p>\n<p style=\"text-align: center;\"><strong><a href=\"https:\/\/www.2beauty.com.br\/blog\/wp-content\/uploads\/2013\/08\/base3.jpg\"><img loading=\"lazy\" decoding=\"async\" class=\"alignnone size-full wp-image-47748\" alt=\"base3\" src=\"https:\/\/www.2beauty.com.br\/blog\/wp-content\/uploads\/2013\/08\/base3.jpg\" width=\"620\" height=\"412\" srcset=\"https:\/\/www.2beauty.com.br\/blog\/wp-content\/uploads\/2013\/08\/base3.jpg 620w, https:\/\/www.2beauty.com.br\/blog\/wp-content\/uploads\/2013\/08\/base3-580x385.jpg 580w, https:\/\/www.2beauty.com.br\/blog\/wp-content\/uploads\/2013\/08\/base3-250x166.jpg 250w\" sizes=\"(max-width: 620px) 100vw, 620px\" \/><\/a><\/strong><\/p>\n<p style=\"text-align: center;\"><strong>Amostrinha Le Teint Touche \u00c9clat cor B50 Beige<\/strong><\/p>\n<p>A cor que estou usando \u00e9 a B50. Poderia ter escolhido cor mais amarelada, mas o tom n\u00e3o fica artificial ou estranho depois da maquiagem toda pronta.<\/p>\n<p>Na tabela de cores, os tons BD,\u00a0 BR e B s\u00e3o de fundos diferentes. BD \u00e9 &#8220;beige dor\u00e9&#8221;\u00a0 (fundo amarelado), BR \u00e9 &#8220;beige ros\u00e9&#8221; (fundo rosado) e B \u00e9 apenas &#8220;beige&#8221; (neutro).<\/p>\n<p>A cobertura da base \u00e9 m\u00e9dia e d\u00e1 conta de boa parte das minhas olheiras.<\/p>\n<p>Sua textura \u00e9 l\u00edquida e espalha com facilidade, demorando alguns instantes para secar.<\/p>\n<p>O acabamento \u00e9 natural, levemente iluminado.<\/p>\n<p>Ao vivo ela parece menos lustrosa que nas fotos com flash, viu?<\/p>\n<p>Como tenho pele mista, nem cogito usar a Le Teint sem um p\u00f3 na zona T, at\u00e9 porque ela transfere um pouco.<\/p>\n<p>Escolhi o Blot Powder da MAC para acompanhar a base e o resultado tem sido muito bom.<\/p>\n<p style=\"text-align: center;\"><strong><a href=\"https:\/\/www.2beauty.com.br\/blog\/wp-content\/uploads\/2013\/08\/antes.jpg\"><img loading=\"lazy\" decoding=\"async\" class=\"alignnone size-full wp-image-47753\" alt=\"antes\" src=\"https:\/\/www.2beauty.com.br\/blog\/wp-content\/uploads\/2013\/08\/antes.jpg\" width=\"620\" height=\"620\" srcset=\"https:\/\/www.2beauty.com.br\/blog\/wp-content\/uploads\/2013\/08\/antes.jpg 620w, https:\/\/www.2beauty.com.br\/blog\/wp-content\/uploads\/2013\/08\/antes-435x435.jpg 435w, https:\/\/www.2beauty.com.br\/blog\/wp-content\/uploads\/2013\/08\/antes-250x249.jpg 250w\" sizes=\"(max-width: 620px) 100vw, 620px\" \/><\/a><\/strong><\/p>\n<p style=\"text-align: center;\"><strong><a href=\"https:\/\/www.2beauty.com.br\/blog\/wp-content\/uploads\/2013\/08\/base6.jpg\"><img loading=\"lazy\" decoding=\"async\" alt=\"base6\" src=\"https:\/\/www.2beauty.com.br\/blog\/wp-content\/uploads\/2013\/08\/base6.jpg\" width=\"620\" height=\"412\" \/><\/a><\/strong><\/p>\n<p style=\"text-align: center;\"><strong>Antes e depois da base + detalhe do acabamento (foto com flash)<\/strong><\/p>\n<p>Quando fa\u00e7o os tutoriais pro blog, bato as fotos do rosto sem flash, porque aprendi a aproveitar a luz natural da janela do meu quarto.<\/p>\n<p>Se uso base ou p\u00f3 de maior cobertura e acabamento seco, o resultado \u00e9 muito pesado e artificial nas imagens feitas com esse tipo de ilumina\u00e7\u00e3o.<\/p>\n<p>Produtos mais pesados e foscos funcionavam direitinho na \u00e9poca da c\u00e2mera antiga, quando eu fazia os tutoriais com flash.<\/p>\n<p>Hoje, n\u00e3o d\u00e1 mais.<\/p>\n<p style=\"text-align: center;\"><strong><a href=\"https:\/\/www.2beauty.com.br\/blog\/wp-content\/uploads\/2013\/08\/depois.jpg\"><img loading=\"lazy\" decoding=\"async\" class=\"alignnone size-full wp-image-47754\" alt=\"depois\" src=\"https:\/\/www.2beauty.com.br\/blog\/wp-content\/uploads\/2013\/08\/depois.jpg\" width=\"620\" height=\"620\" srcset=\"https:\/\/www.2beauty.com.br\/blog\/wp-content\/uploads\/2013\/08\/depois.jpg 620w, https:\/\/www.2beauty.com.br\/blog\/wp-content\/uploads\/2013\/08\/depois-435x435.jpg 435w, https:\/\/www.2beauty.com.br\/blog\/wp-content\/uploads\/2013\/08\/depois-250x249.jpg 250w\" sizes=\"(max-width: 620px) 100vw, 620px\" \/><\/a><\/strong><\/p>\n<p style=\"text-align: center;\"><strong>Antes e depois da base + corretivo + camada de p\u00f3 (foto com flash)<\/strong><\/p>\n<p>Antes de experimentar a base da YSL, estava gostando muito da Teint Miracle da Lanc\u00f4me para os tutos, j\u00e1 que ela tamb\u00e9m \u00e9 dessas bases com efeito luminoso.<\/p>\n<p>Vale dizer que entra as duas, a op\u00e7\u00e3o da YSL pega mais leve no brilho tanto ao vivo quanto nas fotos com ou sem flash.<\/p>\n<p><strong>E fica a dica:<\/strong><\/p>\n<ul>\n<li>Se o evento \u00e9 a noite e vai rolar muita foto com flash, escolha maquiagem de maior cobertura e acabamento opaco.<\/li>\n<li>Se o evento \u00e9 durante o dia e as fotos ser\u00e3o feitas com a luz do sol, opte por maquiagem mais leve e natural.<\/li>\n<\/ul>\n<p>Uma das dicas que eu mais amo sobre isso \u00e9 do Duda Molinos. No livro dele, diz que \u00e9 melhor cobrir 70% do problema e parecer voc\u00ea mesma do que cobrir 100% e todo mundo notar que voc\u00ea est\u00e1 super maquiada.<\/p>\n<p style=\"text-align: center;\"><strong><a href=\"https:\/\/www.2beauty.com.br\/blog\/wp-content\/uploads\/2013\/08\/tutos113.jpg\"><img loading=\"lazy\" decoding=\"async\" class=\"alignnone size-full wp-image-47756\" alt=\"tutos11\" src=\"https:\/\/www.2beauty.com.br\/blog\/wp-content\/uploads\/2013\/08\/tutos113.jpg\" width=\"620\" height=\"412\" srcset=\"https:\/\/www.2beauty.com.br\/blog\/wp-content\/uploads\/2013\/08\/tutos113.jpg 620w, https:\/\/www.2beauty.com.br\/blog\/wp-content\/uploads\/2013\/08\/tutos113-580x385.jpg 580w, https:\/\/www.2beauty.com.br\/blog\/wp-content\/uploads\/2013\/08\/tutos113-250x166.jpg 250w\" sizes=\"(max-width: 620px) 100vw, 620px\" \/><\/a><\/strong><\/p>\n<p style=\"text-align: center;\"><strong> <a href=\"https:\/\/www.2beauty.com.br\/blog\/wp-content\/uploads\/2013\/08\/tutos351.jpg\"><img loading=\"lazy\" decoding=\"async\" class=\"alignnone size-full wp-image-47757\" alt=\"tutos35\" src=\"https:\/\/www.2beauty.com.br\/blog\/wp-content\/uploads\/2013\/08\/tutos351.jpg\" width=\"620\" height=\"412\" srcset=\"https:\/\/www.2beauty.com.br\/blog\/wp-content\/uploads\/2013\/08\/tutos351.jpg 620w, https:\/\/www.2beauty.com.br\/blog\/wp-content\/uploads\/2013\/08\/tutos351-580x385.jpg 580w, https:\/\/www.2beauty.com.br\/blog\/wp-content\/uploads\/2013\/08\/tutos351-250x166.jpg 250w\" sizes=\"(max-width: 620px) 100vw, 620px\" \/><\/a><\/strong><\/p>\n<p style=\"text-align: center;\"><strong>Tutoriais feitos com essa base (foto sem flash)<\/strong><\/p>\n<p>O combo de Le Teint Touche \u00c9clat, corretivo Pro Longwear e Blot Powder \u00e9 o meu preferido do momento pras fotos do blog e para fazer minhas coisas ao longo do dia sem sentir a pele super pesada e artificial.<\/p>\n<p>Tamb\u00e9m d\u00e1 pra dizer que a base dura bem, porque me maquio pela manh\u00e3 e s\u00f3 costumo tirar a maquiagem do passo a passo mais pro final da tarde, quando me sinto muito lustrosa.<\/p>\n<p>Quem sofre com pele oleosa, acho que n\u00e3o vai curtir.<\/p>\n<p>Recomendaria para peles secas ou mistas (com a ajudinha de um p\u00f3 potente e que n\u00e3o seja pesado, tipo o Blot) e para peles maduras.<\/p>\n<p><strong>Resumindo:<\/strong><\/p>\n<blockquote><p>Bom produto! A base tem cobertura m\u00e9dia, sensa\u00e7\u00e3o leve na pele e acabamento natural. Efeito voc\u00ea mesma, por\u00e9m mais phyna. S\u00f3 n\u00e3o \u00e9 boa de pre\u00e7o :(<\/p><\/blockquote>\n<div id=\"resenha\">\n<p><span class=\"titresenha\">Detalhes da nota:<\/span><\/p>\n<div class=\"notas\">Textura\/Aplica\u00e7\u00e3o: 5\/5<br \/>\nCobertura\/Pigmenta\u00e7\u00e3o: 3\/5<br \/>\nFixa\u00e7\u00e3o: 4\/5<br \/>\nPre\u00e7o: 1\/5<br \/>\nApresenta\u00e7\u00e3o: 5\/5<br \/>\nRela\u00e7\u00e3o Realidade x Descri\u00e7\u00e3o Oficial: 5\/5<br \/>\n<span class=\"media\">M\u00e9dia: 3,8<\/span><\/div>\n<p>Para visualizar a lista completa de crit\u00e9rios e notas, <a href=\"https:\/\/www.2beauty.com.br\/blog\/images\/avaliacao.gif\" target=\"_blank\">clique aqui<\/a>.<\/p>\n<\/div>\n","protected":false},"excerpt":{"rendered":"<p>3,8 estrelinhas A Base Le Teint Touche \u00c9clat da YSL \u00e9 minha nova base dos tutoriais. Gostei bastante de como ela \u00e9 leve. N\u00e3o \u00e9 uma base de super cobertura e o acabamento dela n\u00e3o \u00e9 seco, mas pras minhas necessidades (olheiras e pele mista), est\u00e1 funcionando muito bem. Falta ver como ela se comportar\u00e1 no ver\u00e3o, mas por n\u00e3o ser pesada, creio que vou continuar gostando. A descri\u00e7\u00e3o oficial diz o seguinte: Yves Saint Laurent apresenta LE TEINT TOUCHE \u00c9CLAT, uma base de tecnologia inovadora, que proporciona luminosidade m\u00e1gica para todo o rosto. Uma f\u00f3rmula \u00fanica e luxuosa, que atinge as \u00e1reas de sombra e real\u00e7a os contornos. Sua textura \u00e9 leve como o ar. Sua f\u00f3rmula, livre de part\u00edculas opacas, iguala a pele, encobre imperfei\u00e7\u00f5es e real\u00e7a a beleza natural. Com Le Teint Touche \u00c9clat, sua pele fica com um aspecto mais natural, radiante, sofisticado, mais Yves Saint Laurent. Le Teint Touche \u00c9clat lan\u00e7a uma luz sob medida para todas as mulheres Saint Laurent do mundo. A pele e a luz se fundem para uma apar\u00eancia perfeita. Recebi a minha da assessoria e uma unidade de 30ml custa R$254 no Brasil em sites e lojas como a Sephora. Eu sei, o pre\u00e7o \u00e9 deprimente total e, at\u00e9 o momento, \u00e9 o \u00fanico por\u00e9m dessa base. Amostrinha Le Teint Touche \u00c9clat cor B50 Beige A cor que estou usando \u00e9 a B50. Poderia ter escolhido cor mais amarelada, mas o tom n\u00e3o fica artificial ou estranho depois da maquiagem toda pronta. Na tabela de cores, os tons BD,\u00a0 BR e B s\u00e3o de fundos diferentes. BD \u00e9 &#8220;beige dor\u00e9&#8221;\u00a0 (fundo amarelado), BR \u00e9 &#8220;beige ros\u00e9&#8221; (fundo rosado) e B \u00e9 apenas &#8220;beige&#8221; (neutro). A cobertura da base \u00e9 m\u00e9dia e d\u00e1 conta de boa parte das minhas olheiras. Sua textura \u00e9 l\u00edquida e espalha com facilidade, demorando alguns instantes para secar. O acabamento \u00e9 natural, levemente iluminado. Ao vivo ela parece menos lustrosa que nas fotos com flash, viu? Como tenho pele mista, nem cogito usar a Le Teint sem um p\u00f3 na zona T, at\u00e9 porque ela transfere um pouco. Escolhi o Blot Powder da MAC para acompanhar a base e o resultado tem sido muito bom. Antes e depois da base + detalhe do acabamento (foto com flash) Quando fa\u00e7o os tutoriais pro blog, bato as fotos do rosto sem flash, porque aprendi a aproveitar a luz natural da janela do meu quarto. Se uso base ou p\u00f3 de maior cobertura e acabamento seco, o resultado \u00e9 muito pesado e artificial nas imagens feitas com esse tipo de ilumina\u00e7\u00e3o. Produtos mais pesados e foscos funcionavam direitinho na \u00e9poca da c\u00e2mera antiga, quando eu fazia os tutoriais com flash. Hoje, n\u00e3o d\u00e1 mais. Antes e depois da base + corretivo + camada de p\u00f3 (foto com flash) Antes de experimentar a base da YSL, estava gostando muito da Teint Miracle da Lanc\u00f4me para os tutos, j\u00e1 que ela tamb\u00e9m \u00e9 dessas bases com efeito luminoso. Vale dizer que entra as duas, a op\u00e7\u00e3o da YSL pega mais leve no brilho tanto ao vivo quanto nas fotos com ou sem flash. E fica a dica: Se o evento \u00e9 a noite e vai rolar muita foto com flash, escolha maquiagem de maior cobertura e acabamento opaco. Se o evento \u00e9 durante o dia e as fotos ser\u00e3o feitas com a luz do sol, opte por maquiagem mais leve e natural. Uma das dicas que eu mais amo sobre isso \u00e9 do Duda Molinos. No livro dele, diz que \u00e9 melhor cobrir 70% do problema e parecer voc\u00ea mesma do que cobrir 100% e todo mundo notar que voc\u00ea est\u00e1 super maquiada. Tutoriais feitos com essa base (foto sem flash) O combo de Le Teint Touche \u00c9clat, corretivo Pro Longwear e Blot Powder \u00e9 o meu preferido do momento pras fotos do blog e para fazer minhas coisas ao longo do dia sem sentir a pele super pesada e artificial. Tamb\u00e9m d\u00e1 pra dizer que a base dura bem, porque me maquio pela manh\u00e3 e s\u00f3 costumo tirar a maquiagem do passo a passo mais pro final da tarde, quando me sinto muito lustrosa. Quem sofre com pele oleosa, acho que n\u00e3o vai curtir. Recomendaria para peles secas ou mistas (com a ajudinha de um p\u00f3 potente e que n\u00e3o seja pesado, tipo o Blot) e para peles maduras. Resumindo: Bom produto! A base tem cobertura m\u00e9dia, sensa\u00e7\u00e3o leve na pele e acabamento natural. Efeito voc\u00ea mesma, por\u00e9m mais phyna. S\u00f3 n\u00e3o \u00e9 boa de pre\u00e7o :( Detalhes da nota: Textura\/Aplica\u00e7\u00e3o: 5\/5 Cobertura\/Pigmenta\u00e7\u00e3o: 3\/5 Fixa\u00e7\u00e3o: 4\/5 Pre\u00e7o: 1\/5 Apresenta\u00e7\u00e3o: 5\/5 Rela\u00e7\u00e3o Realidade x Descri\u00e7\u00e3o Oficial: 5\/5 M\u00e9dia: 3,8 Para visualizar a lista completa de crit\u00e9rios e notas, clique aqui.<\/p>\n","protected":false},"author":1,"featured_media":47746,"comment_status":"open","ping_status":"open","sticky":false,"template":"","format":"standard","meta":{"_uag_custom_page_level_css":"","footnotes":""},"categories":[84],"tags":[4110,3366,4088,4128,3168],"class_list":["post-47745","post","type-post","status-publish","format-standard","has-post-thumbnail","hentry","category-maquiagem","tag-base","tag-base-le-teint-touche-eclat","tag-maquiagem","tag-resenhas","tag-ysl"],"uagb_featured_image_src":{"full":["https:\/\/www.2beauty.com.br\/blog\/wp-content\/uploads\/2013\/08\/base1.jpg",620,932,false],"thumbnail":["https:\/\/www.2beauty.com.br\/blog\/wp-content\/uploads\/2013\/08\/base1-300x250.jpg",300,250,true],"medium":["https:\/\/www.2beauty.com.br\/blog\/wp-content\/uploads\/2013\/08\/base1-289x435.jpg",289,435,true],"medium_large":["https:\/\/www.2beauty.com.br\/blog\/wp-content\/uploads\/2013\/08\/base1.jpg",620,932,false],"large":["https:\/\/www.2beauty.com.br\/blog\/wp-content\/uploads\/2013\/08\/base1-620x932.jpg",620,932,true],"1536x1536":["https:\/\/www.2beauty.com.br\/blog\/wp-content\/uploads\/2013\/08\/base1.jpg",620,932,false],"2048x2048":["https:\/\/www.2beauty.com.br\/blog\/wp-content\/uploads\/2013\/08\/base1.jpg",620,932,false],"ashe-slider-grid-thumbnail":["https:\/\/www.2beauty.com.br\/blog\/wp-content\/uploads\/2013\/08\/base1.jpg",359,540,false],"ashe-full-thumbnail":["https:\/\/www.2beauty.com.br\/blog\/wp-content\/uploads\/2013\/08\/base1.jpg",620,932,false],"ashe-grid-thumbnail":["https:\/\/www.2beauty.com.br\/blog\/wp-content\/uploads\/2013\/08\/base1.jpg",220,330,false],"ashe-list-thumbnail":["https:\/\/www.2beauty.com.br\/blog\/wp-content\/uploads\/2013\/08\/base1.jpg",200,300,false],"ashe-single-navigation":["https:\/\/www.2beauty.com.br\/blog\/wp-content\/uploads\/2013\/08\/base1.jpg",50,75,false]},"uagb_author_info":{"display_name":"Marina Smith","author_link":"https:\/\/www.2beauty.com.br\/blog\/author\/marinasmith\/"},"uagb_comment_info":79,"uagb_excerpt":"3,8 estrelinhas A Base Le Teint Touche \u00c9clat da YSL \u00e9 minha nova base dos tutoriais. Gostei bastante de como ela \u00e9 leve. N\u00e3o \u00e9 uma base de super cobertura e o acabamento dela n\u00e3o \u00e9 seco, mas pras minhas necessidades (olheiras e pele mista), est\u00e1 funcionando muito bem. Falta ver como ela se comportar\u00e1&hellip;","acf":[],"_links":{"self":[{"href":"https:\/\/www.2beauty.com.br\/blog\/wp-json\/wp\/v2\/posts\/47745","targetHints":{"allow":["GET"]}}],"collection":[{"href":"https:\/\/www.2beauty.com.br\/blog\/wp-json\/wp\/v2\/posts"}],"about":[{"href":"https:\/\/www.2beauty.com.br\/blog\/wp-json\/wp\/v2\/types\/post"}],"author":[{"embeddable":true,"href":"https:\/\/www.2beauty.com.br\/blog\/wp-json\/wp\/v2\/users\/1"}],"replies":[{"embeddable":true,"href":"https:\/\/www.2beauty.com.br\/blog\/wp-json\/wp\/v2\/comments?post=47745"}],"version-history":[{"count":0,"href":"https:\/\/www.2beauty.com.br\/blog\/wp-json\/wp\/v2\/posts\/47745\/revisions"}],"wp:featuredmedia":[{"embeddable":true,"href":"https:\/\/www.2beauty.com.br\/blog\/wp-json\/wp\/v2\/media\/47746"}],"wp:attachment":[{"href":"https:\/\/www.2beauty.com.br\/blog\/wp-json\/wp\/v2\/media?parent=47745"}],"wp:term":[{"taxonomy":"category","embeddable":true,"href":"https:\/\/www.2beauty.com.br\/blog\/wp-json\/wp\/v2\/categories?post=47745"},{"taxonomy":"post_tag","embeddable":true,"href":"https:\/\/www.2beauty.com.br\/blog\/wp-json\/wp\/v2\/tags?post=47745"}],"curies":[{"name":"wp","href":"https:\/\/api.w.org\/{rel}","templated":true}]}}