{"id":45702,"date":"2013-07-12T17:00:43","date_gmt":"2013-07-12T19:00:43","guid":{"rendered":"https:\/\/www.2beauty.com.br\/blog\/?p=45702"},"modified":"2013-07-12T17:00:43","modified_gmt":"2013-07-12T19:00:43","slug":"tutorial-oliva-e-azul","status":"publish","type":"post","link":"https:\/\/www.2beauty.com.br\/blog\/2013\/07\/tutorial-oliva-e-azul\/","title":{"rendered":"Tutorial: Oliva e Azul"},"content":{"rendered":"<p><a href=\"https:\/\/www.2beauty.com.br\/pdf\/tutoriais\/12072013.pdf\" target=\"_blank\"><img decoding=\"async\" class=\"size-full wp-image-46321 aligncenter\" alt=\"pdf_bt\" src=\"https:\/\/www.2beauty.com.br\/blog\/wp-content\/uploads\/2013\/07\/pdf_bt.jpg\" width=\"620\" height=\"50\" srcset=\"https:\/\/www.2beauty.com.br\/blog\/wp-content\/uploads\/2013\/07\/pdf_bt.jpg 620w, https:\/\/www.2beauty.com.br\/blog\/wp-content\/uploads\/2013\/07\/pdf_bt-580x46.jpg 580w\" sizes=\"(max-width: 620px) 100vw, 620px\" \/><\/a><\/p>\n<p style=\"text-align: center\"><a href=\"https:\/\/www.2beauty.com.br\/blog\/wp-content\/uploads\/2013\/07\/tutos11.jpg\"><img fetchpriority=\"high\" decoding=\"async\" class=\"alignnone size-full wp-image-45703\" alt=\"tutos1\" src=\"https:\/\/www.2beauty.com.br\/blog\/wp-content\/uploads\/2013\/07\/tutos11.jpg\" width=\"620\" height=\"412\" srcset=\"https:\/\/www.2beauty.com.br\/blog\/wp-content\/uploads\/2013\/07\/tutos11.jpg 620w, https:\/\/www.2beauty.com.br\/blog\/wp-content\/uploads\/2013\/07\/tutos11-580x385.jpg 580w\" sizes=\"(max-width: 620px) 100vw, 620px\" \/><\/a><\/p>\n<p style=\"text-align: center\"><a href=\"https:\/\/www.2beauty.com.br\/blog\/wp-content\/uploads\/2013\/07\/tutos21.jpg\"><img decoding=\"async\" class=\"alignnone size-full wp-image-45704\" alt=\"tutos2\" src=\"https:\/\/www.2beauty.com.br\/blog\/wp-content\/uploads\/2013\/07\/tutos21.jpg\" width=\"620\" height=\"412\" srcset=\"https:\/\/www.2beauty.com.br\/blog\/wp-content\/uploads\/2013\/07\/tutos21.jpg 620w, https:\/\/www.2beauty.com.br\/blog\/wp-content\/uploads\/2013\/07\/tutos21-580x385.jpg 580w, https:\/\/www.2beauty.com.br\/blog\/wp-content\/uploads\/2013\/07\/tutos21-250x166.jpg 250w\" sizes=\"(max-width: 620px) 100vw, 620px\" \/><\/a><\/p>\n<p style=\"text-align: center\"><a href=\"https:\/\/www.2beauty.com.br\/blog\/wp-content\/uploads\/2013\/07\/tutos31.jpg\"><img loading=\"lazy\" decoding=\"async\" class=\"alignnone size-full wp-image-45705\" alt=\"tutos3\" src=\"https:\/\/www.2beauty.com.br\/blog\/wp-content\/uploads\/2013\/07\/tutos31.jpg\" width=\"620\" height=\"932\" srcset=\"https:\/\/www.2beauty.com.br\/blog\/wp-content\/uploads\/2013\/07\/tutos31.jpg 620w, https:\/\/www.2beauty.com.br\/blog\/wp-content\/uploads\/2013\/07\/tutos31-289x435.jpg 289w, https:\/\/www.2beauty.com.br\/blog\/wp-content\/uploads\/2013\/07\/tutos31-250x375.jpg 250w\" sizes=\"(max-width: 620px) 100vw, 620px\" \/><\/a><\/p>\n<p>\u00c9 poss\u00edvel combinar sombras azul e verde com batom rosa e o make ficar &#8220;ok\/aceit\u00e1vel&#8221;?<br \/>\n\u00c9 sim!!!<br \/>\nDepois de uma tarde infernal no aeroporto de Guarulhos com direito a voo cancelado e desespero para conseguir outro que n\u00e3o fosse tarde da noite, hoje acordei em casa, feliz por estar na minha cama e com vontade de aproveitar a sexta-feira.<br \/>\nAstral l\u00e1 em cima e make tamb\u00e9m. Olhos coloridos e boca colorida!<\/p>\n<blockquote><p>Passa l\u00e1 no Petiscos pra ver o passo a passo:<br \/>\n<a href=\"https:\/\/juliapetit.com.br\/beleza\/colorido-9\" target=\"_blank\">https:\/\/juliapetit.com.br\/beleza\/colorido-9<\/a><\/p><\/blockquote>\n<ul>\n<li><strong>Produtos utilizados:<\/strong><\/li>\n<li>Primer Potion Urban Decay<\/li>\n<li>Sombra Inglot Pearl #419<\/li>\n<li>Sombra Inglot Pearl #428<\/li>\n<li>Sombra Inglot AMC Shine #42<\/li>\n<li>Delineador l\u00edquido preto Quem Disse, Berenice?<\/li>\n<li>R\u00edmel Volume Quartz Arcancil + High Lengths Clinique<\/li>\n<li>P\u00f3 Compacto Pro Finish Make Up For Ever #118 Neutral Beige<\/li>\n<li>Corretivo Corrector Peach Bobbi Brown<\/li>\n<li>P\u00f3 bronzeador MAC Refined Deeper Bronze<\/li>\n<li>Blush Malv\u00edssima Quem Disse, Berenice?<\/li>\n<li>Batom Mate Fucsia Cont\u00e9m 1g<\/li>\n<\/ul>\n<p style=\"text-align: center\">. . . . . . . . . .<\/p>\n<p><strong>Outras notinhas 2Beauty no Petiscos:<\/strong><\/p>\n<ul>\n<li>Primer Potion agora em vers\u00e3o anti idade: <a href=\"https:\/\/juliapetit.com.br\/beleza\/anti-idade-3\/\" target=\"_blank\">https:\/\/juliapetit.com.br\/beleza\/anti-idade-3\/<\/a><\/li>\n<li>Boots Health &amp; Beauty sem retoques: <a href=\"https:\/\/juliapetit.com.br\/beleza\/sem-retoques-7\/\" target=\"_blank\">https:\/\/juliapetit.com.br\/beleza\/sem-retoques-7\/<\/a><\/li>\n<li>Outono YSL: <a href=\"https:\/\/juliapetit.com.br\/beleza\/outono-em-verde-limao\/\" target=\"_blank\">https:\/\/juliapetit.com.br\/beleza\/outono-em-verde-limao\/<\/a><\/li>\n<li>Nova linha de esmaltes Sephora: <a href=\"https:\/\/juliapetit.com.br\/beleza\/formula-x\/\" target=\"_blank\">https:\/\/juliapetit.com.br\/beleza\/formula-x\/<\/a><\/li>\n<\/ul>\n<p><strong>Bom findeeee :)<\/strong><\/p>\n","protected":false},"excerpt":{"rendered":"<p>\u00c9 poss\u00edvel combinar sombras azul e verde com batom rosa e o make ficar &#8220;ok\/aceit\u00e1vel&#8221;? \u00c9 sim!!! Depois de uma tarde infernal no aeroporto de Guarulhos com direito a voo cancelado e desespero para conseguir outro que n\u00e3o fosse tarde da noite, hoje acordei em casa, feliz por estar na minha cama e com vontade de aproveitar a sexta-feira. Astral l\u00e1 em cima e make tamb\u00e9m. Olhos coloridos e boca colorida! Passa l\u00e1 no Petiscos pra ver o passo a passo: https:\/\/juliapetit.com.br\/beleza\/colorido-9 Produtos utilizados: Primer Potion Urban Decay Sombra Inglot Pearl #419 Sombra Inglot Pearl #428 Sombra Inglot AMC Shine #42 Delineador l\u00edquido preto Quem Disse, Berenice? R\u00edmel Volume Quartz Arcancil + High Lengths Clinique P\u00f3 Compacto Pro Finish Make Up For Ever #118 Neutral Beige Corretivo Corrector Peach Bobbi Brown P\u00f3 bronzeador MAC Refined Deeper Bronze Blush Malv\u00edssima Quem Disse, Berenice? Batom Mate Fucsia Cont\u00e9m 1g . . . . . . . . . . Outras notinhas 2Beauty no Petiscos: Primer Potion agora em vers\u00e3o anti idade: https:\/\/juliapetit.com.br\/beleza\/anti-idade-3\/ Boots Health &amp; Beauty sem retoques: https:\/\/juliapetit.com.br\/beleza\/sem-retoques-7\/ Outono YSL: https:\/\/juliapetit.com.br\/beleza\/outono-em-verde-limao\/ Nova linha de esmaltes Sephora: https:\/\/juliapetit.com.br\/beleza\/formula-x\/ Bom findeeee :)<\/p>\n","protected":false},"author":1,"featured_media":45703,"comment_status":"open","ping_status":"open","sticky":false,"template":"","format":"standard","meta":{"_uag_custom_page_level_css":"","footnotes":""},"categories":[135],"tags":[4094,4088,413,347,346,3300],"class_list":["post-45702","post","type-post","status-publish","format-standard","has-post-thumbnail","hentry","category-tutoriais","tag-azul","tag-maquiagem","tag-passo-a-passo","tag-petiscos","tag-tutorial","tag-verde-oliva"],"uagb_featured_image_src":{"full":["https:\/\/www.2beauty.com.br\/blog\/wp-content\/uploads\/2013\/07\/tutos11.jpg",620,412,false],"thumbnail":["https:\/\/www.2beauty.com.br\/blog\/wp-content\/uploads\/2013\/07\/tutos11-300x250.jpg",300,250,true],"medium":["https:\/\/www.2beauty.com.br\/blog\/wp-content\/uploads\/2013\/07\/tutos11-580x385.jpg",580,385,true],"medium_large":["https:\/\/www.2beauty.com.br\/blog\/wp-content\/uploads\/2013\/07\/tutos11.jpg",620,412,false],"large":["https:\/\/www.2beauty.com.br\/blog\/wp-content\/uploads\/2013\/07\/tutos11-620x412.jpg",620,412,true],"1536x1536":["https:\/\/www.2beauty.com.br\/blog\/wp-content\/uploads\/2013\/07\/tutos11.jpg",620,412,false],"2048x2048":["https:\/\/www.2beauty.com.br\/blog\/wp-content\/uploads\/2013\/07\/tutos11.jpg",620,412,false],"ashe-slider-grid-thumbnail":["https:\/\/www.2beauty.com.br\/blog\/wp-content\/uploads\/2013\/07\/tutos11.jpg",620,412,false],"ashe-full-thumbnail":["https:\/\/www.2beauty.com.br\/blog\/wp-content\/uploads\/2013\/07\/tutos11.jpg",620,412,false],"ashe-grid-thumbnail":["https:\/\/www.2beauty.com.br\/blog\/wp-content\/uploads\/2013\/07\/tutos11.jpg",497,330,false],"ashe-list-thumbnail":["https:\/\/www.2beauty.com.br\/blog\/wp-content\/uploads\/2013\/07\/tutos11.jpg",300,199,false],"ashe-single-navigation":["https:\/\/www.2beauty.com.br\/blog\/wp-content\/uploads\/2013\/07\/tutos11.jpg",75,50,false]},"uagb_author_info":{"display_name":"Marina Smith","author_link":"https:\/\/www.2beauty.com.br\/blog\/author\/marinasmith\/"},"uagb_comment_info":19,"uagb_excerpt":"\u00c9 poss\u00edvel combinar sombras azul e verde com batom rosa e o make ficar &#8220;ok\/aceit\u00e1vel&#8221;? \u00c9 sim!!! Depois de uma tarde infernal no aeroporto de Guarulhos com direito a voo cancelado e desespero para conseguir outro que n\u00e3o fosse tarde da noite, hoje acordei em casa, feliz por estar na minha cama e com vontade&hellip;","acf":[],"_links":{"self":[{"href":"https:\/\/www.2beauty.com.br\/blog\/wp-json\/wp\/v2\/posts\/45702","targetHints":{"allow":["GET"]}}],"collection":[{"href":"https:\/\/www.2beauty.com.br\/blog\/wp-json\/wp\/v2\/posts"}],"about":[{"href":"https:\/\/www.2beauty.com.br\/blog\/wp-json\/wp\/v2\/types\/post"}],"author":[{"embeddable":true,"href":"https:\/\/www.2beauty.com.br\/blog\/wp-json\/wp\/v2\/users\/1"}],"replies":[{"embeddable":true,"href":"https:\/\/www.2beauty.com.br\/blog\/wp-json\/wp\/v2\/comments?post=45702"}],"version-history":[{"count":0,"href":"https:\/\/www.2beauty.com.br\/blog\/wp-json\/wp\/v2\/posts\/45702\/revisions"}],"wp:featuredmedia":[{"embeddable":true,"href":"https:\/\/www.2beauty.com.br\/blog\/wp-json\/wp\/v2\/media\/45703"}],"wp:attachment":[{"href":"https:\/\/www.2beauty.com.br\/blog\/wp-json\/wp\/v2\/media?parent=45702"}],"wp:term":[{"taxonomy":"category","embeddable":true,"href":"https:\/\/www.2beauty.com.br\/blog\/wp-json\/wp\/v2\/categories?post=45702"},{"taxonomy":"post_tag","embeddable":true,"href":"https:\/\/www.2beauty.com.br\/blog\/wp-json\/wp\/v2\/tags?post=45702"}],"curies":[{"name":"wp","href":"https:\/\/api.w.org\/{rel}","templated":true}]}}