{"id":44943,"date":"2013-06-11T15:06:02","date_gmt":"2013-06-11T17:06:02","guid":{"rendered":"https:\/\/www.2beauty.com.br\/blog\/?p=44943"},"modified":"2019-02-15T16:11:29","modified_gmt":"2019-02-15T18:11:29","slug":"nao-e-make-mas-e-demais-meu-despertador-baphonico","status":"publish","type":"post","link":"https:\/\/www.2beauty.com.br\/blog\/2013\/06\/nao-e-make-mas-e-demais-meu-despertador-baphonico\/","title":{"rendered":"N\u00e3o \u00e9 make, mas \u00e9 demais: Meu despertador baph\u00f4nico"},"content":{"rendered":"<p style=\"text-align: center;\"><a href=\"https:\/\/www.2beauty.com.br\/blog\/wp-content\/uploads\/2013\/06\/relogio.jpg\"><img fetchpriority=\"high\" decoding=\"async\" class=\"alignnone size-full wp-image-44944\" alt=\"relogio\" src=\"https:\/\/www.2beauty.com.br\/blog\/wp-content\/uploads\/2013\/06\/relogio.jpg\" width=\"620\" height=\"932\" srcset=\"https:\/\/www.2beauty.com.br\/blog\/wp-content\/uploads\/2013\/06\/relogio.jpg 620w, https:\/\/www.2beauty.com.br\/blog\/wp-content\/uploads\/2013\/06\/relogio-580x872.jpg 580w, https:\/\/www.2beauty.com.br\/blog\/wp-content\/uploads\/2013\/06\/relogio-289x435.jpg 289w\" sizes=\"(max-width: 620px) 100vw, 620px\" \/><\/a><\/p>\n<p>Uma das coisas mais fofas que ganhei de presente no meu anivers\u00e1rio foi esse despertador com painel de recados da Imaginarium.<\/p>\n<p>Ele breeeeeeelha no escuro e me desperta com looosho, poder e RYQUEZA ou melhor, RYCHEZZA (porque Filipe achou que seria ainda mais phyno escrever assim).<\/p>\n<p>Amigos e amigas que leem o blog, porfa! N\u00e3o fiquem sentidos se n\u00e3o falei dos outros presentes, ok?<\/p>\n<blockquote><p>Amei tudo, s\u00f3 que esse despertador \u00e9 uma boa dica pras leitoras que ainda n\u00e3o compraram algo pra dar de lembran\u00e7a no Dia dos Namorados.<\/p><\/blockquote>\n<p>Ele tem painel iluminado, canetinha pra voc\u00ea escrever recados, te informa data, hora e temperatura e, como n\u00e3o poderia faltar, tamb\u00e9m tem a amada fun\u00e7\u00e3o soneca, porque n\u00e9&#8230;<\/p>\n<p>Os 15min de soneca extra s\u00e3o apenas os melhores minutos de sono sempre.<\/p>\n<p style=\"text-align: center;\"><strong>Chega de acordar assim:<\/strong><\/p>\n<p style=\"text-align: center;\"><strong><a href=\"https:\/\/www.2beauty.com.br\/blog\/wp-content\/uploads\/2013\/06\/tumblr_inline_mo7os4yyKw1qz4rgp.gif\"><img decoding=\"async\" class=\"alignnone size-full wp-image-44948\" alt=\"tumblr_inline_mo7os4yyKw1qz4rgp\" src=\"https:\/\/www.2beauty.com.br\/blog\/wp-content\/uploads\/2013\/06\/tumblr_inline_mo7os4yyKw1qz4rgp.gif\" width=\"245\" height=\"145\" \/><\/a><\/strong><\/p>\n<p>Voc\u00ea pode escrever um recado gracinha e a sua metade da laranja (ou voc\u00ea mesma) come\u00e7ar\u00e1 o dia com mais amor no cora\u00e7\u00e3o.<\/p>\n<p style=\"text-align: center;\">. . . . . . . . . .<\/p>\n<p>Para as queridas colegas solteiras, tamb\u00e9m recomendo!<\/p>\n<p>Desde quando algu\u00e9m precisa de macho pra ganhar presente no dia 12 de junho?<\/p>\n<p>Eu mesma me presenteio nessa data e em todas as outras: P\u00e1scoa, Natal, anivers\u00e1rio, Dia das Crian\u00e7as&#8230;<\/p>\n<p><a href=\"https:\/\/www.2beauty.com.br\/blog\/2013\/05\/28\/nao-e-make-mas-e-demais-roupao-delicia\/\" target=\"_blank\">Que tal come\u00e7ar com um roup\u00e3o fofo e quentinho igual abra\u00e7o?<\/a><\/p>\n<p>Fica a dica!<\/p>\n","protected":false},"excerpt":{"rendered":"<p>Uma das coisas mais fofas que ganhei de presente no meu anivers\u00e1rio foi esse despertador com painel de recados da Imaginarium. Ele breeeeeeelha no escuro e me desperta com looosho, poder e RYQUEZA ou melhor, RYCHEZZA (porque Filipe achou que seria ainda mais phyno escrever assim). Amigos e amigas que leem o blog, porfa! N\u00e3o fiquem sentidos se n\u00e3o falei dos outros presentes, ok? Amei tudo, s\u00f3 que esse despertador \u00e9 uma boa dica pras leitoras que ainda n\u00e3o compraram algo pra dar de lembran\u00e7a no Dia dos Namorados. Ele tem painel iluminado, canetinha pra voc\u00ea escrever recados, te informa data, hora e temperatura e, como n\u00e3o poderia faltar, tamb\u00e9m tem a amada fun\u00e7\u00e3o soneca, porque n\u00e9&#8230; Os 15min de soneca extra s\u00e3o apenas os melhores minutos de sono sempre. Chega de acordar assim: Voc\u00ea pode escrever um recado gracinha e a sua metade da laranja (ou voc\u00ea mesma) come\u00e7ar\u00e1 o dia com mais amor no cora\u00e7\u00e3o. . . . . . . . . . . Para as queridas colegas solteiras, tamb\u00e9m recomendo! Desde quando algu\u00e9m precisa de macho pra ganhar presente no dia 12 de junho? Eu mesma me presenteio nessa data e em todas as outras: P\u00e1scoa, Natal, anivers\u00e1rio, Dia das Crian\u00e7as&#8230; Que tal come\u00e7ar com um roup\u00e3o fofo e quentinho igual abra\u00e7o? Fica a dica!<\/p>\n","protected":false},"author":1,"featured_media":44944,"comment_status":"open","ping_status":"open","sticky":false,"template":"","format":"standard","meta":{"_uag_custom_page_level_css":"","footnotes":""},"categories":[1],"tags":[3260,2944,3261],"class_list":["post-44943","post","type-post","status-publish","format-standard","has-post-thumbnail","hentry","category-geral","tag-despetador","tag-nao-e-make-mas-e-demais","tag-relogio"],"uagb_featured_image_src":{"full":["https:\/\/www.2beauty.com.br\/blog\/wp-content\/uploads\/2013\/06\/relogio.jpg",620,932,false],"thumbnail":["https:\/\/www.2beauty.com.br\/blog\/wp-content\/uploads\/2013\/06\/relogio-300x250.jpg",300,250,true],"medium":["https:\/\/www.2beauty.com.br\/blog\/wp-content\/uploads\/2013\/06\/relogio-289x435.jpg",289,435,true],"medium_large":["https:\/\/www.2beauty.com.br\/blog\/wp-content\/uploads\/2013\/06\/relogio.jpg",620,932,false],"large":["https:\/\/www.2beauty.com.br\/blog\/wp-content\/uploads\/2013\/06\/relogio-620x932.jpg",620,932,true],"1536x1536":["https:\/\/www.2beauty.com.br\/blog\/wp-content\/uploads\/2013\/06\/relogio.jpg",620,932,false],"2048x2048":["https:\/\/www.2beauty.com.br\/blog\/wp-content\/uploads\/2013\/06\/relogio.jpg",620,932,false],"ashe-slider-grid-thumbnail":["https:\/\/www.2beauty.com.br\/blog\/wp-content\/uploads\/2013\/06\/relogio.jpg",359,540,false],"ashe-full-thumbnail":["https:\/\/www.2beauty.com.br\/blog\/wp-content\/uploads\/2013\/06\/relogio.jpg",620,932,false],"ashe-grid-thumbnail":["https:\/\/www.2beauty.com.br\/blog\/wp-content\/uploads\/2013\/06\/relogio.jpg",220,330,false],"ashe-list-thumbnail":["https:\/\/www.2beauty.com.br\/blog\/wp-content\/uploads\/2013\/06\/relogio.jpg",200,300,false],"ashe-single-navigation":["https:\/\/www.2beauty.com.br\/blog\/wp-content\/uploads\/2013\/06\/relogio.jpg",50,75,false]},"uagb_author_info":{"display_name":"Marina Smith","author_link":"https:\/\/www.2beauty.com.br\/blog\/author\/marinasmith\/"},"uagb_comment_info":58,"uagb_excerpt":"Uma das coisas mais fofas que ganhei de presente no meu anivers\u00e1rio foi esse despertador com painel de recados da Imaginarium. Ele breeeeeeelha no escuro e me desperta com looosho, poder e RYQUEZA ou melhor, RYCHEZZA (porque Filipe achou que seria ainda mais phyno escrever assim). Amigos e amigas que leem o blog, porfa! N\u00e3o&hellip;","acf":[],"_links":{"self":[{"href":"https:\/\/www.2beauty.com.br\/blog\/wp-json\/wp\/v2\/posts\/44943","targetHints":{"allow":["GET"]}}],"collection":[{"href":"https:\/\/www.2beauty.com.br\/blog\/wp-json\/wp\/v2\/posts"}],"about":[{"href":"https:\/\/www.2beauty.com.br\/blog\/wp-json\/wp\/v2\/types\/post"}],"author":[{"embeddable":true,"href":"https:\/\/www.2beauty.com.br\/blog\/wp-json\/wp\/v2\/users\/1"}],"replies":[{"embeddable":true,"href":"https:\/\/www.2beauty.com.br\/blog\/wp-json\/wp\/v2\/comments?post=44943"}],"version-history":[{"count":0,"href":"https:\/\/www.2beauty.com.br\/blog\/wp-json\/wp\/v2\/posts\/44943\/revisions"}],"wp:featuredmedia":[{"embeddable":true,"href":"https:\/\/www.2beauty.com.br\/blog\/wp-json\/wp\/v2\/media\/44944"}],"wp:attachment":[{"href":"https:\/\/www.2beauty.com.br\/blog\/wp-json\/wp\/v2\/media?parent=44943"}],"wp:term":[{"taxonomy":"category","embeddable":true,"href":"https:\/\/www.2beauty.com.br\/blog\/wp-json\/wp\/v2\/categories?post=44943"},{"taxonomy":"post_tag","embeddable":true,"href":"https:\/\/www.2beauty.com.br\/blog\/wp-json\/wp\/v2\/tags?post=44943"}],"curies":[{"name":"wp","href":"https:\/\/api.w.org\/{rel}","templated":true}]}}