{"id":44571,"date":"2013-05-27T14:36:49","date_gmt":"2013-05-27T16:36:49","guid":{"rendered":"https:\/\/www.2beauty.com.br\/blog\/?p=44571"},"modified":"2019-02-15T16:11:30","modified_gmt":"2019-02-15T18:11:30","slug":"o-la-em-casa-iron-man-yessss","status":"publish","type":"post","link":"https:\/\/www.2beauty.com.br\/blog\/2013\/05\/o-la-em-casa-iron-man-yessss\/","title":{"rendered":"\u00d4, l\u00e1 em casa&#8230; Iron Man (YESSSS!)"},"content":{"rendered":"<figure id=\"attachment_85847\" aria-describedby=\"caption-attachment-85847\" style=\"width: 620px\" class=\"wp-caption aligncenter\"><a href=\"https:\/\/www.2beauty.com.br\/blog\/wp-content\/uploads\/2013\/09\/robert2.jpg\"><img fetchpriority=\"high\" decoding=\"async\" class=\"size-full wp-image-85847\" src=\"https:\/\/www.2beauty.com.br\/blog\/wp-content\/uploads\/2013\/09\/robert2.jpg\" alt=\"\" width=\"620\" height=\"900\" srcset=\"https:\/\/www.2beauty.com.br\/blog\/wp-content\/uploads\/2013\/09\/robert2.jpg 620w, https:\/\/www.2beauty.com.br\/blog\/wp-content\/uploads\/2013\/09\/robert2-580x842.jpg 580w, https:\/\/www.2beauty.com.br\/blog\/wp-content\/uploads\/2013\/09\/robert2-300x435.jpg 300w\" sizes=\"(max-width: 620px) 100vw, 620px\" \/><\/a><figcaption id=\"caption-attachment-85847\" class=\"wp-caption-text\">Foto: Divulga\u00e7\u00e3o \/ Marvel<\/figcaption><\/figure>\n<p>Okay, talvez eu tenha puxado sardinha demais pra um dos candidatos, mas quem se importa?!<\/p>\n<p>\u00c9 Robert Downey Jr.! Todas as noites, quando deito a cabe\u00e7a no travesseiro, eu rezo e pe\u00e7o : Jesus, MULTIPLICA!<\/p>\n<p>Pra semana que vem, sugeriram de fazer vota\u00e7\u00e3o com os melhores vil\u00f5es. Quem quiser deixar algumas op\u00e7\u00f5es de candidatos, porfa!, escreve um coment\u00e1rio.<\/p>\n<p>E se voc\u00ea pensou em Loki, n\u00e3o precisa nem escrever, porque ele \u00e9 o primeiro da minha lista hehehehe<\/p>\n<p>Que tal foi o finde de voc\u00eas? O meu foi aquela coisa de sempre&#8230; gordices e bandidagem ;)<\/p>\n<p style=\"text-align: center;\"><strong><a href=\"https:\/\/www.2beauty.com.br\/blog\/wp-content\/uploads\/2013\/05\/finde3.jpg\"><img decoding=\"async\" class=\"alignnone size-full wp-image-44574\" src=\"https:\/\/www.2beauty.com.br\/blog\/wp-content\/uploads\/2013\/05\/finde3.jpg\" alt=\"finde3\" width=\"620\" height=\"620\" srcset=\"https:\/\/www.2beauty.com.br\/blog\/wp-content\/uploads\/2013\/05\/finde3.jpg 620w, https:\/\/www.2beauty.com.br\/blog\/wp-content\/uploads\/2013\/05\/finde3-435x435.jpg 435w, https:\/\/www.2beauty.com.br\/blog\/wp-content\/uploads\/2013\/05\/finde3-250x249.jpg 250w\" sizes=\"(max-width: 620px) 100vw, 620px\" \/><\/a><\/strong><\/p>\n<p style=\"text-align: center;\"><strong>Card\u00e1pio de sexta<br \/>\n<\/strong><\/p>\n<p>Como Cabaret pegou fogo, minhas sexta-feiras tem sido muito mais calmas.<\/p>\n<p>Depois de correr 40min na esteira, dei uma passadinha no super pra comprar o vinho da noite e n\u00e3o resisti ao pacote de biscoitos importados.<\/p>\n<p>Todas as calorias que gastei com a corrida, eu ingeri em menos de meia hora com os biscoitos. Mas valeu!<\/p>\n<p>Imagine a del\u00edcia de um biscoito recheado com creme de avel\u00e3 e coberto por chocolate amargo su\u00ed\u00e7o e farofa de avel\u00e3. Me arrependi de s\u00f3 ter comprado uma caixa!<\/p>\n<p style=\"text-align: center;\"><strong><a href=\"https:\/\/www.2beauty.com.br\/blog\/wp-content\/uploads\/2013\/05\/finde1.jpg\"><img decoding=\"async\" class=\"alignnone size-full wp-image-44572\" src=\"https:\/\/www.2beauty.com.br\/blog\/wp-content\/uploads\/2013\/05\/finde1.jpg\" alt=\"finde1\" width=\"620\" height=\"620\" srcset=\"https:\/\/www.2beauty.com.br\/blog\/wp-content\/uploads\/2013\/05\/finde1.jpg 620w, https:\/\/www.2beauty.com.br\/blog\/wp-content\/uploads\/2013\/05\/finde1-435x435.jpg 435w, https:\/\/www.2beauty.com.br\/blog\/wp-content\/uploads\/2013\/05\/finde1-250x249.jpg 250w\" sizes=\"(max-width: 620px) 100vw, 620px\" \/><\/a><\/strong><\/p>\n<p style=\"text-align: center;\"><strong>Nariz entupido<br \/>\n<\/strong><\/p>\n<p>S\u00e1bado foi dia de almo\u00e7ar com a fam\u00edlia e visitar minha dinda. Ela est\u00e1 com o p\u00e9 imobilizado e n\u00e3o p\u00f4de ir ao almo\u00e7o, ent\u00e3o a gente fez o ch\u00e1 da tarde na casa dela.<\/p>\n<p>Estes lindos canudinhos recheados com doce de leite ou creme de baunilha s\u00e3o conhecidos como &#8220;nariz entupido&#8221; aqui em Porto Alegre.<\/p>\n<p>O nome n\u00e3o \u00e9 dos mais apetitosos, mas os canudinhos s\u00e3o TU-DO de bom. Comi eles, o bolinho formigueiro e os mini croissants que minhas primas trouxeram da confeitaria.<\/p>\n<p>Se voc\u00ea \u00e9 de Porto Alegre ou vem \u00e0 cidade a passeio, n\u00e3o deixe de conhecer a <a href=\"https:\/\/www.padariamercopan.com.br\/\" target=\"_blank\" rel=\"noopener noreferrer\">padaria e confeitaria uruguaia MercoPAN<\/a>.<\/p>\n<p>\u00c9 dem\u00f3\u00f3\u00f3\u00f3\u00f3is!<\/p>\n<p style=\"text-align: center;\"><strong><a href=\"https:\/\/www.2beauty.com.br\/blog\/wp-content\/uploads\/2013\/05\/finde2.jpg\"><img loading=\"lazy\" decoding=\"async\" class=\"alignnone size-full wp-image-44573\" src=\"https:\/\/www.2beauty.com.br\/blog\/wp-content\/uploads\/2013\/05\/finde2.jpg\" alt=\"finde2\" width=\"620\" height=\"620\" srcset=\"https:\/\/www.2beauty.com.br\/blog\/wp-content\/uploads\/2013\/05\/finde2.jpg 620w, https:\/\/www.2beauty.com.br\/blog\/wp-content\/uploads\/2013\/05\/finde2-435x435.jpg 435w, https:\/\/www.2beauty.com.br\/blog\/wp-content\/uploads\/2013\/05\/finde2-250x249.jpg 250w\" sizes=\"(max-width: 620px) 100vw, 620px\" \/><\/a><\/strong><\/p>\n<p style=\"text-align: center;\"><strong>Aniver da Chai e despedida da Betina<br \/>\n<\/strong><\/p>\n<p>S\u00e1bado tamb\u00e9m era aniver da Chai e nossa \u00faltima oportunidade de ver Betin\u00e3o antes dela partir para Porto Mau\u00e1.<\/p>\n<p>J\u00e1 tinha comentado aqui meses atr\u00e1s que a Tina passou num concurso pra auditora da Receita Federal e finalmente ela foi chamada para assumir seu posto.<\/p>\n<p>\u00c9 uma pena que seja t\u00e3o loooonge :(<\/p>\n<p>Fomos ao Odessa, porque gostamos de sofrer. Dessa vez, o gar\u00e7om n\u00e3o riu da minha cara, mas \u00e9 impressionante como alguns dos atendentes n\u00e3o tentam nem disfar\u00e7ar a falta de paci\u00eancia.<\/p>\n<p>Depois, acabei indo ao Ocidente e n\u00e9am&#8230; sem coment\u00e1rios. Aquela <del>vodka<\/del> coisa de sempre hehehehe<\/p>\n","protected":false},"excerpt":{"rendered":"<p>Okay, talvez eu tenha puxado sardinha demais pra um dos candidatos, mas quem se importa?! \u00c9 Robert Downey Jr.! Todas as noites, quando deito a cabe\u00e7a no travesseiro, eu rezo e pe\u00e7o : Jesus, MULTIPLICA! Pra semana que vem, sugeriram de fazer vota\u00e7\u00e3o com os melhores vil\u00f5es. Quem quiser deixar algumas op\u00e7\u00f5es de candidatos, porfa!, escreve um coment\u00e1rio. E se voc\u00ea pensou em Loki, n\u00e3o precisa nem escrever, porque ele \u00e9 o primeiro da minha lista hehehehe Que tal foi o finde de voc\u00eas? O meu foi aquela coisa de sempre&#8230; gordices e bandidagem ;) Card\u00e1pio de sexta Como Cabaret pegou fogo, minhas sexta-feiras tem sido muito mais calmas. Depois de correr 40min na esteira, dei uma passadinha no super pra comprar o vinho da noite e n\u00e3o resisti ao pacote de biscoitos importados. Todas as calorias que gastei com a corrida, eu ingeri em menos de meia hora com os biscoitos. Mas valeu! Imagine a del\u00edcia de um biscoito recheado com creme de avel\u00e3 e coberto por chocolate amargo su\u00ed\u00e7o e farofa de avel\u00e3. Me arrependi de s\u00f3 ter comprado uma caixa! Nariz entupido S\u00e1bado foi dia de almo\u00e7ar com a fam\u00edlia e visitar minha dinda. Ela est\u00e1 com o p\u00e9 imobilizado e n\u00e3o p\u00f4de ir ao almo\u00e7o, ent\u00e3o a gente fez o ch\u00e1 da tarde na casa dela. Estes lindos canudinhos recheados com doce de leite ou creme de baunilha s\u00e3o conhecidos como &#8220;nariz entupido&#8221; aqui em Porto Alegre. O nome n\u00e3o \u00e9 dos mais apetitosos, mas os canudinhos s\u00e3o TU-DO de bom. Comi eles, o bolinho formigueiro e os mini croissants que minhas primas trouxeram da confeitaria. Se voc\u00ea \u00e9 de Porto Alegre ou vem \u00e0 cidade a passeio, n\u00e3o deixe de conhecer a padaria e confeitaria uruguaia MercoPAN. \u00c9 dem\u00f3\u00f3\u00f3\u00f3\u00f3is! Aniver da Chai e despedida da Betina S\u00e1bado tamb\u00e9m era aniver da Chai e nossa \u00faltima oportunidade de ver Betin\u00e3o antes dela partir para Porto Mau\u00e1. J\u00e1 tinha comentado aqui meses atr\u00e1s que a Tina passou num concurso pra auditora da Receita Federal e finalmente ela foi chamada para assumir seu posto. \u00c9 uma pena que seja t\u00e3o loooonge :( Fomos ao Odessa, porque gostamos de sofrer. Dessa vez, o gar\u00e7om n\u00e3o riu da minha cara, mas \u00e9 impressionante como alguns dos atendentes n\u00e3o tentam nem disfar\u00e7ar a falta de paci\u00eancia. Depois, acabei indo ao Ocidente e n\u00e9am&#8230; sem coment\u00e1rios. Aquela vodka coisa de sempre hehehehe<\/p>\n","protected":false},"author":1,"featured_media":85847,"comment_status":"open","ping_status":"open","sticky":false,"template":"","format":"standard","meta":{"_uag_custom_page_level_css":"","footnotes":""},"categories":[1],"tags":[3237,3236,822,3235,4129],"class_list":["post-44571","post","type-post","status-publish","format-standard","has-post-thumbnail","hentry","category-geral","tag-homem-de-ferro","tag-iron-man","tag-o-la-em-casa","tag-tony-stark","tag-vidinha-e-novidades"],"uagb_featured_image_src":{"full":["https:\/\/www.2beauty.com.br\/blog\/wp-content\/uploads\/2013\/09\/robert2.jpg",620,900,false],"thumbnail":["https:\/\/www.2beauty.com.br\/blog\/wp-content\/uploads\/2013\/09\/robert2-300x250.jpg",300,250,true],"medium":["https:\/\/www.2beauty.com.br\/blog\/wp-content\/uploads\/2013\/09\/robert2-300x435.jpg",300,435,true],"medium_large":["https:\/\/www.2beauty.com.br\/blog\/wp-content\/uploads\/2013\/09\/robert2.jpg",620,900,false],"large":["https:\/\/www.2beauty.com.br\/blog\/wp-content\/uploads\/2013\/09\/robert2-620x900.jpg",620,900,true],"1536x1536":["https:\/\/www.2beauty.com.br\/blog\/wp-content\/uploads\/2013\/09\/robert2.jpg",620,900,false],"2048x2048":["https:\/\/www.2beauty.com.br\/blog\/wp-content\/uploads\/2013\/09\/robert2.jpg",620,900,false],"ashe-slider-grid-thumbnail":["https:\/\/www.2beauty.com.br\/blog\/wp-content\/uploads\/2013\/09\/robert2.jpg",372,540,false],"ashe-full-thumbnail":["https:\/\/www.2beauty.com.br\/blog\/wp-content\/uploads\/2013\/09\/robert2.jpg",620,900,false],"ashe-grid-thumbnail":["https:\/\/www.2beauty.com.br\/blog\/wp-content\/uploads\/2013\/09\/robert2.jpg",227,330,false],"ashe-list-thumbnail":["https:\/\/www.2beauty.com.br\/blog\/wp-content\/uploads\/2013\/09\/robert2.jpg",207,300,false],"ashe-single-navigation":["https:\/\/www.2beauty.com.br\/blog\/wp-content\/uploads\/2013\/09\/robert2.jpg",52,75,false]},"uagb_author_info":{"display_name":"Marina Smith","author_link":"https:\/\/www.2beauty.com.br\/blog\/author\/marinasmith\/"},"uagb_comment_info":94,"uagb_excerpt":"Okay, talvez eu tenha puxado sardinha demais pra um dos candidatos, mas quem se importa?! \u00c9 Robert Downey Jr.! Todas as noites, quando deito a cabe\u00e7a no travesseiro, eu rezo e pe\u00e7o : Jesus, MULTIPLICA! Pra semana que vem, sugeriram de fazer vota\u00e7\u00e3o com os melhores vil\u00f5es. Quem quiser deixar algumas op\u00e7\u00f5es de candidatos, porfa!,&hellip;","acf":[],"_links":{"self":[{"href":"https:\/\/www.2beauty.com.br\/blog\/wp-json\/wp\/v2\/posts\/44571","targetHints":{"allow":["GET"]}}],"collection":[{"href":"https:\/\/www.2beauty.com.br\/blog\/wp-json\/wp\/v2\/posts"}],"about":[{"href":"https:\/\/www.2beauty.com.br\/blog\/wp-json\/wp\/v2\/types\/post"}],"author":[{"embeddable":true,"href":"https:\/\/www.2beauty.com.br\/blog\/wp-json\/wp\/v2\/users\/1"}],"replies":[{"embeddable":true,"href":"https:\/\/www.2beauty.com.br\/blog\/wp-json\/wp\/v2\/comments?post=44571"}],"version-history":[{"count":0,"href":"https:\/\/www.2beauty.com.br\/blog\/wp-json\/wp\/v2\/posts\/44571\/revisions"}],"wp:featuredmedia":[{"embeddable":true,"href":"https:\/\/www.2beauty.com.br\/blog\/wp-json\/wp\/v2\/media\/85847"}],"wp:attachment":[{"href":"https:\/\/www.2beauty.com.br\/blog\/wp-json\/wp\/v2\/media?parent=44571"}],"wp:term":[{"taxonomy":"category","embeddable":true,"href":"https:\/\/www.2beauty.com.br\/blog\/wp-json\/wp\/v2\/categories?post=44571"},{"taxonomy":"post_tag","embeddable":true,"href":"https:\/\/www.2beauty.com.br\/blog\/wp-json\/wp\/v2\/tags?post=44571"}],"curies":[{"name":"wp","href":"https:\/\/api.w.org\/{rel}","templated":true}]}}