{"id":44324,"date":"2013-05-15T11:00:03","date_gmt":"2013-05-15T13:00:03","guid":{"rendered":"https:\/\/www.2beauty.com.br\/blog\/?p=44324"},"modified":"2019-02-15T16:11:31","modified_gmt":"2019-02-15T18:11:31","slug":"resenha-diorshow-iconic-overcurl-mascara","status":"publish","type":"post","link":"https:\/\/www.2beauty.com.br\/blog\/2013\/05\/resenha-diorshow-iconic-overcurl-mascara\/","title":{"rendered":"Resenha: Diorshow Iconic Overcurl Mascara"},"content":{"rendered":"<p><a href=\"https:\/\/www.2beauty.com.br\/blog\/wp-content\/uploads\/2013\/05\/dior1.jpg\"><img fetchpriority=\"high\" decoding=\"async\" class=\"size-full wp-image-44325 aligncenter\" alt=\"dior1\" src=\"https:\/\/www.2beauty.com.br\/blog\/wp-content\/uploads\/2013\/05\/dior1.jpg\" width=\"620\" height=\"932\" srcset=\"https:\/\/www.2beauty.com.br\/blog\/wp-content\/uploads\/2013\/05\/dior1.jpg 620w, https:\/\/www.2beauty.com.br\/blog\/wp-content\/uploads\/2013\/05\/dior1-580x872.jpg 580w, https:\/\/www.2beauty.com.br\/blog\/wp-content\/uploads\/2013\/05\/dior1-289x435.jpg 289w\" sizes=\"(max-width: 620px) 100vw, 620px\" \/><\/a><\/p>\n<p style=\"text-align: center\"><img decoding=\"async\" style=\"width: 30px;height: 30px\" title=\"Star\" alt=\"Star\" src=\"https:\/\/www.2beauty.com.br\/blog\/images\/star.gif\" width=\"30\" height=\"30\" align=\"top\" border=\"0\" \/><img decoding=\"async\" style=\"width: 30px;height: 30px\" title=\"Star\" alt=\"Star\" src=\"https:\/\/www.2beauty.com.br\/blog\/images\/star.gif\" width=\"30\" height=\"30\" align=\"top\" border=\"0\" \/><img decoding=\"async\" style=\"width: 30px;height: 30px\" title=\"Star\" alt=\"Star\" src=\"https:\/\/www.2beauty.com.br\/blog\/images\/star.gif\" width=\"30\" height=\"30\" align=\"top\" border=\"0\" \/><img decoding=\"async\" style=\"width: 30px;height: 30px\" title=\"Star\" alt=\"Star\" src=\"https:\/\/www.2beauty.com.br\/blog\/images\/star.gif\" width=\"30\" height=\"30\" align=\"top\" border=\"0\" \/><img decoding=\"async\" style=\"width: 30px;height: 30px\" title=\"Star\" alt=\"Star\" src=\"https:\/\/www.2beauty.com.br\/blog\/images\/star2.gif\" width=\"30\" height=\"30\" align=\"top\" border=\"0\" \/><\/p>\n<p style=\"text-align: center\"><strong>Quatro estrelinhas<\/strong><\/p>\n<p>Estava guardando essa amostrinha de r\u00edmel RYCOH pra alguma fun\u00e7\u00e3o especial e o aniver de 60 anos do meu tio foi a data escolhida para fazer a estreia em grande estilo.<\/p>\n<p>J\u00e1 tive algumas m\u00e1scaras da Dior e h\u00e1 uns dois anos mais ou menos, curti muito a <a href=\"https:\/\/www.2beauty.com.br\/blog\/2011\/05\/19\/resenha-diorshow-360-mascara\/\" target=\"_blank\">Diorshow 360<\/a>: um r\u00edmel com aplicador que gira.<\/p>\n<p><strong>Vamos \u00e0 descri\u00e7\u00e3o oficial:<\/strong><\/p>\n<blockquote><p>Desde os bastidores de Alta-Costura, aos sets de grava\u00e7\u00e3o de filmes, a m\u00e1scara Diorshow Iconic Overcurl oferece a todas as mulheres um olhar extravagante digno de uma estrela de cinema.<\/p>\n<p>Nascida da uni\u00e3o de uma escova curvada de alta-performance e de uma f\u00f3rmula de &#8220;&#8221;Pol\u00edmeros-K&#8221;&#8221;, amplificadora de volume e com mem\u00f3ria de defini\u00e7\u00e3o da forma, Diorshow Iconic Overcurl torna os c\u00edlios instantaneamente mais volumosos, criando uma curvatura naturalmente marcante, dia ap\u00f3s dia.<\/p><\/blockquote>\n<p>A minha m\u00e1scara \u00e9 uma amostrinha que ganhei depois de fazer compras na Sephora quando estive em NY no in\u00edcio do ano. A vers\u00e3o normal custa $28,50 d\u00f3lares nos EUA.<\/p>\n<p>No Brasil, um tubo sai por <a href=\"https:\/\/www.sephora.com.br\/site\/produto.asp?id=15229\" target=\"_blank\">R$136 na Sephora<\/a>.<\/p>\n<p>OUCH!<\/p>\n<p style=\"text-align: center\"><strong><a href=\"https:\/\/www.2beauty.com.br\/blog\/wp-content\/uploads\/2013\/05\/dior2.jpg\"><img loading=\"lazy\" decoding=\"async\" class=\"alignnone size-full wp-image-44326\" alt=\"dior2\" src=\"https:\/\/www.2beauty.com.br\/blog\/wp-content\/uploads\/2013\/05\/dior2.jpg\" width=\"620\" height=\"412\" srcset=\"https:\/\/www.2beauty.com.br\/blog\/wp-content\/uploads\/2013\/05\/dior2.jpg 620w, https:\/\/www.2beauty.com.br\/blog\/wp-content\/uploads\/2013\/05\/dior2-580x385.jpg 580w, https:\/\/www.2beauty.com.br\/blog\/wp-content\/uploads\/2013\/05\/dior2-250x166.jpg 250w\" sizes=\"(max-width: 620px) 100vw, 620px\" \/><\/a><\/strong><\/p>\n<p style=\"text-align: center\"><strong>Aplicador<\/strong><\/p>\n<p>Acho que j\u00e1 expliquei por aqui que curvatura \u00e9 TU-DO na vida.<\/p>\n<p>N\u00e3o adianta o r\u00edmel alongar e\/ou engrossar as pestanas se elas continuarem retas.<\/p>\n<p>S\u00f3 se nota todo o efeito e &#8220;gram\u00fa&#8221; das m\u00e1scaras de c\u00edlios quando acontece aquela coisa bonita da curvatura.<\/p>\n<p>J\u00e1 falei que curvex \u00e9 amor, mas, pra quem n\u00e3o consegue se adaptar (total compreens\u00edvel, j\u00e1 que o formato do curvex lembra instrumentos de tortura medievais), sempre recomendo m\u00e1scaras que tenham o aplicador curvado, como esta da Dior ou a The Falsies da Maybelline.<\/p>\n<p>O formato da escovinha &#8220;abra\u00e7a&#8221; e ajuda a elevar as pestanas enquanto voc\u00ea aplica o produto.<\/p>\n<p>E j\u00e1 que estamos nesse assunto, sim! O aplicador \u00e9 a minha parte preferida de Iconic Overcul e eu super vou guardar mesmo quando o r\u00edmel estiver seco, porque sou dessas que reaproveita aplicador usado com outras m\u00e1scaras.<\/p>\n<p>Adorei, porque ele cobre os c\u00edlios por igual, d\u00e1 voluminho, alonga e curva super bem.<\/p>\n<p style=\"text-align: center\"><strong><a href=\"https:\/\/www.2beauty.com.br\/blog\/wp-content\/uploads\/2013\/05\/dior3.jpg\"><img loading=\"lazy\" decoding=\"async\" class=\"alignnone size-full wp-image-44327\" alt=\"dior3\" src=\"https:\/\/www.2beauty.com.br\/blog\/wp-content\/uploads\/2013\/05\/dior3.jpg\" width=\"620\" height=\"412\" srcset=\"https:\/\/www.2beauty.com.br\/blog\/wp-content\/uploads\/2013\/05\/dior3.jpg 620w, https:\/\/www.2beauty.com.br\/blog\/wp-content\/uploads\/2013\/05\/dior3-580x385.jpg 580w, https:\/\/www.2beauty.com.br\/blog\/wp-content\/uploads\/2013\/05\/dior3-250x166.jpg 250w\" sizes=\"(max-width: 620px) 100vw, 620px\" \/><\/a><\/strong><\/p>\n<p style=\"text-align: center\"><strong>Antes<\/strong><\/p>\n<p style=\"text-align: center\"><strong><a href=\"https:\/\/www.2beauty.com.br\/blog\/wp-content\/uploads\/2013\/05\/dior4.jpg\"><img loading=\"lazy\" decoding=\"async\" class=\"alignnone size-full wp-image-44328\" alt=\"dior4\" src=\"https:\/\/www.2beauty.com.br\/blog\/wp-content\/uploads\/2013\/05\/dior4.jpg\" width=\"620\" height=\"412\" srcset=\"https:\/\/www.2beauty.com.br\/blog\/wp-content\/uploads\/2013\/05\/dior4.jpg 620w, https:\/\/www.2beauty.com.br\/blog\/wp-content\/uploads\/2013\/05\/dior4-580x385.jpg 580w, https:\/\/www.2beauty.com.br\/blog\/wp-content\/uploads\/2013\/05\/dior4-250x166.jpg 250w\" sizes=\"(max-width: 620px) 100vw, 620px\" \/><\/a><\/strong><\/p>\n<p style=\"text-align: center\"><strong>Depois (3 camadas)<\/strong><\/p>\n<p>A textura do r\u00edmel \u00e9 m\u00e9dia. Ele ainda est\u00e1 novinho, porque s\u00f3 abri agora, mas desconfio que em breve ficar\u00e1 mais grosso, o que pode resultar em c\u00edlios grudados se eu n\u00e3o tomar cuidado com a quantidade aplicada.<\/p>\n<p>A m\u00e1scara \u00e9 bem pretinha e na primeira camada j\u00e1 se nota melhora bacana na apar\u00eancia dos olhos.<\/p>\n<p>Os c\u00edlios ficam mais longos e curvados.<\/p>\n<p>Na segunda camada rola o voluminho del\u00edcia e na terceira,\u00a0 fica do jeito que eu gosto.<\/p>\n<p>N\u00e3o \u00e9 um r\u00edmel muito resistente \u00e0 \u00e1gua e ok, a f\u00f3rmula n\u00e3o \u00e9 <em>waterproof<\/em>, mas eu tenho algumas m\u00e1scaras que tamb\u00e9m n\u00e3o s\u00e3o \u00e0 prova d&#8217;\u00e1gua e se mant\u00e9m dignas depois de uma horinha na academia.<\/p>\n<p>Iconic Overcul borra f\u00e1cil, mas, no geral, mant\u00e9m o efeito curvado apesar do suor ou de outras adversidades do cotidiano feminino.<\/p>\n<p style=\"text-align: center\"><strong><a href=\"https:\/\/www.2beauty.com.br\/blog\/wp-content\/uploads\/2013\/05\/dior5.jpg\"><img loading=\"lazy\" decoding=\"async\" class=\"alignnone size-full wp-image-44329\" alt=\"dior5\" src=\"https:\/\/www.2beauty.com.br\/blog\/wp-content\/uploads\/2013\/05\/dior5.jpg\" width=\"620\" height=\"932\" srcset=\"https:\/\/www.2beauty.com.br\/blog\/wp-content\/uploads\/2013\/05\/dior5.jpg 620w, https:\/\/www.2beauty.com.br\/blog\/wp-content\/uploads\/2013\/05\/dior5-289x435.jpg 289w, https:\/\/www.2beauty.com.br\/blog\/wp-content\/uploads\/2013\/05\/dior5-250x375.jpg 250w\" sizes=\"(max-width: 620px) 100vw, 620px\" \/><\/a><\/strong><\/p>\n<p style=\"text-align: center\"><strong>Car\u00e3o<\/strong><\/p>\n<p>Curti a embalagem prata fin\u00e9rrima e amei o resultado excelente nos meus c\u00edlios.<\/p>\n<p><strong>Resumindo:<\/strong><\/p>\n<blockquote><p>A \u00fanica tristeza (profunda, por sinal) \u00e9 o pre\u00e7o salgad\u00e3o no Brasil: R$136.<\/p>\n<p>Vale se voc\u00ea \u00e9 RYCAH ou se pretende comprar numa viagem, j\u00e1 que o pre\u00e7o na gringa \u00e9 muito mais interessante.<\/p><\/blockquote>\n<p>Se gamou com paix\u00e3o depois da resenha, recomendo dar uma olhadinha na vers\u00e3o baratex que temos por aqui: The Falsies da Maybelline.<\/p>\n<p>A embalagem n\u00e3o \u00e9 t\u00e3o phyna, mas por R$30 e poucos reais, quem liga?!<\/p>\n<div id=\"resenha\">\n<p><span class=\"titresenha\">Detalhes da nota:<\/span><\/p>\n<div class=\"notas\">Textura\/Aplica\u00e7\u00e3o: 5\/5<br \/>\nCobertura\/Pigmenta\u00e7\u00e3o: &#8211; n\u00e3o se aplica<br \/>\nFixa\u00e7\u00e3o: 5\/5<br \/>\nPre\u00e7o: 1\/5<br \/>\nApresenta\u00e7\u00e3o: 5\/5<br \/>\nRela\u00e7\u00e3o Realidade x Descri\u00e7\u00e3o Oficial: 4\/5<br \/>\n<span class=\"media\">M\u00e9dia: 4,0<\/span><\/div>\n<p>Para visualizar a lista completa de crit\u00e9rios e notas, <a href=\"https:\/\/www.2beauty.com.br\/blog\/images\/avaliacao.gif\" target=\"_blank\">clique aqui<\/a>.<\/p>\n<\/div>\n<p>[ratings]<\/p>\n","protected":false},"excerpt":{"rendered":"<p>Quatro estrelinhas Estava guardando essa amostrinha de r\u00edmel RYCOH pra alguma fun\u00e7\u00e3o especial e o aniver de 60 anos do meu tio foi a data escolhida para fazer a estreia em grande estilo. J\u00e1 tive algumas m\u00e1scaras da Dior e h\u00e1 uns dois anos mais ou menos, curti muito a Diorshow 360: um r\u00edmel com aplicador que gira. Vamos \u00e0 descri\u00e7\u00e3o oficial: Desde os bastidores de Alta-Costura, aos sets de grava\u00e7\u00e3o de filmes, a m\u00e1scara Diorshow Iconic Overcurl oferece a todas as mulheres um olhar extravagante digno de uma estrela de cinema. Nascida da uni\u00e3o de uma escova curvada de alta-performance e de uma f\u00f3rmula de &#8220;&#8221;Pol\u00edmeros-K&#8221;&#8221;, amplificadora de volume e com mem\u00f3ria de defini\u00e7\u00e3o da forma, Diorshow Iconic Overcurl torna os c\u00edlios instantaneamente mais volumosos, criando uma curvatura naturalmente marcante, dia ap\u00f3s dia. A minha m\u00e1scara \u00e9 uma amostrinha que ganhei depois de fazer compras na Sephora quando estive em NY no in\u00edcio do ano. A vers\u00e3o normal custa $28,50 d\u00f3lares nos EUA. No Brasil, um tubo sai por R$136 na Sephora. OUCH! Aplicador Acho que j\u00e1 expliquei por aqui que curvatura \u00e9 TU-DO na vida. N\u00e3o adianta o r\u00edmel alongar e\/ou engrossar as pestanas se elas continuarem retas. S\u00f3 se nota todo o efeito e &#8220;gram\u00fa&#8221; das m\u00e1scaras de c\u00edlios quando acontece aquela coisa bonita da curvatura. J\u00e1 falei que curvex \u00e9 amor, mas, pra quem n\u00e3o consegue se adaptar (total compreens\u00edvel, j\u00e1 que o formato do curvex lembra instrumentos de tortura medievais), sempre recomendo m\u00e1scaras que tenham o aplicador curvado, como esta da Dior ou a The Falsies da Maybelline. O formato da escovinha &#8220;abra\u00e7a&#8221; e ajuda a elevar as pestanas enquanto voc\u00ea aplica o produto. E j\u00e1 que estamos nesse assunto, sim! O aplicador \u00e9 a minha parte preferida de Iconic Overcul e eu super vou guardar mesmo quando o r\u00edmel estiver seco, porque sou dessas que reaproveita aplicador usado com outras m\u00e1scaras. Adorei, porque ele cobre os c\u00edlios por igual, d\u00e1 voluminho, alonga e curva super bem. Antes Depois (3 camadas) A textura do r\u00edmel \u00e9 m\u00e9dia. Ele ainda est\u00e1 novinho, porque s\u00f3 abri agora, mas desconfio que em breve ficar\u00e1 mais grosso, o que pode resultar em c\u00edlios grudados se eu n\u00e3o tomar cuidado com a quantidade aplicada. A m\u00e1scara \u00e9 bem pretinha e na primeira camada j\u00e1 se nota melhora bacana na apar\u00eancia dos olhos. Os c\u00edlios ficam mais longos e curvados. Na segunda camada rola o voluminho del\u00edcia e na terceira,\u00a0 fica do jeito que eu gosto. N\u00e3o \u00e9 um r\u00edmel muito resistente \u00e0 \u00e1gua e ok, a f\u00f3rmula n\u00e3o \u00e9 waterproof, mas eu tenho algumas m\u00e1scaras que tamb\u00e9m n\u00e3o s\u00e3o \u00e0 prova d&#8217;\u00e1gua e se mant\u00e9m dignas depois de uma horinha na academia. Iconic Overcul borra f\u00e1cil, mas, no geral, mant\u00e9m o efeito curvado apesar do suor ou de outras adversidades do cotidiano feminino. Car\u00e3o Curti a embalagem prata fin\u00e9rrima e amei o resultado excelente nos meus c\u00edlios. Resumindo: A \u00fanica tristeza (profunda, por sinal) \u00e9 o pre\u00e7o salgad\u00e3o no Brasil: R$136. Vale se voc\u00ea \u00e9 RYCAH ou se pretende comprar numa viagem, j\u00e1 que o pre\u00e7o na gringa \u00e9 muito mais interessante. Se gamou com paix\u00e3o depois da resenha, recomendo dar uma olhadinha na vers\u00e3o baratex que temos por aqui: The Falsies da Maybelline. A embalagem n\u00e3o \u00e9 t\u00e3o phyna, mas por R$30 e poucos reais, quem liga?! Detalhes da nota: Textura\/Aplica\u00e7\u00e3o: 5\/5 Cobertura\/Pigmenta\u00e7\u00e3o: &#8211; n\u00e3o se aplica Fixa\u00e7\u00e3o: 5\/5 Pre\u00e7o: 1\/5 Apresenta\u00e7\u00e3o: 5\/5 Rela\u00e7\u00e3o Realidade x Descri\u00e7\u00e3o Oficial: 4\/5 M\u00e9dia: 4,0 Para visualizar a lista completa de crit\u00e9rios e notas, clique aqui. [ratings]<\/p>\n","protected":false},"author":1,"featured_media":44325,"comment_status":"open","ping_status":"open","sticky":false,"template":"","format":"standard","meta":{"_uag_custom_page_level_css":"","footnotes":""},"categories":[84],"tags":[251,400,406,878,3221,4128,4125],"class_list":["post-44324","post","type-post","status-publish","format-standard","has-post-thumbnail","hentry","category-maquiagem","tag-dior","tag-diorshow","tag-iconic","tag-mascara","tag-overcurl","tag-resenhas","tag-rimel"],"uagb_featured_image_src":{"full":["https:\/\/www.2beauty.com.br\/blog\/wp-content\/uploads\/2013\/05\/dior1.jpg",620,932,false],"thumbnail":["https:\/\/www.2beauty.com.br\/blog\/wp-content\/uploads\/2013\/05\/dior1-300x250.jpg",300,250,true],"medium":["https:\/\/www.2beauty.com.br\/blog\/wp-content\/uploads\/2013\/05\/dior1-289x435.jpg",289,435,true],"medium_large":["https:\/\/www.2beauty.com.br\/blog\/wp-content\/uploads\/2013\/05\/dior1.jpg",620,932,false],"large":["https:\/\/www.2beauty.com.br\/blog\/wp-content\/uploads\/2013\/05\/dior1-620x932.jpg",620,932,true],"1536x1536":["https:\/\/www.2beauty.com.br\/blog\/wp-content\/uploads\/2013\/05\/dior1.jpg",620,932,false],"2048x2048":["https:\/\/www.2beauty.com.br\/blog\/wp-content\/uploads\/2013\/05\/dior1.jpg",620,932,false],"ashe-slider-grid-thumbnail":["https:\/\/www.2beauty.com.br\/blog\/wp-content\/uploads\/2013\/05\/dior1.jpg",359,540,false],"ashe-full-thumbnail":["https:\/\/www.2beauty.com.br\/blog\/wp-content\/uploads\/2013\/05\/dior1.jpg",620,932,false],"ashe-grid-thumbnail":["https:\/\/www.2beauty.com.br\/blog\/wp-content\/uploads\/2013\/05\/dior1.jpg",220,330,false],"ashe-list-thumbnail":["https:\/\/www.2beauty.com.br\/blog\/wp-content\/uploads\/2013\/05\/dior1.jpg",200,300,false],"ashe-single-navigation":["https:\/\/www.2beauty.com.br\/blog\/wp-content\/uploads\/2013\/05\/dior1.jpg",50,75,false]},"uagb_author_info":{"display_name":"Marina Smith","author_link":"https:\/\/www.2beauty.com.br\/blog\/author\/marinasmith\/"},"uagb_comment_info":26,"uagb_excerpt":"Quatro estrelinhas Estava guardando essa amostrinha de r\u00edmel RYCOH pra alguma fun\u00e7\u00e3o especial e o aniver de 60 anos do meu tio foi a data escolhida para fazer a estreia em grande estilo. J\u00e1 tive algumas m\u00e1scaras da Dior e h\u00e1 uns dois anos mais ou menos, curti muito a Diorshow 360: um r\u00edmel com&hellip;","acf":[],"_links":{"self":[{"href":"https:\/\/www.2beauty.com.br\/blog\/wp-json\/wp\/v2\/posts\/44324","targetHints":{"allow":["GET"]}}],"collection":[{"href":"https:\/\/www.2beauty.com.br\/blog\/wp-json\/wp\/v2\/posts"}],"about":[{"href":"https:\/\/www.2beauty.com.br\/blog\/wp-json\/wp\/v2\/types\/post"}],"author":[{"embeddable":true,"href":"https:\/\/www.2beauty.com.br\/blog\/wp-json\/wp\/v2\/users\/1"}],"replies":[{"embeddable":true,"href":"https:\/\/www.2beauty.com.br\/blog\/wp-json\/wp\/v2\/comments?post=44324"}],"version-history":[{"count":0,"href":"https:\/\/www.2beauty.com.br\/blog\/wp-json\/wp\/v2\/posts\/44324\/revisions"}],"wp:featuredmedia":[{"embeddable":true,"href":"https:\/\/www.2beauty.com.br\/blog\/wp-json\/wp\/v2\/media\/44325"}],"wp:attachment":[{"href":"https:\/\/www.2beauty.com.br\/blog\/wp-json\/wp\/v2\/media?parent=44324"}],"wp:term":[{"taxonomy":"category","embeddable":true,"href":"https:\/\/www.2beauty.com.br\/blog\/wp-json\/wp\/v2\/categories?post=44324"},{"taxonomy":"post_tag","embeddable":true,"href":"https:\/\/www.2beauty.com.br\/blog\/wp-json\/wp\/v2\/tags?post=44324"}],"curies":[{"name":"wp","href":"https:\/\/api.w.org\/{rel}","templated":true}]}}