{"id":44057,"date":"2013-05-02T13:30:38","date_gmt":"2013-05-02T15:30:38","guid":{"rendered":"https:\/\/www.2beauty.com.br\/blog\/?p=44057"},"modified":"2019-02-15T16:11:32","modified_gmt":"2019-02-15T18:11:32","slug":"amostrinhas-gabriela-mel-e-pimenta-quem-disse-berenice","status":"publish","type":"post","link":"https:\/\/www.2beauty.com.br\/blog\/2013\/05\/amostrinhas-gabriela-mel-e-pimenta-quem-disse-berenice\/","title":{"rendered":"Amostrinhas: Gabriela Mel e Pimenta, quem disse, berenice?"},"content":{"rendered":"<p style=\"text-align: center;\"><strong><a href=\"https:\/\/www.2beauty.com.br\/blog\/wp-content\/uploads\/2013\/05\/bere1.jpg\"><img fetchpriority=\"high\" decoding=\"async\" class=\"alignnone size-full wp-image-44058\" alt=\"bere1\" src=\"https:\/\/www.2beauty.com.br\/blog\/wp-content\/uploads\/2013\/05\/bere1.jpg\" width=\"620\" height=\"932\" srcset=\"https:\/\/www.2beauty.com.br\/blog\/wp-content\/uploads\/2013\/05\/bere1.jpg 620w, https:\/\/www.2beauty.com.br\/blog\/wp-content\/uploads\/2013\/05\/bere1-580x872.jpg 580w, https:\/\/www.2beauty.com.br\/blog\/wp-content\/uploads\/2013\/05\/bere1-289x435.jpg 289w\" sizes=\"(max-width: 620px) 100vw, 620px\" \/><\/a><\/strong><\/p>\n<p style=\"text-align: center;\"><strong>Vermelhada, Laranjardida e Pimentada da cole\u00e7\u00e3o Gabriela Mel e Pimenta<\/strong><\/p>\n<p>Antes de mais nada, not\u00edcia boa do dia: &#8220;quem disse, berenice?&#8221; finalmente ter\u00e1 com\u00e9rcio online.<\/p>\n<p>O site est\u00e1 pronto, mas, por enquanto, n\u00e3o \u00e9 todo mundo que pode acessar.<\/p>\n<p>Acho que para garantir que o babado funciona direitinho, a marca fez a abertura apenas para algumas pessoas.<\/p>\n<p>Mais cedo, na Fan Page da Ber\u00ea, as pessoas podiam se cadastrar para ter acesso ao lan\u00e7amento. O n\u00famero de convites era limitado, acabou r\u00e1pido e eu n\u00e3o consegui chegar a tempo, mas tudo bem&#8230; logo logo, o site abre pro grande p\u00fablico.<\/p>\n<p><strong>Agora vamos ao que interessa&#8230;<\/strong><\/p>\n<p>Se voc\u00ea curte laranja, esse lan\u00e7amento \u00e9 pra voc\u00ea!<\/p>\n<blockquote><p>A nova cole\u00e7\u00e3o da Ber\u00ea chama Gabriela Mel e Pimenta e tem tr\u00eas batons alaranjados, dois de acabamento matte e um cremoso.<\/p><\/blockquote>\n<p>O pre\u00e7o \u00e9 de R$25,30 por unidade.<\/p>\n<p style=\"text-align: center;\"><strong><a href=\"https:\/\/www.2beauty.com.br\/blog\/wp-content\/uploads\/2013\/05\/bere2.jpg\"><img decoding=\"async\" class=\"alignnone size-full wp-image-44059\" alt=\"bere2\" src=\"https:\/\/www.2beauty.com.br\/blog\/wp-content\/uploads\/2013\/05\/bere2.jpg\" width=\"620\" height=\"412\" srcset=\"https:\/\/www.2beauty.com.br\/blog\/wp-content\/uploads\/2013\/05\/bere2.jpg 620w, https:\/\/www.2beauty.com.br\/blog\/wp-content\/uploads\/2013\/05\/bere2-580x385.jpg 580w, https:\/\/www.2beauty.com.br\/blog\/wp-content\/uploads\/2013\/05\/bere2-250x166.jpg 250w\" sizes=\"(max-width: 620px) 100vw, 620px\" \/><\/a><\/strong><\/p>\n<p style=\"text-align: center;\"><strong>Amostrinhas: Vermelhada, Laranjardida e Pimentada<\/strong><\/p>\n<ul>\n<li><strong>Vermelhada<\/strong> \u00e9 um laranja queimado de acabamento cremoso.<\/li>\n<li><strong>Laranjardida<\/strong> \u00e9 laranja pastel de acabamento matte.<\/li>\n<li><strong>Pimentada<\/strong> \u00e9 vermelho de fundo laranja com acabamento matte.<\/li>\n<\/ul>\n<p>Os tr\u00eas tem boa cobertura, sendo os dois tons opacos MUITO pigmentados. MUI-TO.<\/p>\n<p>O cremoso Vermelhada tamb\u00e9m tem boa pigmenta\u00e7\u00e3o, mas \u00e9 um tiquinho mais <em>light<\/em> nesse sentido.<\/p>\n<p>A textura dele \u00e9 MARAVIS. Desliza super bem nos l\u00e1bios!<\/p>\n<p>Laranjardida e Pimentada, por serem matte, s\u00e3o mais secos e a sensa\u00e7\u00e3o n\u00e3o \u00e9 t\u00e3o confort\u00e1vel ao usar, mas n\u00e3o chega ao n\u00edvel de secura de um Ruby Woo da vida.<\/p>\n<p>Pra quem sofre de boca seca (tipo eu), recomendo passar um hidratante labial antes de passar esses batons.<\/p>\n<p style=\"text-align: center;\"><strong><a href=\"https:\/\/www.2beauty.com.br\/blog\/wp-content\/uploads\/2013\/05\/bere3.jpg\"><img decoding=\"async\" class=\"alignnone size-full wp-image-44060\" alt=\"bere3\" src=\"https:\/\/www.2beauty.com.br\/blog\/wp-content\/uploads\/2013\/05\/bere3.jpg\" width=\"620\" height=\"412\" srcset=\"https:\/\/www.2beauty.com.br\/blog\/wp-content\/uploads\/2013\/05\/bere3.jpg 620w, https:\/\/www.2beauty.com.br\/blog\/wp-content\/uploads\/2013\/05\/bere3-580x385.jpg 580w, https:\/\/www.2beauty.com.br\/blog\/wp-content\/uploads\/2013\/05\/bere3-250x166.jpg 250w\" sizes=\"(max-width: 620px) 100vw, 620px\" \/><\/a><\/strong><\/p>\n<p style=\"text-align: center;\"><strong>Pimentada<\/strong><\/p>\n<p style=\"text-align: center;\"><strong><a href=\"https:\/\/www.2beauty.com.br\/blog\/wp-content\/uploads\/2013\/05\/bere4.jpg\"><img loading=\"lazy\" decoding=\"async\" class=\"alignnone size-full wp-image-44061\" alt=\"bere4\" src=\"https:\/\/www.2beauty.com.br\/blog\/wp-content\/uploads\/2013\/05\/bere4.jpg\" width=\"620\" height=\"412\" srcset=\"https:\/\/www.2beauty.com.br\/blog\/wp-content\/uploads\/2013\/05\/bere4.jpg 620w, https:\/\/www.2beauty.com.br\/blog\/wp-content\/uploads\/2013\/05\/bere4-580x385.jpg 580w, https:\/\/www.2beauty.com.br\/blog\/wp-content\/uploads\/2013\/05\/bere4-250x166.jpg 250w\" sizes=\"(max-width: 620px) 100vw, 620px\" \/><\/a><\/strong><\/p>\n<p style=\"text-align: center;\"><strong>Laranjardida<\/strong><\/p>\n<p style=\"text-align: center;\"><strong><a href=\"https:\/\/www.2beauty.com.br\/blog\/wp-content\/uploads\/2013\/05\/bere5.jpg\"><img loading=\"lazy\" decoding=\"async\" class=\"alignnone size-full wp-image-44062\" alt=\"bere5\" src=\"https:\/\/www.2beauty.com.br\/blog\/wp-content\/uploads\/2013\/05\/bere5.jpg\" width=\"620\" height=\"412\" srcset=\"https:\/\/www.2beauty.com.br\/blog\/wp-content\/uploads\/2013\/05\/bere5.jpg 620w, https:\/\/www.2beauty.com.br\/blog\/wp-content\/uploads\/2013\/05\/bere5-580x385.jpg 580w, https:\/\/www.2beauty.com.br\/blog\/wp-content\/uploads\/2013\/05\/bere5-250x166.jpg 250w\" sizes=\"(max-width: 620px) 100vw, 620px\" \/><\/a><\/strong><\/p>\n<p style=\"text-align: center;\"><strong>Vermelhada<\/strong><\/p>\n<p>Dos tr\u00eas, achei o Laranjardida meio complicado de usar no dia a dia.<\/p>\n<p>Ficou meio estranho em mim, mas pra quem \u00e9 mais clarinha, acho que far\u00e1 sucesso.<\/p>\n<p><a href=\"https:\/\/www.belezacomprada.com\/colecao-gabriela-mel-e-pimenta-quem-disse-berenice\/\" target=\"_blank\">Aqui tem foto da D\u00e9bora Reis usando<\/a> e como ela \u00e9 clarinha,\u00a0 ficou mais discreto.<\/p>\n<blockquote><p>As duas outras cores achei mais &#8220;universais&#8221;, no sentido que devem ficar bonitas tanto em pessoas claras quanto em morenas e negras.<\/p><\/blockquote>\n<p><strong>Pra quem tem medo do Morange da MAC, estes s\u00e3o boas op\u00e7\u00f5es dentro da fam\u00edlia do laranja.<\/strong><\/p>\n<p>O meu preferido \u00e9 o Vermelhada, j\u00e1 que \u00e9 um tom de laranja super us\u00e1vel e a textura \u00e9 \u00f3tima.<\/p>\n","protected":false},"excerpt":{"rendered":"<p>Vermelhada, Laranjardida e Pimentada da cole\u00e7\u00e3o Gabriela Mel e Pimenta Antes de mais nada, not\u00edcia boa do dia: &#8220;quem disse, berenice?&#8221; finalmente ter\u00e1 com\u00e9rcio online. O site est\u00e1 pronto, mas, por enquanto, n\u00e3o \u00e9 todo mundo que pode acessar. Acho que para garantir que o babado funciona direitinho, a marca fez a abertura apenas para algumas pessoas. Mais cedo, na Fan Page da Ber\u00ea, as pessoas podiam se cadastrar para ter acesso ao lan\u00e7amento. O n\u00famero de convites era limitado, acabou r\u00e1pido e eu n\u00e3o consegui chegar a tempo, mas tudo bem&#8230; logo logo, o site abre pro grande p\u00fablico. Agora vamos ao que interessa&#8230; Se voc\u00ea curte laranja, esse lan\u00e7amento \u00e9 pra voc\u00ea! A nova cole\u00e7\u00e3o da Ber\u00ea chama Gabriela Mel e Pimenta e tem tr\u00eas batons alaranjados, dois de acabamento matte e um cremoso. O pre\u00e7o \u00e9 de R$25,30 por unidade. Amostrinhas: Vermelhada, Laranjardida e Pimentada Vermelhada \u00e9 um laranja queimado de acabamento cremoso. Laranjardida \u00e9 laranja pastel de acabamento matte. Pimentada \u00e9 vermelho de fundo laranja com acabamento matte. Os tr\u00eas tem boa cobertura, sendo os dois tons opacos MUITO pigmentados. MUI-TO. O cremoso Vermelhada tamb\u00e9m tem boa pigmenta\u00e7\u00e3o, mas \u00e9 um tiquinho mais light nesse sentido. A textura dele \u00e9 MARAVIS. Desliza super bem nos l\u00e1bios! Laranjardida e Pimentada, por serem matte, s\u00e3o mais secos e a sensa\u00e7\u00e3o n\u00e3o \u00e9 t\u00e3o confort\u00e1vel ao usar, mas n\u00e3o chega ao n\u00edvel de secura de um Ruby Woo da vida. Pra quem sofre de boca seca (tipo eu), recomendo passar um hidratante labial antes de passar esses batons. Pimentada Laranjardida Vermelhada Dos tr\u00eas, achei o Laranjardida meio complicado de usar no dia a dia. Ficou meio estranho em mim, mas pra quem \u00e9 mais clarinha, acho que far\u00e1 sucesso. Aqui tem foto da D\u00e9bora Reis usando e como ela \u00e9 clarinha,\u00a0 ficou mais discreto. As duas outras cores achei mais &#8220;universais&#8221;, no sentido que devem ficar bonitas tanto em pessoas claras quanto em morenas e negras. Pra quem tem medo do Morange da MAC, estes s\u00e3o boas op\u00e7\u00f5es dentro da fam\u00edlia do laranja. O meu preferido \u00e9 o Vermelhada, j\u00e1 que \u00e9 um tom de laranja super us\u00e1vel e a textura \u00e9 \u00f3tima.<\/p>\n","protected":false},"author":1,"featured_media":44058,"comment_status":"open","ping_status":"open","sticky":false,"template":"","format":"standard","meta":{"_uag_custom_page_level_css":"","footnotes":""},"categories":[84],"tags":[2252,4111,3205,3203,2882,3204],"class_list":["post-44057","post","type-post","status-publish","format-standard","has-post-thumbnail","hentry","category-maquiagem","tag-amostrinhas","tag-batom","tag-laranjardida","tag-pimentada","tag-quem-disse-berenice","tag-vermelhada"],"uagb_featured_image_src":{"full":["https:\/\/www.2beauty.com.br\/blog\/wp-content\/uploads\/2013\/05\/bere1.jpg",620,932,false],"thumbnail":["https:\/\/www.2beauty.com.br\/blog\/wp-content\/uploads\/2013\/05\/bere1-300x250.jpg",300,250,true],"medium":["https:\/\/www.2beauty.com.br\/blog\/wp-content\/uploads\/2013\/05\/bere1-289x435.jpg",289,435,true],"medium_large":["https:\/\/www.2beauty.com.br\/blog\/wp-content\/uploads\/2013\/05\/bere1.jpg",620,932,false],"large":["https:\/\/www.2beauty.com.br\/blog\/wp-content\/uploads\/2013\/05\/bere1-620x932.jpg",620,932,true],"1536x1536":["https:\/\/www.2beauty.com.br\/blog\/wp-content\/uploads\/2013\/05\/bere1.jpg",620,932,false],"2048x2048":["https:\/\/www.2beauty.com.br\/blog\/wp-content\/uploads\/2013\/05\/bere1.jpg",620,932,false],"ashe-slider-grid-thumbnail":["https:\/\/www.2beauty.com.br\/blog\/wp-content\/uploads\/2013\/05\/bere1.jpg",359,540,false],"ashe-full-thumbnail":["https:\/\/www.2beauty.com.br\/blog\/wp-content\/uploads\/2013\/05\/bere1.jpg",620,932,false],"ashe-grid-thumbnail":["https:\/\/www.2beauty.com.br\/blog\/wp-content\/uploads\/2013\/05\/bere1.jpg",220,330,false],"ashe-list-thumbnail":["https:\/\/www.2beauty.com.br\/blog\/wp-content\/uploads\/2013\/05\/bere1.jpg",200,300,false],"ashe-single-navigation":["https:\/\/www.2beauty.com.br\/blog\/wp-content\/uploads\/2013\/05\/bere1.jpg",50,75,false]},"uagb_author_info":{"display_name":"Marina Smith","author_link":"https:\/\/www.2beauty.com.br\/blog\/author\/marinasmith\/"},"uagb_comment_info":24,"uagb_excerpt":"Vermelhada, Laranjardida e Pimentada da cole\u00e7\u00e3o Gabriela Mel e Pimenta Antes de mais nada, not\u00edcia boa do dia: &#8220;quem disse, berenice?&#8221; finalmente ter\u00e1 com\u00e9rcio online. O site est\u00e1 pronto, mas, por enquanto, n\u00e3o \u00e9 todo mundo que pode acessar. Acho que para garantir que o babado funciona direitinho, a marca fez a abertura apenas para&hellip;","acf":[],"_links":{"self":[{"href":"https:\/\/www.2beauty.com.br\/blog\/wp-json\/wp\/v2\/posts\/44057","targetHints":{"allow":["GET"]}}],"collection":[{"href":"https:\/\/www.2beauty.com.br\/blog\/wp-json\/wp\/v2\/posts"}],"about":[{"href":"https:\/\/www.2beauty.com.br\/blog\/wp-json\/wp\/v2\/types\/post"}],"author":[{"embeddable":true,"href":"https:\/\/www.2beauty.com.br\/blog\/wp-json\/wp\/v2\/users\/1"}],"replies":[{"embeddable":true,"href":"https:\/\/www.2beauty.com.br\/blog\/wp-json\/wp\/v2\/comments?post=44057"}],"version-history":[{"count":0,"href":"https:\/\/www.2beauty.com.br\/blog\/wp-json\/wp\/v2\/posts\/44057\/revisions"}],"wp:featuredmedia":[{"embeddable":true,"href":"https:\/\/www.2beauty.com.br\/blog\/wp-json\/wp\/v2\/media\/44058"}],"wp:attachment":[{"href":"https:\/\/www.2beauty.com.br\/blog\/wp-json\/wp\/v2\/media?parent=44057"}],"wp:term":[{"taxonomy":"category","embeddable":true,"href":"https:\/\/www.2beauty.com.br\/blog\/wp-json\/wp\/v2\/categories?post=44057"},{"taxonomy":"post_tag","embeddable":true,"href":"https:\/\/www.2beauty.com.br\/blog\/wp-json\/wp\/v2\/tags?post=44057"}],"curies":[{"name":"wp","href":"https:\/\/api.w.org\/{rel}","templated":true}]}}