{"id":41028,"date":"2013-02-27T14:00:06","date_gmt":"2013-02-27T16:00:06","guid":{"rendered":"https:\/\/www.2beauty.com.br\/blog\/?p=41028"},"modified":"2019-02-15T16:11:37","modified_gmt":"2019-02-15T18:11:37","slug":"resenha-pincel-para-blush-09-vult","status":"publish","type":"post","link":"https:\/\/www.2beauty.com.br\/blog\/2013\/02\/resenha-pincel-para-blush-09-vult\/","title":{"rendered":"Resenha: Pincel para blush #09 Vult"},"content":{"rendered":"<p><a href=\"https:\/\/www.2beauty.com.br\/blog\/wp-content\/uploads\/2013\/02\/pvult1.jpg\"><img fetchpriority=\"high\" decoding=\"async\" class=\"size-full wp-image-41029 aligncenter\" alt=\"pvult1\" src=\"https:\/\/www.2beauty.com.br\/blog\/wp-content\/uploads\/2013\/02\/pvult1.jpg\" width=\"620\" height=\"412\" srcset=\"https:\/\/www.2beauty.com.br\/blog\/wp-content\/uploads\/2013\/02\/pvult1.jpg 620w, https:\/\/www.2beauty.com.br\/blog\/wp-content\/uploads\/2013\/02\/pvult1-580x385.jpg 580w, https:\/\/www.2beauty.com.br\/blog\/wp-content\/uploads\/2013\/02\/pvult1-250x166.jpg 250w\" sizes=\"(max-width: 620px) 100vw, 620px\" \/><\/a><\/p>\n<p><a href=\"https:\/\/www.2beauty.com.br\/blog\/wp-content\/uploads\/2013\/02\/pvult2.jpg\"><img decoding=\"async\" class=\"size-full wp-image-41030 aligncenter\" alt=\"pvult2\" src=\"https:\/\/www.2beauty.com.br\/blog\/wp-content\/uploads\/2013\/02\/pvult2.jpg\" width=\"620\" height=\"932\" srcset=\"https:\/\/www.2beauty.com.br\/blog\/wp-content\/uploads\/2013\/02\/pvult2.jpg 620w, https:\/\/www.2beauty.com.br\/blog\/wp-content\/uploads\/2013\/02\/pvult2-580x872.jpg 580w, https:\/\/www.2beauty.com.br\/blog\/wp-content\/uploads\/2013\/02\/pvult2-289x435.jpg 289w\" sizes=\"(max-width: 620px) 100vw, 620px\" \/><\/a><\/p>\n<p style=\"text-align: center;\"><img decoding=\"async\" style=\"width: 30px; height: 30px;\" title=\"Star\" alt=\"Star\" src=\"https:\/\/www.2beauty.com.br\/blog\/images\/star.gif\" width=\"30\" height=\"30\" align=\"top\" border=\"0\" \/><img decoding=\"async\" style=\"width: 30px; height: 30px;\" title=\"Star\" alt=\"Star\" src=\"https:\/\/www.2beauty.com.br\/blog\/images\/star.gif\" width=\"30\" height=\"30\" align=\"top\" border=\"0\" \/><img decoding=\"async\" style=\"width: 30px; height: 30px;\" title=\"Star\" alt=\"Star\" src=\"https:\/\/www.2beauty.com.br\/blog\/images\/star.gif\" width=\"30\" height=\"30\" align=\"top\" border=\"0\" \/><img decoding=\"async\" style=\"width: 30px; height: 30px;\" title=\"Star\" alt=\"Star\" src=\"https:\/\/www.2beauty.com.br\/blog\/images\/star.gif\" width=\"30\" height=\"30\" align=\"top\" border=\"0\" \/><img loading=\"lazy\" decoding=\"async\" style=\"width: 30px; height: 30px;\" title=\"Star\" alt=\"Star\" src=\"https:\/\/www.2beauty.com.br\/blog\/images\/star3.gif\" width=\"30\" height=\"30\" align=\"top\" border=\"0\" \/><\/p>\n<p style=\"text-align: center;\"><strong>4,4 estrelinhas<\/strong><\/p>\n<p>Recebi mais um modelinho dos pinc\u00e9is de maquiagem da assessoria da Vult!<\/p>\n<p>Este \u00e9 o pincel para blush com corte chanfrado.<\/p>\n<blockquote><p>A descri\u00e7\u00e3o diz que ele cont\u00e9m cerdas sint\u00e9ticas densas e macias e \u00e9 ideal para aplica\u00e7\u00e3o de blush nas ma\u00e7\u00e3s do rosto e de bronzer para contornar.<\/p><\/blockquote>\n<p>Na internet, d\u00e1 para comprar pelo site <a href=\"https:\/\/www.loosho.com.br\/acessorios\/pincel-22760\/face-22761\/pincel-para-blush-vult-09_31584\" target=\"_blank\">Loosho.com (R$24,90)<\/a> ou pelo <a href=\"https:\/\/maquiagemnaweb.com.br\/marcas\/vult\/acessorios\/pincel-vult-numero-09.html\" target=\"_blank\">Maquiagem na Web (R$18,00)<\/a>.<\/p>\n<p>Quem j\u00e1 tiver encontrado ao vivo em lojas e farm\u00e1cias, porfa!, avisa nos coment\u00e1rios.<\/p>\n<p style=\"text-align: center;\"><strong><a href=\"https:\/\/www.2beauty.com.br\/blog\/wp-content\/uploads\/2013\/02\/pvult3.jpg\"><img loading=\"lazy\" decoding=\"async\" class=\"alignnone size-full wp-image-41031\" alt=\"pvult3\" src=\"https:\/\/www.2beauty.com.br\/blog\/wp-content\/uploads\/2013\/02\/pvult3.jpg\" width=\"620\" height=\"412\" srcset=\"https:\/\/www.2beauty.com.br\/blog\/wp-content\/uploads\/2013\/02\/pvult3.jpg 620w, https:\/\/www.2beauty.com.br\/blog\/wp-content\/uploads\/2013\/02\/pvult3-580x385.jpg 580w, https:\/\/www.2beauty.com.br\/blog\/wp-content\/uploads\/2013\/02\/pvult3-250x166.jpg 250w\" sizes=\"(max-width: 620px) 100vw, 620px\" \/><\/a><\/strong><\/p>\n<p style=\"text-align: center;\"><strong>Compara\u00e7\u00e3o de tamanho do domo do pincel Vult com o <del>169<\/del> 168 da MAC<\/strong><\/p>\n<p>Voc\u00eas lembram do pincel de blush do kit Duda Molinos?<\/p>\n<p>O corte e tamanho do pincel da Vult \u00e9 praticamente id\u00eantico (provavelmente porque a Vult \u00e9 quem fabrica a linha do Duda). O que difere \u00e9 a maciez das cerdas, j\u00e1 que o pincel da Vult \u00e9 quase um pedacinho de algod\u00e3o de t\u00e3o macio.<\/p>\n<p>Comparando o corte e o tamanho com outros modelinhos, esse pincel tem o cabo uns dois dedos mais curto e tem a base e o domo mais largos que o pincel 168 da MAC ou o F40 da Sigma.<\/p>\n<p>Mesmo o domo sendo maior, ele cabe direitinho nas minhas ma\u00e7\u00e3s do rosto e aplica blush super bem.<\/p>\n<p>\u00c9 perfeito para essa fun\u00e7\u00e3o!<\/p>\n<p>Acabei dando nota 4\/5 ao inv\u00e9s de 5\/5 no quesito &#8220;tamanho\/corte&#8221;, porque seria legal se ele fosse um pouco menor para fazer os contornos do rosto com p\u00f3 bronzeador ou para passar iluminador nas t\u00eamporas.<\/p>\n<p>O tamanho n\u00e3o compromete por completo, mas voc\u00ea precisa tomar um pouco mais de cuidado, j\u00e1 que estas duas fun\u00e7\u00f5es requerem um certo n\u00edvel de precis\u00e3o.<\/p>\n<p style=\"text-align: center;\"><strong><a href=\"https:\/\/www.2beauty.com.br\/blog\/wp-content\/uploads\/2013\/02\/vultblus.jpg\"><img loading=\"lazy\" decoding=\"async\" class=\"alignnone size-full wp-image-41187\" alt=\"vultblus\" src=\"https:\/\/www.2beauty.com.br\/blog\/wp-content\/uploads\/2013\/02\/vultblus.jpg\" width=\"620\" height=\"412\" srcset=\"https:\/\/www.2beauty.com.br\/blog\/wp-content\/uploads\/2013\/02\/vultblus.jpg 620w, https:\/\/www.2beauty.com.br\/blog\/wp-content\/uploads\/2013\/02\/vultblus-580x385.jpg 580w, https:\/\/www.2beauty.com.br\/blog\/wp-content\/uploads\/2013\/02\/vultblus-250x166.jpg 250w\" sizes=\"(max-width: 620px) 100vw, 620px\" \/><\/a><\/strong><\/p>\n<p style=\"text-align: center;\"><strong>Compara\u00e7\u00e3o de tamanho do pincel com o a minha bochecha<\/strong><\/p>\n<p>At\u00e9 agora, o pincel de blush n\u00e3o perdeu sequer uma cerda.<\/p>\n<p>Dei banho e achei que fosse sair pelo menos um pouco de tinta preta do tingimento, mas nem isso.<\/p>\n<blockquote><p>\u00c9 um \u00f3timo pincel de blush (e bom\/ok para bronzeador e iluminador) com cerdas macias e pre\u00e7o bacana.<\/p><\/blockquote>\n<div id=\"resenha\">\n<p><span class=\"titresenha\">Detalhes da nota:<\/span><\/p>\n<div class=\"notas\">Maciez: 5\/5<br \/>\nEfici\u00eanca: 5\/5<br \/>\nTamanho\/Corte: 4\/5<br \/>\nPre\u00e7o: 4\/5<br \/>\nApresenta\u00e7\u00e3o: 4\/5<br \/>\n<span class=\"media\">M\u00e9dia: 4,4<\/span><\/div>\n<\/div>\n","protected":false},"excerpt":{"rendered":"<p>4,4 estrelinhas Recebi mais um modelinho dos pinc\u00e9is de maquiagem da assessoria da Vult! Este \u00e9 o pincel para blush com corte chanfrado. A descri\u00e7\u00e3o diz que ele cont\u00e9m cerdas sint\u00e9ticas densas e macias e \u00e9 ideal para aplica\u00e7\u00e3o de blush nas ma\u00e7\u00e3s do rosto e de bronzer para contornar. Na internet, d\u00e1 para comprar pelo site Loosho.com (R$24,90) ou pelo Maquiagem na Web (R$18,00). Quem j\u00e1 tiver encontrado ao vivo em lojas e farm\u00e1cias, porfa!, avisa nos coment\u00e1rios. Compara\u00e7\u00e3o de tamanho do domo do pincel Vult com o 169 168 da MAC Voc\u00eas lembram do pincel de blush do kit Duda Molinos? O corte e tamanho do pincel da Vult \u00e9 praticamente id\u00eantico (provavelmente porque a Vult \u00e9 quem fabrica a linha do Duda). O que difere \u00e9 a maciez das cerdas, j\u00e1 que o pincel da Vult \u00e9 quase um pedacinho de algod\u00e3o de t\u00e3o macio. Comparando o corte e o tamanho com outros modelinhos, esse pincel tem o cabo uns dois dedos mais curto e tem a base e o domo mais largos que o pincel 168 da MAC ou o F40 da Sigma. Mesmo o domo sendo maior, ele cabe direitinho nas minhas ma\u00e7\u00e3s do rosto e aplica blush super bem. \u00c9 perfeito para essa fun\u00e7\u00e3o! Acabei dando nota 4\/5 ao inv\u00e9s de 5\/5 no quesito &#8220;tamanho\/corte&#8221;, porque seria legal se ele fosse um pouco menor para fazer os contornos do rosto com p\u00f3 bronzeador ou para passar iluminador nas t\u00eamporas. O tamanho n\u00e3o compromete por completo, mas voc\u00ea precisa tomar um pouco mais de cuidado, j\u00e1 que estas duas fun\u00e7\u00f5es requerem um certo n\u00edvel de precis\u00e3o. Compara\u00e7\u00e3o de tamanho do pincel com o a minha bochecha At\u00e9 agora, o pincel de blush n\u00e3o perdeu sequer uma cerda. Dei banho e achei que fosse sair pelo menos um pouco de tinta preta do tingimento, mas nem isso. \u00c9 um \u00f3timo pincel de blush (e bom\/ok para bronzeador e iluminador) com cerdas macias e pre\u00e7o bacana. Detalhes da nota: Maciez: 5\/5 Efici\u00eanca: 5\/5 Tamanho\/Corte: 4\/5 Pre\u00e7o: 4\/5 Apresenta\u00e7\u00e3o: 4\/5 M\u00e9dia: 4,4<\/p>\n","protected":false},"author":1,"featured_media":41030,"comment_status":"open","ping_status":"open","sticky":false,"template":"","format":"standard","meta":{"_uag_custom_page_level_css":"","footnotes":""},"categories":[84],"tags":[546,3034,4128,247],"class_list":["post-41028","post","type-post","status-publish","format-standard","has-post-thumbnail","hentry","category-maquiagem","tag-pincel","tag-pincel-para-blush","tag-resenhas","tag-vult"],"uagb_featured_image_src":{"full":["https:\/\/www.2beauty.com.br\/blog\/wp-content\/uploads\/2013\/02\/pvult2.jpg",620,932,false],"thumbnail":["https:\/\/www.2beauty.com.br\/blog\/wp-content\/uploads\/2013\/02\/pvult2-300x250.jpg",300,250,true],"medium":["https:\/\/www.2beauty.com.br\/blog\/wp-content\/uploads\/2013\/02\/pvult2-289x435.jpg",289,435,true],"medium_large":["https:\/\/www.2beauty.com.br\/blog\/wp-content\/uploads\/2013\/02\/pvult2.jpg",620,932,false],"large":["https:\/\/www.2beauty.com.br\/blog\/wp-content\/uploads\/2013\/02\/pvult2-620x932.jpg",620,932,true],"1536x1536":["https:\/\/www.2beauty.com.br\/blog\/wp-content\/uploads\/2013\/02\/pvult2.jpg",620,932,false],"2048x2048":["https:\/\/www.2beauty.com.br\/blog\/wp-content\/uploads\/2013\/02\/pvult2.jpg",620,932,false],"ashe-slider-grid-thumbnail":["https:\/\/www.2beauty.com.br\/blog\/wp-content\/uploads\/2013\/02\/pvult2.jpg",359,540,false],"ashe-full-thumbnail":["https:\/\/www.2beauty.com.br\/blog\/wp-content\/uploads\/2013\/02\/pvult2.jpg",620,932,false],"ashe-grid-thumbnail":["https:\/\/www.2beauty.com.br\/blog\/wp-content\/uploads\/2013\/02\/pvult2.jpg",220,330,false],"ashe-list-thumbnail":["https:\/\/www.2beauty.com.br\/blog\/wp-content\/uploads\/2013\/02\/pvult2.jpg",200,300,false],"ashe-single-navigation":["https:\/\/www.2beauty.com.br\/blog\/wp-content\/uploads\/2013\/02\/pvult2.jpg",50,75,false]},"uagb_author_info":{"display_name":"Marina Smith","author_link":"https:\/\/www.2beauty.com.br\/blog\/author\/marinasmith\/"},"uagb_comment_info":45,"uagb_excerpt":"4,4 estrelinhas Recebi mais um modelinho dos pinc\u00e9is de maquiagem da assessoria da Vult! Este \u00e9 o pincel para blush com corte chanfrado. A descri\u00e7\u00e3o diz que ele cont\u00e9m cerdas sint\u00e9ticas densas e macias e \u00e9 ideal para aplica\u00e7\u00e3o de blush nas ma\u00e7\u00e3s do rosto e de bronzer para contornar. Na internet, d\u00e1 para comprar&hellip;","acf":[],"_links":{"self":[{"href":"https:\/\/www.2beauty.com.br\/blog\/wp-json\/wp\/v2\/posts\/41028","targetHints":{"allow":["GET"]}}],"collection":[{"href":"https:\/\/www.2beauty.com.br\/blog\/wp-json\/wp\/v2\/posts"}],"about":[{"href":"https:\/\/www.2beauty.com.br\/blog\/wp-json\/wp\/v2\/types\/post"}],"author":[{"embeddable":true,"href":"https:\/\/www.2beauty.com.br\/blog\/wp-json\/wp\/v2\/users\/1"}],"replies":[{"embeddable":true,"href":"https:\/\/www.2beauty.com.br\/blog\/wp-json\/wp\/v2\/comments?post=41028"}],"version-history":[{"count":0,"href":"https:\/\/www.2beauty.com.br\/blog\/wp-json\/wp\/v2\/posts\/41028\/revisions"}],"wp:featuredmedia":[{"embeddable":true,"href":"https:\/\/www.2beauty.com.br\/blog\/wp-json\/wp\/v2\/media\/41030"}],"wp:attachment":[{"href":"https:\/\/www.2beauty.com.br\/blog\/wp-json\/wp\/v2\/media?parent=41028"}],"wp:term":[{"taxonomy":"category","embeddable":true,"href":"https:\/\/www.2beauty.com.br\/blog\/wp-json\/wp\/v2\/categories?post=41028"},{"taxonomy":"post_tag","embeddable":true,"href":"https:\/\/www.2beauty.com.br\/blog\/wp-json\/wp\/v2\/tags?post=41028"}],"curies":[{"name":"wp","href":"https:\/\/api.w.org\/{rel}","templated":true}]}}