{"id":40575,"date":"2013-01-28T14:00:24","date_gmt":"2013-01-28T16:00:24","guid":{"rendered":"https:\/\/www.2beauty.com.br\/blog\/?p=40575"},"modified":"2019-02-15T16:11:43","modified_gmt":"2019-02-15T18:11:43","slug":"resenha-pincel-para-sombras-concavo-esfumador-vult-06","status":"publish","type":"post","link":"https:\/\/www.2beauty.com.br\/blog\/2013\/01\/resenha-pincel-para-sombras-concavo-esfumador-vult-06\/","title":{"rendered":"Resenha:  Pincel Para Sombras C\u00f4ncavo \/ Esfumador Vult (#06)"},"content":{"rendered":"<p style=\"text-align: center;\"><a href=\"https:\/\/www.2beauty.com.br\/blog\/wp-content\/uploads\/2013\/01\/vult14.jpg\"><img fetchpriority=\"high\" decoding=\"async\" class=\"alignnone size-full wp-image-40576\" alt=\"vult1\" src=\"https:\/\/www.2beauty.com.br\/blog\/wp-content\/uploads\/2013\/01\/vult14.jpg\" width=\"620\" height=\"412\" srcset=\"https:\/\/www.2beauty.com.br\/blog\/wp-content\/uploads\/2013\/01\/vult14.jpg 620w, https:\/\/www.2beauty.com.br\/blog\/wp-content\/uploads\/2013\/01\/vult14-580x385.jpg 580w, https:\/\/www.2beauty.com.br\/blog\/wp-content\/uploads\/2013\/01\/vult14-250x166.jpg 250w\" sizes=\"(max-width: 620px) 100vw, 620px\" \/><\/a><\/p>\n<p style=\"text-align: center;\"><a href=\"https:\/\/www.2beauty.com.br\/blog\/wp-content\/uploads\/2013\/01\/vult21.jpg\"><img decoding=\"async\" class=\"alignnone size-full wp-image-40577\" alt=\"vult2\" src=\"https:\/\/www.2beauty.com.br\/blog\/wp-content\/uploads\/2013\/01\/vult21.jpg\" width=\"620\" height=\"412\" srcset=\"https:\/\/www.2beauty.com.br\/blog\/wp-content\/uploads\/2013\/01\/vult21.jpg 620w, https:\/\/www.2beauty.com.br\/blog\/wp-content\/uploads\/2013\/01\/vult21-580x385.jpg 580w\" sizes=\"(max-width: 620px) 100vw, 620px\" \/><\/a><\/p>\n<p style=\"text-align: center;\"><img decoding=\"async\" style=\"width: 30px; height: 30px;\" title=\"Star\" alt=\"Star\" src=\"https:\/\/www.2beauty.com.br\/blog\/images\/star.gif\" width=\"30\" height=\"30\" align=\"top\" border=\"0\" \/><img decoding=\"async\" style=\"width: 30px; height: 30px;\" title=\"Star\" alt=\"Star\" src=\"https:\/\/www.2beauty.com.br\/blog\/images\/star.gif\" width=\"30\" height=\"30\" align=\"top\" border=\"0\" \/><img decoding=\"async\" style=\"width: 30px; height: 30px;\" title=\"Star\" alt=\"Star\" src=\"https:\/\/www.2beauty.com.br\/blog\/images\/star.gif\" width=\"30\" height=\"30\" align=\"top\" border=\"0\" \/><img decoding=\"async\" style=\"width: 30px; height: 30px;\" title=\"Star\" alt=\"Star\" src=\"https:\/\/www.2beauty.com.br\/blog\/images\/star.gif\" width=\"30\" height=\"30\" align=\"top\" border=\"0\" \/><img loading=\"lazy\" decoding=\"async\" style=\"width: 30px; height: 30px;\" title=\"Star\" alt=\"Star\" src=\"https:\/\/www.2beauty.com.br\/blog\/images\/star3.gif\" width=\"30\" height=\"30\" align=\"top\" border=\"0\" \/><\/p>\n<p style=\"text-align: center;\"><strong>4,4 estrelinhas<\/strong><\/p>\n<p>Recentemente, a Vult lan\u00e7ou v\u00e1rios modelinhos de pinc\u00e9is. Por enquanto, s\u00f3 tive a oportunidade de conhecer o #06, ent\u00e3o se voc\u00eas j\u00e1 tiverem testado os outros, porfa!, comentem onde compraram e o que acharam.<\/p>\n<p>Grata!<\/p>\n<p><strong>A descri\u00e7\u00e3o oficial sobre o pincel de c\u00f4ncavo diz o seguinte:<\/strong><\/p>\n<blockquote><p>Caracter\u00edsticas: cerdas suaves e macias, em corte arredondado.<\/p>\n<p>Fun\u00e7\u00e3o: para marca\u00e7\u00e3o do c\u00f4ncavo utilizando sombras e\/ou proporcionar efeito esfumado com produtos mais consistentes, como l\u00e1pis para olhos.<\/p><\/blockquote>\n<p>A sugest\u00e3o de pre\u00e7o \u00e9 de R$11. Achei LYNDO!<\/p>\n<p style=\"text-align: center;\"><strong><a href=\"https:\/\/www.2beauty.com.br\/blog\/wp-content\/uploads\/2013\/01\/vult31.jpg\"><img loading=\"lazy\" decoding=\"async\" class=\"alignnone size-full wp-image-40578\" alt=\"vult3\" src=\"https:\/\/www.2beauty.com.br\/blog\/wp-content\/uploads\/2013\/01\/vult31.jpg\" width=\"620\" height=\"932\" srcset=\"https:\/\/www.2beauty.com.br\/blog\/wp-content\/uploads\/2013\/01\/vult31.jpg 620w, https:\/\/www.2beauty.com.br\/blog\/wp-content\/uploads\/2013\/01\/vult31-289x435.jpg 289w, https:\/\/www.2beauty.com.br\/blog\/wp-content\/uploads\/2013\/01\/vult31-250x375.jpg 250w\" sizes=\"(max-width: 620px) 100vw, 620px\" \/><\/a><\/strong><\/p>\n<p style=\"text-align: center;\"><strong>Compara\u00e7\u00e3o de tamanho &#8211; MAC 219 x Vult #06<\/strong><\/p>\n<p>Como voc\u00eas podem ver pela foto, o corte do pincel da Vult \u00e9 mais arredondado e menos pontudo que o modelinho equivalente da MAC.<\/p>\n<p>Na real, ele lembra em tamanho e corte o <a href=\"https:\/\/www.2beauty.com.br\/blog\/2013\/01\/23\/resenha-pinceis-maria-margarida\/\" target=\"_blank\">pincel l\u00e1pis do kit Maria Margarida<\/a> que foi postado semana passada e o pincel E30 Sigma, s\u00f3 que a ponta dele \u00e9 ainda mais redonda que a desses dois.<\/p>\n<p>As cerdas naturais s\u00e3o muito macias e aplica\u00e7\u00e3o de sombra no c\u00f4ncavo com ele \u00e9 tranquila.<\/p>\n<p>Ele \u00e9 fofinho e super bom para esfumar sombra, mas n\u00e3o \u00e9 t\u00e3o fofo a ponto de depositar pouca cor durante a maquiagem. D\u00e1 pra fazer as duas coisas sem problemas.<\/p>\n<p>Acho que a \u00fanica observa\u00e7\u00e3o que tenho a fazer \u00e9 que ele poderia ser um pouco menor para dar mais precis\u00e3o quando voc\u00ea esfuma l\u00e1pis ou aplica sombra na parte de baixo do olho.<\/p>\n<p>Fora isso, n\u00e3o tenho um &#8220;ai&#8221; pra falar sobre o pincel #06 da Vult.<\/p>\n<p><strong>Resumindo: <\/strong><\/p>\n<blockquote><p>Gostei bastante, adorei o custo x benef\u00edcio e recomendo.<\/p>\n<p>Ele \u00e9 bonitinho, macio, eficiente para pintar e esfumar sombra no c\u00f4ncavo e \u00e9 super acess\u00edvel!<\/p><\/blockquote>\n<p style=\"text-align: center;\"><strong><a href=\"https:\/\/www.2beauty.com.br\/blog\/wp-content\/uploads\/2013\/01\/vult43.jpg\"><img loading=\"lazy\" decoding=\"async\" class=\"alignnone size-full wp-image-40579\" alt=\"vult4\" src=\"https:\/\/www.2beauty.com.br\/blog\/wp-content\/uploads\/2013\/01\/vult43.jpg\" width=\"620\" height=\"412\" srcset=\"https:\/\/www.2beauty.com.br\/blog\/wp-content\/uploads\/2013\/01\/vult43.jpg 620w, https:\/\/www.2beauty.com.br\/blog\/wp-content\/uploads\/2013\/01\/vult43-580x385.jpg 580w, https:\/\/www.2beauty.com.br\/blog\/wp-content\/uploads\/2013\/01\/vult43-250x166.jpg 250w\" sizes=\"(max-width: 620px) 100vw, 620px\" \/><\/a><\/strong><\/p>\n<p style=\"text-align: center;\"><strong>Propor\u00e7\u00e3o pincel\/olho<\/strong><\/p>\n<div id=\"resenha\">\n<p><span class=\"titresenha\">Detalhes da nota:<\/span><\/p>\n<div class=\"notas\">Maciez: 5\/5<br \/>\nEfici\u00eanca: 4\/5<br \/>\nTamanho\/Corte: 4\/5<br \/>\nPre\u00e7o: 5\/5<br \/>\nApresenta\u00e7\u00e3o: 4\/5<br \/>\n<span class=\"media\">M\u00e9dia: 4,4<\/span><\/div>\n<\/div>\n","protected":false},"excerpt":{"rendered":"<p>4,4 estrelinhas Recentemente, a Vult lan\u00e7ou v\u00e1rios modelinhos de pinc\u00e9is. Por enquanto, s\u00f3 tive a oportunidade de conhecer o #06, ent\u00e3o se voc\u00eas j\u00e1 tiverem testado os outros, porfa!, comentem onde compraram e o que acharam. Grata! A descri\u00e7\u00e3o oficial sobre o pincel de c\u00f4ncavo diz o seguinte: Caracter\u00edsticas: cerdas suaves e macias, em corte arredondado. Fun\u00e7\u00e3o: para marca\u00e7\u00e3o do c\u00f4ncavo utilizando sombras e\/ou proporcionar efeito esfumado com produtos mais consistentes, como l\u00e1pis para olhos. A sugest\u00e3o de pre\u00e7o \u00e9 de R$11. Achei LYNDO! Compara\u00e7\u00e3o de tamanho &#8211; MAC 219 x Vult #06 Como voc\u00eas podem ver pela foto, o corte do pincel da Vult \u00e9 mais arredondado e menos pontudo que o modelinho equivalente da MAC. Na real, ele lembra em tamanho e corte o pincel l\u00e1pis do kit Maria Margarida que foi postado semana passada e o pincel E30 Sigma, s\u00f3 que a ponta dele \u00e9 ainda mais redonda que a desses dois. As cerdas naturais s\u00e3o muito macias e aplica\u00e7\u00e3o de sombra no c\u00f4ncavo com ele \u00e9 tranquila. Ele \u00e9 fofinho e super bom para esfumar sombra, mas n\u00e3o \u00e9 t\u00e3o fofo a ponto de depositar pouca cor durante a maquiagem. D\u00e1 pra fazer as duas coisas sem problemas. Acho que a \u00fanica observa\u00e7\u00e3o que tenho a fazer \u00e9 que ele poderia ser um pouco menor para dar mais precis\u00e3o quando voc\u00ea esfuma l\u00e1pis ou aplica sombra na parte de baixo do olho. Fora isso, n\u00e3o tenho um &#8220;ai&#8221; pra falar sobre o pincel #06 da Vult. Resumindo: Gostei bastante, adorei o custo x benef\u00edcio e recomendo. Ele \u00e9 bonitinho, macio, eficiente para pintar e esfumar sombra no c\u00f4ncavo e \u00e9 super acess\u00edvel! Propor\u00e7\u00e3o pincel\/olho Detalhes da nota: Maciez: 5\/5 Efici\u00eanca: 4\/5 Tamanho\/Corte: 4\/5 Pre\u00e7o: 5\/5 Apresenta\u00e7\u00e3o: 4\/5 M\u00e9dia: 4,4<\/p>\n","protected":false},"author":1,"featured_media":40577,"comment_status":"open","ping_status":"open","sticky":false,"template":"","format":"standard","meta":{"_uag_custom_page_level_css":"","footnotes":""},"categories":[84],"tags":[516,2999,546,345,247],"class_list":["post-40575","post","type-post","status-publish","format-standard","has-post-thumbnail","hentry","category-maquiagem","tag-concavo","tag-esfumador","tag-pincel","tag-resenha","tag-vult"],"uagb_featured_image_src":{"full":["https:\/\/www.2beauty.com.br\/blog\/wp-content\/uploads\/2013\/01\/vult21.jpg",620,412,false],"thumbnail":["https:\/\/www.2beauty.com.br\/blog\/wp-content\/uploads\/2013\/01\/vult21-300x250.jpg",300,250,true],"medium":["https:\/\/www.2beauty.com.br\/blog\/wp-content\/uploads\/2013\/01\/vult21-580x385.jpg",580,385,true],"medium_large":["https:\/\/www.2beauty.com.br\/blog\/wp-content\/uploads\/2013\/01\/vult21.jpg",620,412,false],"large":["https:\/\/www.2beauty.com.br\/blog\/wp-content\/uploads\/2013\/01\/vult21-620x412.jpg",620,412,true],"1536x1536":["https:\/\/www.2beauty.com.br\/blog\/wp-content\/uploads\/2013\/01\/vult21.jpg",620,412,false],"2048x2048":["https:\/\/www.2beauty.com.br\/blog\/wp-content\/uploads\/2013\/01\/vult21.jpg",620,412,false],"ashe-slider-grid-thumbnail":["https:\/\/www.2beauty.com.br\/blog\/wp-content\/uploads\/2013\/01\/vult21.jpg",620,412,false],"ashe-full-thumbnail":["https:\/\/www.2beauty.com.br\/blog\/wp-content\/uploads\/2013\/01\/vult21.jpg",620,412,false],"ashe-grid-thumbnail":["https:\/\/www.2beauty.com.br\/blog\/wp-content\/uploads\/2013\/01\/vult21.jpg",497,330,false],"ashe-list-thumbnail":["https:\/\/www.2beauty.com.br\/blog\/wp-content\/uploads\/2013\/01\/vult21.jpg",300,199,false],"ashe-single-navigation":["https:\/\/www.2beauty.com.br\/blog\/wp-content\/uploads\/2013\/01\/vult21.jpg",75,50,false]},"uagb_author_info":{"display_name":"Marina Smith","author_link":"https:\/\/www.2beauty.com.br\/blog\/author\/marinasmith\/"},"uagb_comment_info":54,"uagb_excerpt":"4,4 estrelinhas Recentemente, a Vult lan\u00e7ou v\u00e1rios modelinhos de pinc\u00e9is. Por enquanto, s\u00f3 tive a oportunidade de conhecer o #06, ent\u00e3o se voc\u00eas j\u00e1 tiverem testado os outros, porfa!, comentem onde compraram e o que acharam. Grata! A descri\u00e7\u00e3o oficial sobre o pincel de c\u00f4ncavo diz o seguinte: Caracter\u00edsticas: cerdas suaves e macias, em corte&hellip;","acf":[],"_links":{"self":[{"href":"https:\/\/www.2beauty.com.br\/blog\/wp-json\/wp\/v2\/posts\/40575","targetHints":{"allow":["GET"]}}],"collection":[{"href":"https:\/\/www.2beauty.com.br\/blog\/wp-json\/wp\/v2\/posts"}],"about":[{"href":"https:\/\/www.2beauty.com.br\/blog\/wp-json\/wp\/v2\/types\/post"}],"author":[{"embeddable":true,"href":"https:\/\/www.2beauty.com.br\/blog\/wp-json\/wp\/v2\/users\/1"}],"replies":[{"embeddable":true,"href":"https:\/\/www.2beauty.com.br\/blog\/wp-json\/wp\/v2\/comments?post=40575"}],"version-history":[{"count":0,"href":"https:\/\/www.2beauty.com.br\/blog\/wp-json\/wp\/v2\/posts\/40575\/revisions"}],"wp:featuredmedia":[{"embeddable":true,"href":"https:\/\/www.2beauty.com.br\/blog\/wp-json\/wp\/v2\/media\/40577"}],"wp:attachment":[{"href":"https:\/\/www.2beauty.com.br\/blog\/wp-json\/wp\/v2\/media?parent=40575"}],"wp:term":[{"taxonomy":"category","embeddable":true,"href":"https:\/\/www.2beauty.com.br\/blog\/wp-json\/wp\/v2\/categories?post=40575"},{"taxonomy":"post_tag","embeddable":true,"href":"https:\/\/www.2beauty.com.br\/blog\/wp-json\/wp\/v2\/tags?post=40575"}],"curies":[{"name":"wp","href":"https:\/\/api.w.org\/{rel}","templated":true}]}}