{"id":40265,"date":"2013-01-22T16:00:54","date_gmt":"2013-01-22T18:00:54","guid":{"rendered":"https:\/\/www.2beauty.com.br\/blog\/?p=40265"},"modified":"2019-02-15T16:11:45","modified_gmt":"2019-02-15T18:11:45","slug":"delineador-em-pasta-contem-1g-cor-azul-intenso","status":"publish","type":"post","link":"https:\/\/www.2beauty.com.br\/blog\/2013\/01\/delineador-em-pasta-contem-1g-cor-azul-intenso\/","title":{"rendered":"Delineador em Pasta Cont\u00e9m 1g Cor Azul Intenso"},"content":{"rendered":"<p style=\"text-align: center\"><strong><a href=\"https:\/\/www.2beauty.com.br\/blog\/?attachment_id=40266\" rel=\"attachment wp-att-40266\"><img fetchpriority=\"high\" decoding=\"async\" class=\"alignnone size-full wp-image-40266\" alt=\"delineador2\" src=\"https:\/\/www.2beauty.com.br\/blog\/wp-content\/uploads\/2013\/01\/delineador2.jpg\" width=\"580\" height=\"386\" srcset=\"https:\/\/www.2beauty.com.br\/blog\/wp-content\/uploads\/2013\/01\/delineador2.jpg 580w, https:\/\/www.2beauty.com.br\/blog\/wp-content\/uploads\/2013\/01\/delineador2-300x199.jpg 300w, https:\/\/www.2beauty.com.br\/blog\/wp-content\/uploads\/2013\/01\/delineador2-250x166.jpg 250w\" sizes=\"(max-width: 580px) 100vw, 580px\" \/><\/a><\/strong><\/p>\n<p style=\"text-align: center\"><strong>Delineador em Pasta Cont\u00e9m 1g Cor Azul Intenso<\/strong><\/p>\n<p>Escrevi resenha sobre o Delineador em Pasta da Cont\u00e9m 1g h\u00e1 um tempo, s\u00f3 que o post era sobre o delineador preto e n\u00e3o o azul.<\/p>\n<p>Esse notinha \u00e9 mais para mostrar a cor e comentar sobre uma nova experi\u00eancia com ele do que para analisar todos os pr\u00f3s e contras.<\/p>\n<blockquote><p>Se voc\u00ea quer uma resenha detalhada sobre o Delineador em Pasta, <a href=\"https:\/\/www.2beauty.com.br\/blog\/2011\/12\/13\/resenha-delineador-em-pasta-contem-1g\/\" target=\"_blank\">passa aqui<\/a>, j\u00e1 que \u00e9 o mesmo produto, s\u00f3 que de tom diferente.<\/p><\/blockquote>\n<p>O Azul Intenso \u00e9 uma cor interessante, porque \u00e9 um azul escuro o suficiente pra ser mais us\u00e1vel, mas n\u00e3o \u00e9 t\u00e3o escuro a ponto de perder o charme do colorido.<\/p>\n<p style=\"text-align: center\"><strong><a href=\"https:\/\/www.2beauty.com.br\/blog\/?attachment_id=40267\" rel=\"attachment wp-att-40267\"><img decoding=\"async\" class=\"alignnone size-full wp-image-40267\" alt=\"delineador3\" src=\"https:\/\/www.2beauty.com.br\/blog\/wp-content\/uploads\/2013\/01\/delineador3.jpg\" width=\"580\" height=\"386\" srcset=\"https:\/\/www.2beauty.com.br\/blog\/wp-content\/uploads\/2013\/01\/delineador3.jpg 580w, https:\/\/www.2beauty.com.br\/blog\/wp-content\/uploads\/2013\/01\/delineador3-300x199.jpg 300w, https:\/\/www.2beauty.com.br\/blog\/wp-content\/uploads\/2013\/01\/delineador3-250x166.jpg 250w\" sizes=\"(max-width: 580px) 100vw, 580px\" \/><\/a><\/strong><\/p>\n<p style=\"text-align: center\"><strong>Amostrinha no bra\u00e7o<\/strong><\/p>\n<p style=\"text-align: center\"><strong><a href=\"https:\/\/www.2beauty.com.br\/blog\/?attachment_id=40268\" rel=\"attachment wp-att-40268\"><img decoding=\"async\" class=\"alignnone size-full wp-image-40268\" alt=\"delineador4\" src=\"https:\/\/www.2beauty.com.br\/blog\/wp-content\/uploads\/2013\/01\/delineador4.jpg\" width=\"580\" height=\"872\" srcset=\"https:\/\/www.2beauty.com.br\/blog\/wp-content\/uploads\/2013\/01\/delineador4.jpg 580w, https:\/\/www.2beauty.com.br\/blog\/wp-content\/uploads\/2013\/01\/delineador4-199x300.jpg 199w, https:\/\/www.2beauty.com.br\/blog\/wp-content\/uploads\/2013\/01\/delineador4-250x375.jpg 250w\" sizes=\"(max-width: 580px) 100vw, 580px\" \/><\/a><\/strong><\/p>\n<p style=\"text-align: center\"><strong>Amostrinha no car\u00e3o (perd\u00e3o pelo tra\u00e7o todo cag*do)<\/strong><\/p>\n<p>A experi\u00eancia nova que tive com ele \u00e9 que no dia que a Betina veio ter aulinha aqui em casa, eu reparei em algo que n\u00e3o tinha me ocorrido antes.<\/p>\n<p>Pra mim, o tempo de secagem dele \u00e9 bem satisfat\u00f3rio. Ele n\u00e3o fica \u00famido muito tempo, o que eu acho bom, j\u00e1 que o perigo de me borrar enquanto me maquio \u00e9 menor.<\/p>\n<p>A Betina j\u00e1 achou que ele seca r\u00e1pido demais, porque foi a primeira vez dela passando delineador cremoso com pincel.<\/p>\n<p>Claro que ela teve um pouco de dificuldade, levou mais tempo pra se acertar com as novidades, ent\u00e3o foi bem mais dif\u00edcil pra ela corrigir o tra\u00e7o do puxadinho que ficou meio torto num olho.<\/p>\n<p>O produto da Cont\u00e9m 1g \u00e9 uma pasta. N\u00e3o \u00e9 t\u00e3o molhadinho e leve como um delineador l\u00edquido, ent\u00e3o pra quem n\u00e3o est\u00e1 acostumada a usar delineador dessa forma, a secagem pode ser r\u00e1pida mesmo.<\/p>\n<p>Fora o probleminha com o tempo de secagem, a Tina amou tanto a cor do Azul Intenso que eu acabei dando de presente.<\/p>\n<p>A cor ficou super bonita nos olhos verdes dela :)<\/p>\n<p style=\"text-align: center\">. . . . . . . . . .<\/p>\n<p>Tamb\u00e9m estou usando esse delineador no <a href=\"https:\/\/www.2beauty.com.br\/blog\/2013\/01\/22\/boc-colorida-clinique-chubby-sticks\/\" target=\"_blank\">post dos Chubby Sticks da Clinique<\/a>.<\/p>\n","protected":false},"excerpt":{"rendered":"<p>Delineador em Pasta Cont\u00e9m 1g Cor Azul Intenso Escrevi resenha sobre o Delineador em Pasta da Cont\u00e9m 1g h\u00e1 um tempo, s\u00f3 que o post era sobre o delineador preto e n\u00e3o o azul. Esse notinha \u00e9 mais para mostrar a cor e comentar sobre uma nova experi\u00eancia com ele do que para analisar todos os pr\u00f3s e contras. Se voc\u00ea quer uma resenha detalhada sobre o Delineador em Pasta, passa aqui, j\u00e1 que \u00e9 o mesmo produto, s\u00f3 que de tom diferente. O Azul Intenso \u00e9 uma cor interessante, porque \u00e9 um azul escuro o suficiente pra ser mais us\u00e1vel, mas n\u00e3o \u00e9 t\u00e3o escuro a ponto de perder o charme do colorido. Amostrinha no bra\u00e7o Amostrinha no car\u00e3o (perd\u00e3o pelo tra\u00e7o todo cag*do) A experi\u00eancia nova que tive com ele \u00e9 que no dia que a Betina veio ter aulinha aqui em casa, eu reparei em algo que n\u00e3o tinha me ocorrido antes. Pra mim, o tempo de secagem dele \u00e9 bem satisfat\u00f3rio. Ele n\u00e3o fica \u00famido muito tempo, o que eu acho bom, j\u00e1 que o perigo de me borrar enquanto me maquio \u00e9 menor. A Betina j\u00e1 achou que ele seca r\u00e1pido demais, porque foi a primeira vez dela passando delineador cremoso com pincel. Claro que ela teve um pouco de dificuldade, levou mais tempo pra se acertar com as novidades, ent\u00e3o foi bem mais dif\u00edcil pra ela corrigir o tra\u00e7o do puxadinho que ficou meio torto num olho. O produto da Cont\u00e9m 1g \u00e9 uma pasta. N\u00e3o \u00e9 t\u00e3o molhadinho e leve como um delineador l\u00edquido, ent\u00e3o pra quem n\u00e3o est\u00e1 acostumada a usar delineador dessa forma, a secagem pode ser r\u00e1pida mesmo. Fora o probleminha com o tempo de secagem, a Tina amou tanto a cor do Azul Intenso que eu acabei dando de presente. A cor ficou super bonita nos olhos verdes dela :) . . . . . . . . . . Tamb\u00e9m estou usando esse delineador no post dos Chubby Sticks da Clinique.<\/p>\n","protected":false},"author":1,"featured_media":40266,"comment_status":"open","ping_status":"open","sticky":false,"template":"","format":"standard","meta":{"_uag_custom_page_level_css":"","footnotes":""},"categories":[84],"tags":[2252,2971,236,4119,2445],"class_list":["post-40265","post","type-post","status-publish","format-standard","has-post-thumbnail","hentry","category-maquiagem","tag-amostrinhas","tag-azul-intenso","tag-contem-1g","tag-delineador","tag-delineador-em-pasta"],"uagb_featured_image_src":{"full":["https:\/\/www.2beauty.com.br\/blog\/wp-content\/uploads\/2013\/01\/delineador2.jpg",580,386,false],"thumbnail":["https:\/\/www.2beauty.com.br\/blog\/wp-content\/uploads\/2013\/01\/delineador2-300x250.jpg",300,250,true],"medium":["https:\/\/www.2beauty.com.br\/blog\/wp-content\/uploads\/2013\/01\/delineador2-580x386.jpg",580,386,true],"medium_large":["https:\/\/www.2beauty.com.br\/blog\/wp-content\/uploads\/2013\/01\/delineador2.jpg",580,386,false],"large":["https:\/\/www.2beauty.com.br\/blog\/wp-content\/uploads\/2013\/01\/delineador2.jpg",580,386,false],"1536x1536":["https:\/\/www.2beauty.com.br\/blog\/wp-content\/uploads\/2013\/01\/delineador2.jpg",580,386,false],"2048x2048":["https:\/\/www.2beauty.com.br\/blog\/wp-content\/uploads\/2013\/01\/delineador2.jpg",580,386,false],"ashe-slider-grid-thumbnail":["https:\/\/www.2beauty.com.br\/blog\/wp-content\/uploads\/2013\/01\/delineador2.jpg",580,386,false],"ashe-full-thumbnail":["https:\/\/www.2beauty.com.br\/blog\/wp-content\/uploads\/2013\/01\/delineador2.jpg",580,386,false],"ashe-grid-thumbnail":["https:\/\/www.2beauty.com.br\/blog\/wp-content\/uploads\/2013\/01\/delineador2.jpg",496,330,false],"ashe-list-thumbnail":["https:\/\/www.2beauty.com.br\/blog\/wp-content\/uploads\/2013\/01\/delineador2.jpg",300,200,false],"ashe-single-navigation":["https:\/\/www.2beauty.com.br\/blog\/wp-content\/uploads\/2013\/01\/delineador2.jpg",75,50,false]},"uagb_author_info":{"display_name":"Marina Smith","author_link":"https:\/\/www.2beauty.com.br\/blog\/author\/marinasmith\/"},"uagb_comment_info":30,"uagb_excerpt":"Delineador em Pasta Cont\u00e9m 1g Cor Azul Intenso Escrevi resenha sobre o Delineador em Pasta da Cont\u00e9m 1g h\u00e1 um tempo, s\u00f3 que o post era sobre o delineador preto e n\u00e3o o azul. Esse notinha \u00e9 mais para mostrar a cor e comentar sobre uma nova experi\u00eancia com ele do que para analisar todos&hellip;","acf":[],"_links":{"self":[{"href":"https:\/\/www.2beauty.com.br\/blog\/wp-json\/wp\/v2\/posts\/40265","targetHints":{"allow":["GET"]}}],"collection":[{"href":"https:\/\/www.2beauty.com.br\/blog\/wp-json\/wp\/v2\/posts"}],"about":[{"href":"https:\/\/www.2beauty.com.br\/blog\/wp-json\/wp\/v2\/types\/post"}],"author":[{"embeddable":true,"href":"https:\/\/www.2beauty.com.br\/blog\/wp-json\/wp\/v2\/users\/1"}],"replies":[{"embeddable":true,"href":"https:\/\/www.2beauty.com.br\/blog\/wp-json\/wp\/v2\/comments?post=40265"}],"version-history":[{"count":0,"href":"https:\/\/www.2beauty.com.br\/blog\/wp-json\/wp\/v2\/posts\/40265\/revisions"}],"wp:featuredmedia":[{"embeddable":true,"href":"https:\/\/www.2beauty.com.br\/blog\/wp-json\/wp\/v2\/media\/40266"}],"wp:attachment":[{"href":"https:\/\/www.2beauty.com.br\/blog\/wp-json\/wp\/v2\/media?parent=40265"}],"wp:term":[{"taxonomy":"category","embeddable":true,"href":"https:\/\/www.2beauty.com.br\/blog\/wp-json\/wp\/v2\/categories?post=40265"},{"taxonomy":"post_tag","embeddable":true,"href":"https:\/\/www.2beauty.com.br\/blog\/wp-json\/wp\/v2\/tags?post=40265"}],"curies":[{"name":"wp","href":"https:\/\/api.w.org\/{rel}","templated":true}]}}