{"id":392,"date":"2008-09-18T02:57:02","date_gmt":"2008-09-18T05:57:02","guid":{"rendered":"https:\/\/www.2agency.net\/beauty\/?p=1408"},"modified":"2019-02-15T16:13:54","modified_gmt":"2019-02-15T18:13:54","slug":"resenha-lip-balms-pharmacus","status":"publish","type":"post","link":"https:\/\/www.2beauty.com.br\/blog\/2008\/09\/resenha-lip-balms-pharmacus\/","title":{"rendered":"Resenha: Lip Balms Pharmacus"},"content":{"rendered":"<p align=\"center\"><img decoding=\"async\" src=\"https:\/\/www.2beauty.com.br\/blog\/wp-content\/balms01.jpg\" alt=\"Lip Balms Pharmacus\" \/><br \/>\n<img decoding=\"async\" border=\"0\" align=\"top\" width=\"30\" src=\"https:\/\/www.2beauty.com.br\/blog\/images\/star.gif\" alt=\"Star\" height=\"30\" style=\"width: 30px; height: 30px\" title=\"Star\" \/><img decoding=\"async\" border=\"0\" align=\"top\" width=\"30\" src=\"https:\/\/www.2beauty.com.br\/blog\/images\/star.gif\" alt=\"Star\" height=\"30\" style=\"width: 30px; height: 30px\" title=\"Star\" \/><img decoding=\"async\" border=\"0\" align=\"top\" width=\"30\" src=\"https:\/\/www.2beauty.com.br\/blog\/images\/star.gif\" alt=\"Star\" height=\"30\" style=\"width: 30px; height: 30px\" title=\"Star\" \/><img decoding=\"async\" border=\"0\" align=\"top\" width=\"30\" src=\"https:\/\/www.2beauty.com.br\/blog\/images\/star.gif\" alt=\"Star\" height=\"30\" style=\"width: 30px; height: 30px\" title=\"Star\" \/><img decoding=\"async\" border=\"0\" align=\"top\" width=\"30\" src=\"https:\/\/www.2beauty.com.br\/blog\/images\/star2.gif\" alt=\"Star\" height=\"30\" style=\"width: 30px; height: 30px\" title=\"Star\" \/><br \/>\n<strong>Nota: 4 estrelinhas<\/strong><\/p>\n<p>Demor\u00f4!<\/p>\n<p>Aqui est\u00e3o os balms feitos por mamis. N\u00f3s testamos mais de tr\u00eas cores, mas as melhores s\u00e3o essas tr\u00eas: transparente, rosa e vermelho.<\/p>\n<p>Tentamos um bord\u00f4 e um rosinha claro com brilhos, mas as cores n\u00e3o ficaram muito legais na boca, ent\u00e3o desistimos.<\/p>\n<p>Enviei o balm rosa e o balm vermelho para a <a href=\"https:\/\/mulheresimpossiveis.wordpress.com\/2008\/09\/09\/presentinhos-2\/\">Jane<\/a>, porque ela me enviou um l\u00e1pis para testar. Quis retribuir a gentileza e tamb\u00e9m receber o feedback dela sobre os balms.<\/p>\n<p><strong>Abaixo est\u00e1 a resenha que a Jane escreveu em seu blog:<\/strong><\/p>\n<blockquote><p>Pess\u00f4s, todo mundo sabe que eu adoro o blog da Marina, o 2 Beauty, onde eu me inspiro e aprendo a me maquiar, al\u00e9m de me tornar um ser que peca por cobi\u00e7a numa freq\u00fc\u00eancia realmente incr\u00edvel.<\/p>\n<p>E a\u00ed que eu mandei pra Marina um l\u00e1pis esfumador, pra ela ensinar a galerinha (me incluo nessa) usar. Porque que olho esfumado t\u00e1 na moda a gente sabe, mas, e fazer o efeito? S\u00f3 ela pra mostrar cum\u00e9qui\u00e9.<\/p>\n<p>E, como retribui\u00e7\u00e3o e fofurice total, ela me mandou dois balms de presente (que a m\u00e3e dela que manipulou na farm\u00e1cia que ela tem). Um vermelho e um rosa\/cor de boca.<\/p>\n<p>E eu, que sou apenas um rapaz latino americano sem dinheiro no banco (tudo verdade, menos a parte do rapaz), fiquei de testar os balms e dizer o que achei. \u00d3 que moral!<\/p>\n<p>Tirei fotos deles para ilustrar o post. Eu at\u00e9 tentei tirar foto da minha boca, mas no chance. Definitivamente, n\u00e3o sei tirar fotos dignas de pertinho. Nas fotos que eu tirei sairam T-O-D-A-S as minhas sardas, cravos, espinhas, perebas, bolinhas e bigodes poss\u00edveis e imagin\u00e1veis. E eu n\u00e3o posso passar por isso aqui, onde pretendo que finalmente os olheiros da Grobo me vejam e me convidem pro pr\u00f3ximo Especial de Fim de Ano do Rei!<\/p>\n<p>Mas falando deles, os balms, eu simplesmente adorei. Segue minha avalia\u00e7\u00e3o tosqu\u00edssima, nem de longe compar\u00e1vel \u00e0s resenhas de Marina-Morena, por\u00e9m de bom cora\u00e7\u00e3o:<\/p>\n<p>&#8211; Sabor: eles t\u00eam um leve saborzinho de chiclete bem suave e n\u00e3o t\u00eam cheiro.<\/p>\n<p>&#8211; Textura: a textura \u00e9 perfeita, n\u00e3o \u00e9 seco como o balm da Natura, que apesar de eu gostar, devo admitir que n\u00e3o tem textura de balm, \u00e9 meio ressecado e \u00e1spero.<\/p>\n<p>&#8211; Cores: quanto \u00e0s cores, o cor de boca\/rosinha praticamente fica transparente, com um aspecto de l\u00e1bios hidratados. J\u00e1 o vermelho, fica como uma leve pel\u00edcula brilhante meio vermelhinha, deixando os l\u00e1bios com ar saud\u00e1vel. Eu pessoalmente n\u00e3o gosto de l\u00e1bios com muita cor, mas adorei os dois.<\/p>\n<p>Marina, AMEI\u00ca e super obrigada pelos presentes.<\/p><\/blockquote>\n<p><strong>Como estava preocupada com a textura do balm (se aguentaria o calor) e o gostinho e cheiro dele, depois de ler a resenha, perguntei o que a Jane achava:<\/strong><\/p>\n<blockquote><p>Marina, eu acho que a textura ag\u00fcenta o ver\u00e3o sim. N\u00e3o escorre de jeito nenhum, bem diferente daqueles brilhos l\u00edquidos. Sobre o cheirinho, eu pessoalmente prefiro sem cheiro, porque o sabor rapidamente desaparece, j\u00e1 cheiro, dependendo, fica enjoado porque n\u00e3o passa, ao contr\u00e1rio, fica vindo no nariz (de quem tem narig\u00e3o, o que N\u00c3O \u00e9 meu caso (mentira)).<\/p><\/blockquote>\n<p><strong>Para ler o post da Jane e ver algumas fotos, clica aqui: <\/strong><a href=\"https:\/\/mulheresimpossiveis.wordpress.com\/2008\/09\/09\/presentinhos-2\/\"><strong>https:\/\/mulheresimpossiveis.wordpress.com\/2008\/09\/09\/presentinhos-2\/<\/strong><\/a><\/p>\n<p>Eu, particularmente, prefiro balms mais moles e com bastante cheiro e gosto (bem doce), por isso retirei uma estrelinha.<\/p>\n<p>Nessa semana estou testando um gloss transparente que tem muuuuito gostinho e cheirinho de chiclete e ele tem o mesmo aromatizante do balm.<\/p>\n<p>Minha m\u00e3e disse que, pelos ingredientes, fica dif\u00edcil de deixar o cheiro e o gosto mais fortes, como no gloss&#8230;<\/p>\n<p><strong>Mas voltando ao assunto:<\/strong><\/p>\n<p>Fiz um teste para saber como o produto se comportaria no ver\u00e3o, aproveitando que h\u00e1 pouco tempo houve uma onde de calor na cidade.<\/p>\n<p>\u00c0s vezes eu vou pro meu carro na hora do almo\u00e7o e durmo um pouquinho (*rs rs rs*). Nesse dia super quente e \u00famido fez quase 30 graus e o estacionamento onde deixo o carro tem telhado de Brasilit. Pra quem n\u00e3o sabe, telhado de Brasilit \u00e9 um horror, porque esquenta muito o ambiente, especialmente ao meio-dia :)<\/p>\n<p>N\u00e3o consegui dormir com todo aquele calor, mas fiquei no carro por uma hora, escutando o Sala de Reda\u00e7\u00e3o.<\/p>\n<p>O balm n\u00e3o derreteu ou vazou dentro da bolsa, mas ficou mais molinho. A textura, com o calor, estava ideal (pro meu gosto).<\/p>\n<p><img decoding=\"async\" src=\"https:\/\/www.2beauty.com.br\/blog\/wp-content\/balm02.jpg\" alt=\"Lip Balms Pharmacus\" \/><\/p>\n<p>Essa \u00e9 a cor vermelha, minha preferida entre as tr\u00eas.<\/p>\n<p>Os tr\u00eas balms juntos custam R$12. Separados, cada potinho custa R$4,50.<\/p>\n<p>&#8211; &#8211; &#8211; &#8211; &#8211; &#8211; &#8211; &#8211; &#8211;<\/p>\n<p>Quem mora em Porto Alegre e quer se informar sobre o balm, aqui est\u00e3o os endere\u00e7os:<\/p>\n<p>Pharmacus Filial Zona Sul<br \/>\nBairro Tristeza<br \/>\nAv. Wenceslau Escobar, 2903<\/p>\n<p>Pharmacus Matriz<br \/>\nBairro Moinhos de Vento<br \/>\nRua Quintino Bocai\u00fava, 395<\/p>\n<p>Quem mora em outras cidades pode encomendar por telefone ou e-mail:<\/p>\n<p>(51) 3222 49 49 ou (51) 3222 85 44<\/p>\n<p>Quem prefere e-mail, clique aqui: <a href=\"mailto:pharmac@terra.com.br\">pharmac@terra.com.br<\/a> ou <a href=\"mailto:pharmacus@pharmacus.com.br\">pharmacus@pharmacus.com.br<\/a><\/p>\n<p><strong>&#8211; &#8211; &#8211; &#8211; &#8211; &#8211; &#8211; &#8211; &#8211; &#8211; &#8211; &#8211; &#8211; EDITADO &#8211; &#8211; &#8211; &#8211; &#8211; &#8211; &#8211; &#8211; &#8211; &#8211; &#8211; &#8211; &#8211;<\/strong><\/p>\n<p>Perguntaram sobre a composi\u00e7\u00e3o do blam. Ele foi feito com cera de carna\u00faba, manteiga de karit\u00ea, vitamina E, antioxidantes e mais algumas coisinhas nutritivas.<\/p>\n<p>Tamb\u00e9m perguntaram sobre a diferen\u00e7a entre balm e brilho labial.<\/p>\n<p>Balm \u00e9 um b\u00e1lsamo para l\u00e1bios. Ele hidrata e suaviza a pele ressecada da boca, criando uma camada protetora que sela a umidade e protege os l\u00e1bios do ar seco, do frio, entre outras condi\u00e7\u00f5es externas.<\/p>\n<p>O brilho labial tem caracter\u00edsticas mais cosm\u00e9ticas. Ele d\u00e1 brilho aos l\u00e1bios, mas n\u00e3o \u00e9, necess\u00e1riamente, um produto hidratante ou protetor (alguns s\u00e3o, outros n\u00e3o).<\/p>\n","protected":false},"excerpt":{"rendered":"<p>Nota: 4 estrelinhas Demor\u00f4! Aqui est\u00e3o os balms feitos por mamis. N\u00f3s testamos mais de tr\u00eas cores, mas as melhores s\u00e3o essas tr\u00eas: transparente, rosa e vermelho. Tentamos um bord\u00f4 e um rosinha claro com brilhos, mas as cores n\u00e3o ficaram muito legais na boca, ent\u00e3o desistimos. Enviei o balm rosa e o balm vermelho para a Jane, porque ela me enviou um l\u00e1pis para testar. Quis retribuir a gentileza e tamb\u00e9m receber o feedback dela sobre os balms. Abaixo est\u00e1 a resenha que a Jane escreveu em seu blog: Pess\u00f4s, todo mundo sabe que eu adoro o blog da Marina, o 2 Beauty, onde eu me inspiro e aprendo a me maquiar, al\u00e9m de me tornar um ser que peca por cobi\u00e7a numa freq\u00fc\u00eancia realmente incr\u00edvel. E a\u00ed que eu mandei pra Marina um l\u00e1pis esfumador, pra ela ensinar a galerinha (me incluo nessa) usar. Porque que olho esfumado t\u00e1 na moda a gente sabe, mas, e fazer o efeito? S\u00f3 ela pra mostrar cum\u00e9qui\u00e9. E, como retribui\u00e7\u00e3o e fofurice total, ela me mandou dois balms de presente (que a m\u00e3e dela que manipulou na farm\u00e1cia que ela tem). Um vermelho e um rosa\/cor de boca. E eu, que sou apenas um rapaz latino americano sem dinheiro no banco (tudo verdade, menos a parte do rapaz), fiquei de testar os balms e dizer o que achei. \u00d3 que moral! Tirei fotos deles para ilustrar o post. Eu at\u00e9 tentei tirar foto da minha boca, mas no chance. Definitivamente, n\u00e3o sei tirar fotos dignas de pertinho. Nas fotos que eu tirei sairam T-O-D-A-S as minhas sardas, cravos, espinhas, perebas, bolinhas e bigodes poss\u00edveis e imagin\u00e1veis. E eu n\u00e3o posso passar por isso aqui, onde pretendo que finalmente os olheiros da Grobo me vejam e me convidem pro pr\u00f3ximo Especial de Fim de Ano do Rei! Mas falando deles, os balms, eu simplesmente adorei. Segue minha avalia\u00e7\u00e3o tosqu\u00edssima, nem de longe compar\u00e1vel \u00e0s resenhas de Marina-Morena, por\u00e9m de bom cora\u00e7\u00e3o: &#8211; Sabor: eles t\u00eam um leve saborzinho de chiclete bem suave e n\u00e3o t\u00eam cheiro. &#8211; Textura: a textura \u00e9 perfeita, n\u00e3o \u00e9 seco como o balm da Natura, que apesar de eu gostar, devo admitir que n\u00e3o tem textura de balm, \u00e9 meio ressecado e \u00e1spero. &#8211; Cores: quanto \u00e0s cores, o cor de boca\/rosinha praticamente fica transparente, com um aspecto de l\u00e1bios hidratados. J\u00e1 o vermelho, fica como uma leve pel\u00edcula brilhante meio vermelhinha, deixando os l\u00e1bios com ar saud\u00e1vel. Eu pessoalmente n\u00e3o gosto de l\u00e1bios com muita cor, mas adorei os dois. Marina, AMEI\u00ca e super obrigada pelos presentes. Como estava preocupada com a textura do balm (se aguentaria o calor) e o gostinho e cheiro dele, depois de ler a resenha, perguntei o que a Jane achava: Marina, eu acho que a textura ag\u00fcenta o ver\u00e3o sim. N\u00e3o escorre de jeito nenhum, bem diferente daqueles brilhos l\u00edquidos. Sobre o cheirinho, eu pessoalmente prefiro sem cheiro, porque o sabor rapidamente desaparece, j\u00e1 cheiro, dependendo, fica enjoado porque n\u00e3o passa, ao contr\u00e1rio, fica vindo no nariz (de quem tem narig\u00e3o, o que N\u00c3O \u00e9 meu caso (mentira)). Para ler o post da Jane e ver algumas fotos, clica aqui: https:\/\/mulheresimpossiveis.wordpress.com\/2008\/09\/09\/presentinhos-2\/ Eu, particularmente, prefiro balms mais moles e com bastante cheiro e gosto (bem doce), por isso retirei uma estrelinha. Nessa semana estou testando um gloss transparente que tem muuuuito gostinho e cheirinho de chiclete e ele tem o mesmo aromatizante do balm. Minha m\u00e3e disse que, pelos ingredientes, fica dif\u00edcil de deixar o cheiro e o gosto mais fortes, como no gloss&#8230; Mas voltando ao assunto: Fiz um teste para saber como o produto se comportaria no ver\u00e3o, aproveitando que h\u00e1 pouco tempo houve uma onde de calor na cidade. \u00c0s vezes eu vou pro meu carro na hora do almo\u00e7o e durmo um pouquinho (*rs rs rs*). Nesse dia super quente e \u00famido fez quase 30 graus e o estacionamento onde deixo o carro tem telhado de Brasilit. Pra quem n\u00e3o sabe, telhado de Brasilit \u00e9 um horror, porque esquenta muito o ambiente, especialmente ao meio-dia :) N\u00e3o consegui dormir com todo aquele calor, mas fiquei no carro por uma hora, escutando o Sala de Reda\u00e7\u00e3o. O balm n\u00e3o derreteu ou vazou dentro da bolsa, mas ficou mais molinho. A textura, com o calor, estava ideal (pro meu gosto). Essa \u00e9 a cor vermelha, minha preferida entre as tr\u00eas. Os tr\u00eas balms juntos custam R$12. Separados, cada potinho custa R$4,50. &#8211; &#8211; &#8211; &#8211; &#8211; &#8211; &#8211; &#8211; &#8211; Quem mora em Porto Alegre e quer se informar sobre o balm, aqui est\u00e3o os endere\u00e7os: Pharmacus Filial Zona Sul Bairro Tristeza Av. Wenceslau Escobar, 2903 Pharmacus Matriz Bairro Moinhos de Vento Rua Quintino Bocai\u00fava, 395 Quem mora em outras cidades pode encomendar por telefone ou e-mail: (51) 3222 49 49 ou (51) 3222 85 44 Quem prefere e-mail, clique aqui: pharmac@terra.com.br ou pharmacus@pharmacus.com.br &#8211; &#8211; &#8211; &#8211; &#8211; &#8211; &#8211; &#8211; &#8211; &#8211; &#8211; &#8211; &#8211; EDITADO &#8211; &#8211; &#8211; &#8211; &#8211; &#8211; &#8211; &#8211; &#8211; &#8211; &#8211; &#8211; &#8211; Perguntaram sobre a composi\u00e7\u00e3o do blam. Ele foi feito com cera de carna\u00faba, manteiga de karit\u00ea, vitamina E, antioxidantes e mais algumas coisinhas nutritivas. Tamb\u00e9m perguntaram sobre a diferen\u00e7a entre balm e brilho labial. Balm \u00e9 um b\u00e1lsamo para l\u00e1bios. Ele hidrata e suaviza a pele ressecada da boca, criando uma camada protetora que sela a umidade e protege os l\u00e1bios do ar seco, do frio, entre outras condi\u00e7\u00f5es externas. O brilho labial tem caracter\u00edsticas mais cosm\u00e9ticas. Ele d\u00e1 brilho aos l\u00e1bios, mas n\u00e3o \u00e9, necess\u00e1riamente, um produto hidratante ou protetor (alguns s\u00e3o, outros n\u00e3o).<\/p>\n","protected":false},"author":1,"featured_media":0,"comment_status":"open","ping_status":"open","sticky":false,"template":"","format":"standard","meta":{"_uag_custom_page_level_css":"","footnotes":""},"categories":[84],"tags":[262],"class_list":["post-392","post","type-post","status-publish","format-standard","hentry","category-maquiagem","tag-pharmacus"],"uagb_featured_image_src":{"full":false,"thumbnail":false,"medium":false,"medium_large":false,"large":false,"1536x1536":false,"2048x2048":false,"ashe-slider-grid-thumbnail":false,"ashe-full-thumbnail":false,"ashe-grid-thumbnail":false,"ashe-list-thumbnail":false,"ashe-single-navigation":false},"uagb_author_info":{"display_name":"Marina Smith","author_link":"https:\/\/www.2beauty.com.br\/blog\/author\/marinasmith\/"},"uagb_comment_info":98,"uagb_excerpt":"Nota: 4 estrelinhas Demor\u00f4! Aqui est\u00e3o os balms feitos por mamis. N\u00f3s testamos mais de tr\u00eas cores, mas as melhores s\u00e3o essas tr\u00eas: transparente, rosa e vermelho. Tentamos um bord\u00f4 e um rosinha claro com brilhos, mas as cores n\u00e3o ficaram muito legais na boca, ent\u00e3o desistimos. Enviei o balm rosa e o balm vermelho&hellip;","acf":[],"_links":{"self":[{"href":"https:\/\/www.2beauty.com.br\/blog\/wp-json\/wp\/v2\/posts\/392","targetHints":{"allow":["GET"]}}],"collection":[{"href":"https:\/\/www.2beauty.com.br\/blog\/wp-json\/wp\/v2\/posts"}],"about":[{"href":"https:\/\/www.2beauty.com.br\/blog\/wp-json\/wp\/v2\/types\/post"}],"author":[{"embeddable":true,"href":"https:\/\/www.2beauty.com.br\/blog\/wp-json\/wp\/v2\/users\/1"}],"replies":[{"embeddable":true,"href":"https:\/\/www.2beauty.com.br\/blog\/wp-json\/wp\/v2\/comments?post=392"}],"version-history":[{"count":0,"href":"https:\/\/www.2beauty.com.br\/blog\/wp-json\/wp\/v2\/posts\/392\/revisions"}],"wp:attachment":[{"href":"https:\/\/www.2beauty.com.br\/blog\/wp-json\/wp\/v2\/media?parent=392"}],"wp:term":[{"taxonomy":"category","embeddable":true,"href":"https:\/\/www.2beauty.com.br\/blog\/wp-json\/wp\/v2\/categories?post=392"},{"taxonomy":"post_tag","embeddable":true,"href":"https:\/\/www.2beauty.com.br\/blog\/wp-json\/wp\/v2\/tags?post=392"}],"curies":[{"name":"wp","href":"https:\/\/api.w.org\/{rel}","templated":true}]}}