{"id":38451,"date":"2013-01-03T09:00:45","date_gmt":"2013-01-03T11:00:45","guid":{"rendered":"https:\/\/www.2beauty.com.br\/blog\/?p=38451"},"modified":"2013-01-03T09:00:45","modified_gmt":"2013-01-03T11:00:45","slug":"video-respondendo-dicas-pra-evitar-que-o-corretivo-acumule-nas-linhas-finas-dos-olhos","status":"publish","type":"post","link":"https:\/\/www.2beauty.com.br\/blog\/2013\/01\/video-respondendo-dicas-pra-evitar-que-o-corretivo-acumule-nas-linhas-finas-dos-olhos\/","title":{"rendered":"V\u00eddeo &#8211; Respondendo: Dicas para evitar que o corretivo acumule nas linhas finas dos olhos"},"content":{"rendered":"<p>Aqui vai a terceira e \u00faltima parte das perguntas e respostas do blog!<br \/>\nO v\u00eddeo mostra duas dicas pra evitar\/minimizar o mic\u00e3o de corretivo acumulado nas linhas finas dos olhos.<br \/>\n<iframe width=\"560\" height=\"315\" src=\"https:\/\/www.youtube.com\/embed\/B13aVX8iuhs\" frameborder=\"0\" allowfullscreen><\/iframe><br \/>\nAl\u00e9m das dicas, \u00e9 importante lembrar que a densidade e a cobertura do corretivo s\u00e3o fatores importantes na hora da escolha do produto ideal, especialmente se voc\u00ea tem ruguinhas\/linhas nos olhos.<br \/>\nQuanto mais espesso e &#8220;pesado&#8221;, maior a chance do corretivo acumular e a quantidade de produto aplicado tamb\u00e9m influencia, j\u00e1 que excesso de corretivo pode (e vai) virar ac\u00famulo.<br \/>\nPra n\u00e3o ter erro, pesquise corretivos mais flu\u00eddos e de alta cobertura.<br \/>\nUm bom exemplo de corretivo mais l\u00edquido e de boa cobertura \u00e9 o Pro Longwear da MAC (<a href=\"https:\/\/www.2beauty.com.br\/blog\/2012\/04\/02\/resenha-mac-pro-longwear-concealer\/\" target=\"_blank\">resenha aqui<\/a>).<\/p>\n","protected":false},"excerpt":{"rendered":"<p>Aqui vai a terceira e \u00faltima parte das perguntas e respostas do blog! O v\u00eddeo mostra duas dicas pra evitar\/minimizar o mic\u00e3o de corretivo acumulado nas linhas finas dos olhos. Al\u00e9m das dicas, \u00e9 importante lembrar que a densidade e a cobertura do corretivo s\u00e3o fatores importantes na hora da escolha do produto ideal, especialmente se voc\u00ea tem ruguinhas\/linhas nos olhos. Quanto mais espesso e &#8220;pesado&#8221;, maior a chance do corretivo acumular e a quantidade de produto aplicado tamb\u00e9m influencia, j\u00e1 que excesso de corretivo pode (e vai) virar ac\u00famulo. Pra n\u00e3o ter erro, pesquise corretivos mais flu\u00eddos e de alta cobertura. Um bom exemplo de corretivo mais l\u00edquido e de boa cobertura \u00e9 o Pro Longwear da MAC (resenha aqui).<\/p>\n","protected":false},"author":1,"featured_media":0,"comment_status":"open","ping_status":"open","sticky":false,"template":"","format":"standard","meta":{"_uag_custom_page_level_css":"","footnotes":""},"categories":[1],"tags":[4118,4090,2917,2916,539],"class_list":["post-38451","post","type-post","status-publish","format-standard","hentry","category-geral","tag-corretivo","tag-dicas","tag-linhas-finas-dos-olhos","tag-olheira","tag-video"],"uagb_featured_image_src":{"full":false,"thumbnail":false,"medium":false,"medium_large":false,"large":false,"1536x1536":false,"2048x2048":false,"ashe-slider-grid-thumbnail":false,"ashe-full-thumbnail":false,"ashe-grid-thumbnail":false,"ashe-list-thumbnail":false,"ashe-single-navigation":false},"uagb_author_info":{"display_name":"Marina Smith","author_link":"https:\/\/www.2beauty.com.br\/blog\/author\/marinasmith\/"},"uagb_comment_info":58,"uagb_excerpt":"Aqui vai a terceira e \u00faltima parte das perguntas e respostas do blog! O v\u00eddeo mostra duas dicas pra evitar\/minimizar o mic\u00e3o de corretivo acumulado nas linhas finas dos olhos. Al\u00e9m das dicas, \u00e9 importante lembrar que a densidade e a cobertura do corretivo s\u00e3o fatores importantes na hora da escolha do produto ideal, especialmente&hellip;","acf":[],"_links":{"self":[{"href":"https:\/\/www.2beauty.com.br\/blog\/wp-json\/wp\/v2\/posts\/38451","targetHints":{"allow":["GET"]}}],"collection":[{"href":"https:\/\/www.2beauty.com.br\/blog\/wp-json\/wp\/v2\/posts"}],"about":[{"href":"https:\/\/www.2beauty.com.br\/blog\/wp-json\/wp\/v2\/types\/post"}],"author":[{"embeddable":true,"href":"https:\/\/www.2beauty.com.br\/blog\/wp-json\/wp\/v2\/users\/1"}],"replies":[{"embeddable":true,"href":"https:\/\/www.2beauty.com.br\/blog\/wp-json\/wp\/v2\/comments?post=38451"}],"version-history":[{"count":0,"href":"https:\/\/www.2beauty.com.br\/blog\/wp-json\/wp\/v2\/posts\/38451\/revisions"}],"wp:attachment":[{"href":"https:\/\/www.2beauty.com.br\/blog\/wp-json\/wp\/v2\/media?parent=38451"}],"wp:term":[{"taxonomy":"category","embeddable":true,"href":"https:\/\/www.2beauty.com.br\/blog\/wp-json\/wp\/v2\/categories?post=38451"},{"taxonomy":"post_tag","embeddable":true,"href":"https:\/\/www.2beauty.com.br\/blog\/wp-json\/wp\/v2\/tags?post=38451"}],"curies":[{"name":"wp","href":"https:\/\/api.w.org\/{rel}","templated":true}]}}