{"id":38281,"date":"2012-12-21T00:30:36","date_gmt":"2012-12-21T02:30:36","guid":{"rendered":"https:\/\/www.2beauty.com.br\/blog\/?p=38281"},"modified":"2019-02-15T16:11:50","modified_gmt":"2019-02-15T18:11:50","slug":"pausa-2","status":"publish","type":"post","link":"https:\/\/www.2beauty.com.br\/blog\/2012\/12\/pausa-2\/","title":{"rendered":"Pausa"},"content":{"rendered":"<p><a href=\"https:\/\/www.2beauty.com.br\/blog\/2012\/12\/21\/pausa-2\/luto\/\" rel=\"attachment wp-att-38282\"><img fetchpriority=\"high\" decoding=\"async\" class=\"size-full wp-image-38282 aligncenter\" alt=\"luto\" src=\"https:\/\/www.2beauty.com.br\/blog\/wp-content\/uploads\/2012\/12\/luto.jpg\" width=\"580\" height=\"200\" srcset=\"https:\/\/www.2beauty.com.br\/blog\/wp-content\/uploads\/2012\/12\/luto.jpg 580w, https:\/\/www.2beauty.com.br\/blog\/wp-content\/uploads\/2012\/12\/luto-300x103.jpg 300w\" sizes=\"(max-width: 580px) 100vw, 580px\" \/><\/a><\/p>\n<p>Oi gente!<\/p>\n<p>Eu pretendia fazer uma pausa no blog entre Natal e Reveillon, porque n\u00e9&#8230; todo mundo \u00e9 filho de Deus e merece um descanso.<\/p>\n<p>Vou adiantar um pouco essa pausa, pois, infelizmente, fui demitida e preciso aproveitar esse tempo de festas pra pensar qual ser\u00e1 o pr\u00f3ximo passo, me organizar, enfim&#8230; estar pronta pra come\u00e7ar 2013 com o p\u00e9 direito.<\/p>\n<p>Quem acompanha o blog h\u00e1 mais tempo sabe que h\u00e1 10 anos estou na mesma empresa, que eu gosto muito da minha profiss\u00e3o e que amo muito as pessoas com quem trabalho.<\/p>\n<p>Eu sei que um emprego n\u00e3o te define como pessoa, mas o meu era uma parte t\u00e3o grande da minha vida que eu sinceramente me sinto meio perdida s\u00f3 de pensar que n\u00e3o estarei no escrit\u00f3rio na pr\u00f3xima segunda-feira.<\/p>\n<p>Vou sentir tanta falta!<\/p>\n<p>A empresa \u00e9 \u00f3tima, os colegas s\u00e3o incr\u00edveis, mas em tempos de crise, essas coisas acontecem, n\u00e9?<\/p>\n<p>N\u00e3o \u00e9 o fim do mundo nem nada assim, mas \u00e9 uma perda grande pra mim e como com qualquer perda, passar por um per\u00edodo de luto \u00e9 normal.<\/p>\n<p>N\u00e3o vou sumir por muito tempo, ok?<\/p>\n<p>Eu s\u00f3 preciso de alguns dias pra me organizar e me acostumar com a id\u00e9ia.<\/p>\n<p>Volto logo e espero que seja antes de 2013, mas, se n\u00e3o for o caso, quero aproveitar e desejar um \u00f3timo Natal e um ano novo maravilhoso pra todo mundo!<\/p>\n<p>Beijos e at\u00e9 mais :)<\/p>\n<p>Marina<\/p>\n","protected":false},"excerpt":{"rendered":"<p>Oi gente! Eu pretendia fazer uma pausa no blog entre Natal e Reveillon, porque n\u00e9&#8230; todo mundo \u00e9 filho de Deus e merece um descanso. Vou adiantar um pouco essa pausa, pois, infelizmente, fui demitida e preciso aproveitar esse tempo de festas pra pensar qual ser\u00e1 o pr\u00f3ximo passo, me organizar, enfim&#8230; estar pronta pra come\u00e7ar 2013 com o p\u00e9 direito. Quem acompanha o blog h\u00e1 mais tempo sabe que h\u00e1 10 anos estou na mesma empresa, que eu gosto muito da minha profiss\u00e3o e que amo muito as pessoas com quem trabalho. Eu sei que um emprego n\u00e3o te define como pessoa, mas o meu era uma parte t\u00e3o grande da minha vida que eu sinceramente me sinto meio perdida s\u00f3 de pensar que n\u00e3o estarei no escrit\u00f3rio na pr\u00f3xima segunda-feira. Vou sentir tanta falta! A empresa \u00e9 \u00f3tima, os colegas s\u00e3o incr\u00edveis, mas em tempos de crise, essas coisas acontecem, n\u00e9? N\u00e3o \u00e9 o fim do mundo nem nada assim, mas \u00e9 uma perda grande pra mim e como com qualquer perda, passar por um per\u00edodo de luto \u00e9 normal. N\u00e3o vou sumir por muito tempo, ok? Eu s\u00f3 preciso de alguns dias pra me organizar e me acostumar com a id\u00e9ia. Volto logo e espero que seja antes de 2013, mas, se n\u00e3o for o caso, quero aproveitar e desejar um \u00f3timo Natal e um ano novo maravilhoso pra todo mundo! Beijos e at\u00e9 mais :) Marina<\/p>\n","protected":false},"author":1,"featured_media":38282,"comment_status":"open","ping_status":"open","sticky":false,"template":"","format":"standard","meta":{"_uag_custom_page_level_css":"","footnotes":""},"categories":[1],"tags":[1899],"class_list":["post-38281","post","type-post","status-publish","format-standard","has-post-thumbnail","hentry","category-geral","tag-luto"],"uagb_featured_image_src":{"full":["https:\/\/www.2beauty.com.br\/blog\/wp-content\/uploads\/2012\/12\/luto.jpg",580,200,false],"thumbnail":["https:\/\/www.2beauty.com.br\/blog\/wp-content\/uploads\/2012\/12\/luto-300x200.jpg",300,200,true],"medium":["https:\/\/www.2beauty.com.br\/blog\/wp-content\/uploads\/2012\/12\/luto-580x200.jpg",580,200,true],"medium_large":["https:\/\/www.2beauty.com.br\/blog\/wp-content\/uploads\/2012\/12\/luto.jpg",580,200,false],"large":["https:\/\/www.2beauty.com.br\/blog\/wp-content\/uploads\/2012\/12\/luto.jpg",580,200,false],"1536x1536":["https:\/\/www.2beauty.com.br\/blog\/wp-content\/uploads\/2012\/12\/luto.jpg",580,200,false],"2048x2048":["https:\/\/www.2beauty.com.br\/blog\/wp-content\/uploads\/2012\/12\/luto.jpg",580,200,false],"ashe-slider-grid-thumbnail":["https:\/\/www.2beauty.com.br\/blog\/wp-content\/uploads\/2012\/12\/luto.jpg",580,200,false],"ashe-full-thumbnail":["https:\/\/www.2beauty.com.br\/blog\/wp-content\/uploads\/2012\/12\/luto.jpg",580,200,false],"ashe-grid-thumbnail":["https:\/\/www.2beauty.com.br\/blog\/wp-content\/uploads\/2012\/12\/luto.jpg",500,172,false],"ashe-list-thumbnail":["https:\/\/www.2beauty.com.br\/blog\/wp-content\/uploads\/2012\/12\/luto.jpg",300,103,false],"ashe-single-navigation":["https:\/\/www.2beauty.com.br\/blog\/wp-content\/uploads\/2012\/12\/luto.jpg",75,26,false]},"uagb_author_info":{"display_name":"Marina Smith","author_link":"https:\/\/www.2beauty.com.br\/blog\/author\/marinasmith\/"},"uagb_comment_info":722,"uagb_excerpt":"Oi gente! Eu pretendia fazer uma pausa no blog entre Natal e Reveillon, porque n\u00e9&#8230; todo mundo \u00e9 filho de Deus e merece um descanso. Vou adiantar um pouco essa pausa, pois, infelizmente, fui demitida e preciso aproveitar esse tempo de festas pra pensar qual ser\u00e1 o pr\u00f3ximo passo, me organizar, enfim&#8230; estar pronta pra&hellip;","acf":[],"_links":{"self":[{"href":"https:\/\/www.2beauty.com.br\/blog\/wp-json\/wp\/v2\/posts\/38281","targetHints":{"allow":["GET"]}}],"collection":[{"href":"https:\/\/www.2beauty.com.br\/blog\/wp-json\/wp\/v2\/posts"}],"about":[{"href":"https:\/\/www.2beauty.com.br\/blog\/wp-json\/wp\/v2\/types\/post"}],"author":[{"embeddable":true,"href":"https:\/\/www.2beauty.com.br\/blog\/wp-json\/wp\/v2\/users\/1"}],"replies":[{"embeddable":true,"href":"https:\/\/www.2beauty.com.br\/blog\/wp-json\/wp\/v2\/comments?post=38281"}],"version-history":[{"count":0,"href":"https:\/\/www.2beauty.com.br\/blog\/wp-json\/wp\/v2\/posts\/38281\/revisions"}],"wp:featuredmedia":[{"embeddable":true,"href":"https:\/\/www.2beauty.com.br\/blog\/wp-json\/wp\/v2\/media\/38282"}],"wp:attachment":[{"href":"https:\/\/www.2beauty.com.br\/blog\/wp-json\/wp\/v2\/media?parent=38281"}],"wp:term":[{"taxonomy":"category","embeddable":true,"href":"https:\/\/www.2beauty.com.br\/blog\/wp-json\/wp\/v2\/categories?post=38281"},{"taxonomy":"post_tag","embeddable":true,"href":"https:\/\/www.2beauty.com.br\/blog\/wp-json\/wp\/v2\/tags?post=38281"}],"curies":[{"name":"wp","href":"https:\/\/api.w.org\/{rel}","templated":true}]}}