{"id":2929,"date":"2009-03-23T13:08:36","date_gmt":"2009-03-23T15:08:36","guid":{"rendered":"https:\/\/www.2beauty.com.br\/blog\/?p=2929"},"modified":"2019-02-15T16:13:39","modified_gmt":"2019-02-15T18:13:39","slug":"trios-agata-lumiere-e-lilas-lumiere-colecao-celebrare-o-boticario","status":"publish","type":"post","link":"https:\/\/www.2beauty.com.br\/blog\/2009\/03\/trios-agata-lumiere-e-lilas-lumiere-colecao-celebrare-o-boticario\/","title":{"rendered":"Trios \u00c1gata Lumiere e Lil\u00e1s Lumiere, Cole\u00e7\u00e3o Celebrare O Botic\u00e1rio"},"content":{"rendered":"<p style=\"text-align: center;\"><a href=\"https:\/\/www.2beauty.com.br\/blog\/wp-content\/uploads\/2009\/03\/trio1.jpg\"><img fetchpriority=\"high\" decoding=\"async\" class=\"size-full wp-image-2930 aligncenter\" title=\"trio1\" src=\"https:\/\/www.2beauty.com.br\/blog\/wp-content\/uploads\/2009\/03\/trio1.jpg\" alt=\"\" width=\"500\" height=\"375\" \/><\/a><\/p>\n<p>J\u00e1 mostrei os <a href=\"https:\/\/www.2beauty.com.br\/blog\/2009\/03\/12\/batons-e-star-lip-colecao-celebrare-o-boticario\/\" target=\"_self\">batons<\/a>, os <a href=\"https:\/\/www.2beauty.com.br\/blog\/2009\/03\/12\/batons-e-star-lip-colecao-celebrare-o-boticario\/\" target=\"_self\">Star Lip<\/a>, os <a href=\"https:\/\/www.2beauty.com.br\/blog\/2009\/03\/12\/blushes-colecao-celebrare-o-boticario\/\" target=\"_self\">blushes<\/a>, a <a href=\"https:\/\/www.2beauty.com.br\/blog\/2009\/03\/13\/tutorial-passando-do-dia-para-a-noite\/\" target=\"_self\">palette<\/a> e agora vou mostrar os trios de sombra da cole\u00e7\u00e3o Celebrare.<\/p>\n<p>Depois disso, acho que s\u00f3 faltar\u00e1 mostrar os pinc\u00e9is (ainda n\u00e3o tenho!!), o delineador\u00a0e o iluminador facial.<\/p>\n<p>&#8211; &#8211; &#8211; &#8211; &#8211; &#8211; &#8211; &#8211;<\/p>\n<p><strong>Antes de falar dos trios \u00c1gata Lumiere e Lil\u00e1s Lumiere, gostaria de jogar uma pergunta para o universo:<\/strong><\/p>\n<blockquote><p>&#8220;Por que todos os trios do Botic\u00e1rio vem com uma sombra bege\/p\u00e9rola\u00a0enooorme,\u00a0enquanto as outras duas cores, que\u00a0s\u00e3o bonitas e diferentes, SEMPRE s\u00e3o min\u00fasculas?&#8221;<\/p><\/blockquote>\n<p>Nada contra a sombra p\u00e9rola ou bege, mas a maioria das mulheres que se maquia j\u00e1 tem\u00a0esse tipo de cor\u00a0e os tons de sombra iluminadora\u00a0s\u00e3o super parecidos em todos os trios do Botic\u00e1rio.<\/p>\n<p>Numa cole\u00e7\u00e3o de edi\u00e7\u00e3o limitada, acho que a mulherada compra os trios pelas cores diferentes e n\u00e3o pela sombra iluminadora,\u00a0n\u00e9am? Ent\u00e3o custa\u00a0 escolher\u00a0outros tons ou aumentar o tamanho das sombras coloridas?<\/p>\n<p>Grata. :)<\/p>\n<p><strong>Agora vamos ao que interessa&#8230;<\/strong><\/p>\n<p style=\"text-align: center;\"><a href=\"https:\/\/www.2beauty.com.br\/blog\/wp-content\/uploads\/2009\/03\/trio2.jpg\"><img decoding=\"async\" class=\"size-full wp-image-2931 aligncenter\" title=\"trio2\" src=\"https:\/\/www.2beauty.com.br\/blog\/wp-content\/uploads\/2009\/03\/trio2.jpg\" alt=\"\" width=\"500\" height=\"375\" \/><\/a><\/p>\n<p>O trio \u00c1gata Lumiere tem um tom de verde escuro leeeeendo que me lembrou\u00a0um pouco\u00a0a sombra <a href=\"https:\/\/www.2beauty.com.br\/blog\/2008\/09\/26\/tutorial-em-video-tosco-nars-night-porter\/\" target=\"_self\">Night Porter<\/a>, da NARS. Al\u00e9m dele e da cl\u00e1ssica sombra\u00a0iluminadora cor p\u00e9rola, tamb\u00e9m tem uma sombra champagne escuro muito bonita.<\/p>\n<p style=\"text-align: center;\"><a href=\"https:\/\/www.2beauty.com.br\/blog\/wp-content\/uploads\/2009\/03\/trio4.jpg\"><img decoding=\"async\" class=\"alignnone size-full wp-image-2933\" title=\"trio4\" src=\"https:\/\/www.2beauty.com.br\/blog\/wp-content\/uploads\/2009\/03\/trio4.jpg\" alt=\"\" width=\"300\" height=\"250\" \/><\/a> <a href=\"https:\/\/www.2beauty.com.br\/blog\/wp-content\/uploads\/2009\/03\/trio5.jpg\"><img loading=\"lazy\" decoding=\"async\" class=\"alignnone size-full wp-image-2934\" title=\"trio5\" src=\"https:\/\/www.2beauty.com.br\/blog\/wp-content\/uploads\/2009\/03\/trio5.jpg\" alt=\"\" width=\"300\" height=\"250\" \/><\/a><\/p>\n<p>Adorei o verde do trio \u00c1gata no meu olho. \u00c9 um looosho! Usei o Potencializador como base, esfumei um pouco do l\u00e1pis Black Jade na linha c\u00edlios e passei a sombra verde em toda p\u00e1lpebra e no c\u00f4ncavo. Depois, esfumei um pouco da sombra champagne no c\u00f4ncavo e voil\u00e1!<\/p>\n<p>Look pronto para a <em>&#8220;night&#8221;<\/em>&#8230;<\/p>\n<p style=\"text-align: center;\"><a href=\"https:\/\/www.2beauty.com.br\/blog\/wp-content\/uploads\/2009\/03\/trio3.jpg\"><img loading=\"lazy\" decoding=\"async\" class=\"size-full wp-image-2932 aligncenter\" title=\"trio3\" src=\"https:\/\/www.2beauty.com.br\/blog\/wp-content\/uploads\/2009\/03\/trio3.jpg\" alt=\"\" width=\"500\" height=\"375\" \/><\/a><\/p>\n<p>O trio Lil\u00e1s Lumiere\u00a0tem um tom lil\u00e1s clarinho bonitinho. Al\u00e9m dele e da cl\u00e1ssica sombra\u00a0iluminadora cor bege, tamb\u00e9m tem uma sombra dourada bacana. Gostei mais dela do que da sombra lil\u00e1s.<\/p>\n<p style=\"text-align: center;\"><a href=\"https:\/\/www.2beauty.com.br\/blog\/wp-content\/uploads\/2009\/03\/trio6.jpg\"><img loading=\"lazy\" decoding=\"async\" class=\"alignnone size-full wp-image-2935\" title=\"trio6\" src=\"https:\/\/www.2beauty.com.br\/blog\/wp-content\/uploads\/2009\/03\/trio6.jpg\" alt=\"\" width=\"300\" height=\"250\" \/><\/a>\u00a0<a href=\"https:\/\/www.2beauty.com.br\/blog\/wp-content\/uploads\/2009\/03\/trio7.jpg\"><img loading=\"lazy\" decoding=\"async\" class=\"alignnone size-full wp-image-2936\" title=\"trio7\" src=\"https:\/\/www.2beauty.com.br\/blog\/wp-content\/uploads\/2009\/03\/trio7.jpg\" alt=\"\" width=\"300\" height=\"250\" \/><\/a><\/p>\n<p>Assim, de close-up, d\u00e1 pra enxergar bem o lil\u00e1s, mas ao vivo ficou super mortinho&#8230;<\/p>\n<p>Sinceramente, mesmo sendo um trio mais &#8220;dia&#8221; do que &#8220;noite&#8221;, achei meio sem gra\u00e7a. O tom dourado \u00e9 bonito e b\u00e1sico, mas o lil\u00e1s ficou discreto demais\u00a0e eu esperava algo que aparecesse mais no meu olho.<\/p>\n<p>Talvez as\u00a0pessoas de pele mais clara consigam aproveitar melhor esse trio.<\/p>\n","protected":false},"excerpt":{"rendered":"<p>J\u00e1 mostrei os batons, os Star Lip, os blushes, a palette e agora vou mostrar os trios de sombra da cole\u00e7\u00e3o Celebrare. Depois disso, acho que s\u00f3 faltar\u00e1 mostrar os pinc\u00e9is (ainda n\u00e3o tenho!!), o delineador\u00a0e o iluminador facial. &#8211; &#8211; &#8211; &#8211; &#8211; &#8211; &#8211; &#8211; Antes de falar dos trios \u00c1gata Lumiere e Lil\u00e1s Lumiere, gostaria de jogar uma pergunta para o universo: &#8220;Por que todos os trios do Botic\u00e1rio vem com uma sombra bege\/p\u00e9rola\u00a0enooorme,\u00a0enquanto as outras duas cores, que\u00a0s\u00e3o bonitas e diferentes, SEMPRE s\u00e3o min\u00fasculas?&#8221; Nada contra a sombra p\u00e9rola ou bege, mas a maioria das mulheres que se maquia j\u00e1 tem\u00a0esse tipo de cor\u00a0e os tons de sombra iluminadora\u00a0s\u00e3o super parecidos em todos os trios do Botic\u00e1rio. Numa cole\u00e7\u00e3o de edi\u00e7\u00e3o limitada, acho que a mulherada compra os trios pelas cores diferentes e n\u00e3o pela sombra iluminadora,\u00a0n\u00e9am? Ent\u00e3o custa\u00a0 escolher\u00a0outros tons ou aumentar o tamanho das sombras coloridas? Grata. :) Agora vamos ao que interessa&#8230; O trio \u00c1gata Lumiere tem um tom de verde escuro leeeeendo que me lembrou\u00a0um pouco\u00a0a sombra Night Porter, da NARS. Al\u00e9m dele e da cl\u00e1ssica sombra\u00a0iluminadora cor p\u00e9rola, tamb\u00e9m tem uma sombra champagne escuro muito bonita. Adorei o verde do trio \u00c1gata no meu olho. \u00c9 um looosho! Usei o Potencializador como base, esfumei um pouco do l\u00e1pis Black Jade na linha c\u00edlios e passei a sombra verde em toda p\u00e1lpebra e no c\u00f4ncavo. Depois, esfumei um pouco da sombra champagne no c\u00f4ncavo e voil\u00e1! Look pronto para a &#8220;night&#8221;&#8230; O trio Lil\u00e1s Lumiere\u00a0tem um tom lil\u00e1s clarinho bonitinho. Al\u00e9m dele e da cl\u00e1ssica sombra\u00a0iluminadora cor bege, tamb\u00e9m tem uma sombra dourada bacana. Gostei mais dela do que da sombra lil\u00e1s. \u00a0 Assim, de close-up, d\u00e1 pra enxergar bem o lil\u00e1s, mas ao vivo ficou super mortinho&#8230; Sinceramente, mesmo sendo um trio mais &#8220;dia&#8221; do que &#8220;noite&#8221;, achei meio sem gra\u00e7a. O tom dourado \u00e9 bonito e b\u00e1sico, mas o lil\u00e1s ficou discreto demais\u00a0e eu esperava algo que aparecesse mais no meu olho. Talvez as\u00a0pessoas de pele mais clara consigam aproveitar melhor esse trio.<\/p>\n","protected":false},"author":1,"featured_media":0,"comment_status":"open","ping_status":"open","sticky":false,"template":"","format":"standard","meta":{"_uag_custom_page_level_css":"","footnotes":""},"categories":[84],"tags":[602,523,603,524,4126,604],"class_list":["post-2929","post","type-post","status-publish","format-standard","hentry","category-maquiagem","tag-agata-lumiere","tag-celebrare","tag-lilas-lumiere","tag-o-boticario","tag-sombras","tag-trio"],"uagb_featured_image_src":{"full":false,"thumbnail":false,"medium":false,"medium_large":false,"large":false,"1536x1536":false,"2048x2048":false,"ashe-slider-grid-thumbnail":false,"ashe-full-thumbnail":false,"ashe-grid-thumbnail":false,"ashe-list-thumbnail":false,"ashe-single-navigation":false},"uagb_author_info":{"display_name":"Marina Smith","author_link":"https:\/\/www.2beauty.com.br\/blog\/author\/marinasmith\/"},"uagb_comment_info":70,"uagb_excerpt":"J\u00e1 mostrei os batons, os Star Lip, os blushes, a palette e agora vou mostrar os trios de sombra da cole\u00e7\u00e3o Celebrare. Depois disso, acho que s\u00f3 faltar\u00e1 mostrar os pinc\u00e9is (ainda n\u00e3o tenho!!), o delineador\u00a0e o iluminador facial. &#8211; &#8211; &#8211; &#8211; &#8211; &#8211; &#8211; &#8211; Antes de falar dos trios \u00c1gata Lumiere e&hellip;","acf":[],"_links":{"self":[{"href":"https:\/\/www.2beauty.com.br\/blog\/wp-json\/wp\/v2\/posts\/2929","targetHints":{"allow":["GET"]}}],"collection":[{"href":"https:\/\/www.2beauty.com.br\/blog\/wp-json\/wp\/v2\/posts"}],"about":[{"href":"https:\/\/www.2beauty.com.br\/blog\/wp-json\/wp\/v2\/types\/post"}],"author":[{"embeddable":true,"href":"https:\/\/www.2beauty.com.br\/blog\/wp-json\/wp\/v2\/users\/1"}],"replies":[{"embeddable":true,"href":"https:\/\/www.2beauty.com.br\/blog\/wp-json\/wp\/v2\/comments?post=2929"}],"version-history":[{"count":0,"href":"https:\/\/www.2beauty.com.br\/blog\/wp-json\/wp\/v2\/posts\/2929\/revisions"}],"wp:attachment":[{"href":"https:\/\/www.2beauty.com.br\/blog\/wp-json\/wp\/v2\/media?parent=2929"}],"wp:term":[{"taxonomy":"category","embeddable":true,"href":"https:\/\/www.2beauty.com.br\/blog\/wp-json\/wp\/v2\/categories?post=2929"},{"taxonomy":"post_tag","embeddable":true,"href":"https:\/\/www.2beauty.com.br\/blog\/wp-json\/wp\/v2\/tags?post=2929"}],"curies":[{"name":"wp","href":"https:\/\/api.w.org\/{rel}","templated":true}]}}