{"id":28428,"date":"2012-10-01T16:33:18","date_gmt":"2012-10-01T18:33:18","guid":{"rendered":"https:\/\/www.2beauty.com.br\/blog\/?p=28428"},"modified":"2019-02-15T16:11:59","modified_gmt":"2019-02-15T18:11:59","slug":"o-la-em-casa-will-smith-2","status":"publish","type":"post","link":"https:\/\/www.2beauty.com.br\/blog\/2012\/10\/o-la-em-casa-will-smith-2\/","title":{"rendered":"\u00d4, l\u00e1 em casa&#8230; Will Smith"},"content":{"rendered":"<figure id=\"attachment_85760\" aria-describedby=\"caption-attachment-85760\" style=\"width: 435px\" class=\"wp-caption aligncenter\"><a href=\"https:\/\/www.2beauty.com.br\/blog\/wp-content\/uploads\/2012\/10\/willsmith.jpg\"><img fetchpriority=\"high\" decoding=\"async\" class=\"wp-image-85760 size-full\" src=\"https:\/\/www.2beauty.com.br\/blog\/wp-content\/uploads\/2012\/10\/willsmith.jpg\" alt=\"\" width=\"435\" height=\"548\" srcset=\"https:\/\/www.2beauty.com.br\/blog\/wp-content\/uploads\/2012\/10\/willsmith.jpg 435w, https:\/\/www.2beauty.com.br\/blog\/wp-content\/uploads\/2012\/10\/willsmith-345x435.jpg 345w\" sizes=\"(max-width: 435px) 100vw, 435px\" \/><\/a><figcaption id=\"caption-attachment-85760\" class=\"wp-caption-text\">Foto: Divulga\u00e7\u00e3o<\/figcaption><\/figure>\n<p>A vota\u00e7\u00e3o foi sucesso e teremos segunda rodada com os bombons da TV e do cinema, porque eu quase apanhei por ter esquecido do Denzel e do Shemar Moore.<\/p>\n<p>N\u00e3o se revoltem, gurias! Sexta-feira tem mais chocolate pra todo mundo, ok?<\/p>\n<p>E s\u00f3 pra constar, esta \u00e9 a segunda vit\u00f3ria do Will aqui no blog.<\/p>\n<p>Passaram bem o final de semana? Eu coloquei os dois p\u00e9s na jaca. Pra sair da cama no domingo, s\u00f3 com ajuda do <a href=\"https:\/\/www.grupodarcypacheco.com.br\/\" target=\"_blank\" rel=\"noopener noreferrer\">Darcy Pacheco Solu\u00e7\u00f5es de Peso<\/a>.<\/p>\n<p style=\"text-align: center;\"><strong><a href=\"https:\/\/www.2beauty.com.br\/blog\/wp-content\/uploads\/2012\/10\/gordice1.jpg\"><img decoding=\"async\" class=\"alignnone size-full wp-image-28433\" title=\"gordice1\" src=\"https:\/\/www.2beauty.com.br\/blog\/wp-content\/uploads\/2012\/10\/gordice1.jpg\" alt=\"\" width=\"290\" height=\"387\" srcset=\"https:\/\/www.2beauty.com.br\/blog\/wp-content\/uploads\/2012\/10\/gordice1.jpg 290w, https:\/\/www.2beauty.com.br\/blog\/wp-content\/uploads\/2012\/10\/gordice1-224x300.jpg 224w\" sizes=\"(max-width: 290px) 100vw, 290px\" \/><\/a> <a href=\"https:\/\/www.2beauty.com.br\/blog\/wp-content\/uploads\/2012\/10\/gordice2.jpg\"><img decoding=\"async\" class=\"alignnone size-full wp-image-28434\" title=\"gordice2\" src=\"https:\/\/www.2beauty.com.br\/blog\/wp-content\/uploads\/2012\/10\/gordice2.jpg\" alt=\"\" width=\"290\" height=\"387\" srcset=\"https:\/\/www.2beauty.com.br\/blog\/wp-content\/uploads\/2012\/10\/gordice2.jpg 290w, https:\/\/www.2beauty.com.br\/blog\/wp-content\/uploads\/2012\/10\/gordice2-224x300.jpg 224w\" sizes=\"(max-width: 290px) 100vw, 290px\" \/><\/a><\/strong><\/p>\n<p style=\"text-align: center;\"><strong>Gordices do finde<\/strong><\/p>\n<p>Acho que voc\u00eas gostam de sofrer, porque todo mundo se anima com as minhas gordices do final de semana. A melhor gordice de s\u00e1bado foi um brigadeir\u00e3o incr\u00edvel do restaurante do Clube Jangadeiros.<\/p>\n<p>Recomendo com muito amor no cora\u00e7\u00e3o!<\/p>\n<p>Sabe brigadeiro com gostinho de feito em casa? Daquele feito com Leite Mo\u00e7a e o bom e velho Nescau? Ent\u00e3o&#8230;<\/p>\n<p>A gordice de domingo foi bolinho da v\u00f3 com 2kg de manteiga. A fam\u00edlia sempre me xinga quando passo manteiga no bolo, porque j\u00e1 vai manteiga na receita, mas pohaammmm! \u00c9 domingo.<\/p>\n<p>Me deixem comer duas partes de manteiga pra uma parte de bolo enquanto eu assisto The Voice Brasil!<\/p>\n<p style=\"text-align: center;\"><strong><a href=\"https:\/\/www.2beauty.com.br\/blog\/wp-content\/uploads\/2012\/10\/mural.jpg\"><img loading=\"lazy\" decoding=\"async\" class=\"alignnone size-full wp-image-28435\" title=\"mural\" src=\"https:\/\/www.2beauty.com.br\/blog\/wp-content\/uploads\/2012\/10\/mural.jpg\" alt=\"\" width=\"580\" height=\"435\" srcset=\"https:\/\/www.2beauty.com.br\/blog\/wp-content\/uploads\/2012\/10\/mural.jpg 580w, https:\/\/www.2beauty.com.br\/blog\/wp-content\/uploads\/2012\/10\/mural-300x225.jpg 300w\" sizes=\"(max-width: 580px) 100vw, 580px\" \/><\/a><\/strong><\/p>\n<p style=\"text-align: center;\"><strong>Lembran\u00e7a dos 90 anos da v\u00f3 Leda<br \/>\n<\/strong><\/p>\n<p>H\u00e1 mil\u00eanios que eu quero postar os desenhos que os bisnetos fizeram pra v\u00f3 nos 90 anos dela, mas s\u00f3 nesse domingo que eu lembrei de bater foto.<\/p>\n<p>Quando a v\u00f3 fez anivers\u00e1rio em 2011, as minhas tias compraram papel colorido, tintas, canetinhas e pinc\u00e9is e organizaram um dia de pintura entre os filhos dos meus primos.<\/p>\n<p>A v\u00f3 n\u00e3o sabia de nada e s\u00f3 descobriu no dia da festa de anivers\u00e1rio, quando viu pela primeira vez os desenhos e pinturas como parte da decora\u00e7\u00e3o da festa.<\/p>\n<p>Depois disso, as minhas tias mandaram enquadrar tudo e fizeram uma parede &#8220;tem\u00e1tica&#8221; dos bisnetos na sala de jantar.<\/p>\n<p>Achei a id\u00e9ia MUITO legal e sei l\u00e1&#8230; eu sei que muita gente aqui tem vov\u00f3 ou vov\u00f4 que deve fazer anivers\u00e1rio em breve, ent\u00e3o fica a dica!<\/p>\n<p>\u00c9 fofo, \u00e9 digno e \u00e9 muito amor :)<\/p>\n<p style=\"text-align: center;\"><strong><a href=\"https:\/\/www.2beauty.com.br\/blog\/wp-content\/uploads\/2012\/10\/saia.jpg\"><img loading=\"lazy\" decoding=\"async\" class=\"alignnone size-full wp-image-28436\" title=\"saia\" src=\"https:\/\/www.2beauty.com.br\/blog\/wp-content\/uploads\/2012\/10\/saia.jpg\" alt=\"\" width=\"435\" height=\"580\" srcset=\"https:\/\/www.2beauty.com.br\/blog\/wp-content\/uploads\/2012\/10\/saia.jpg 435w, https:\/\/www.2beauty.com.br\/blog\/wp-content\/uploads\/2012\/10\/saia-225x300.jpg 225w\" sizes=\"(max-width: 435px) 100vw, 435px\" \/><\/a><\/strong><\/p>\n<p style=\"text-align: center;\"><strong>Mic\u00e3o do finds\/sensualiza\u00e7\u00e3o #FAIL<br \/>\n<\/strong><\/p>\n<p>Posso contar o meu mic\u00e3o do final de semana? S\u00e1bado foi dia da mulherada soltar a franga em homenagem \u00e0 Hebe.<\/p>\n<p>Todo mundo se produziu de riqueza espiritual, brindou\/bebeu pela vida da loira-mor e rolou at\u00e9 um plano de distribuir selinhos, mas sobre essa parte eu n\u00e3o vou comentar hahaha<\/p>\n<p>Eu estava me achando super palita com minha saia novinha periguete tamanho P e ok, talvez eu tenha me iludido um pouco quando fiz a compra.<\/p>\n<p>No meio da baladj\u00e9\u00e9\u00e9nha, a desgra\u00e7ada abriu igual salsicha que ficou tempo demais na fervura.<\/p>\n<p>Descosturou tr\u00eas dedos de um lado :(<\/p>\n<p>Me perguntei: O que Santa Hebe faria?<\/p>\n<p>Cruzei a bolsinha por cima do buraco e fiz car\u00e3o. F\u00e1cil! Simples! Selo Hebe de aprova\u00e7\u00e3o. S\u00f3 que n\u00e3o durou muito tempo&#8230;<\/p>\n<p>As meninas e eu parec\u00edamos pe\u00f5es <span style=\"text-decoration: line-through;\">sensualizando<\/span> girando na pixxxta e a saia descosturou mais tr\u00eas dedos, s\u00f3 que do outro lado.<\/p>\n<p>Passei o resto da noite fazendo pose de boneca Barbie, com os dois bra\u00e7os bem grudados ao corpo e uma m\u00e3o em cada buraco.<\/p>\n<p>Isso sem falar no medo da saia descosturar mais e eu ficar de bunda de fora no meio da BUATCHY.<\/p>\n<p>Depress\u00e3o define!<\/p>\n<p style=\"text-align: center;\"><strong><a href=\"https:\/\/www.2beauty.com.br\/blog\/wp-content\/uploads\/2012\/10\/bonitona.jpg\"><img loading=\"lazy\" decoding=\"async\" class=\"alignnone size-full wp-image-28437\" title=\"bonitona\" src=\"https:\/\/www.2beauty.com.br\/blog\/wp-content\/uploads\/2012\/10\/bonitona.jpg\" alt=\"\" width=\"435\" height=\"580\" srcset=\"https:\/\/www.2beauty.com.br\/blog\/wp-content\/uploads\/2012\/10\/bonitona.jpg 435w, https:\/\/www.2beauty.com.br\/blog\/wp-content\/uploads\/2012\/10\/bonitona-225x300.jpg 225w\" sizes=\"(max-width: 435px) 100vw, 435px\" \/><\/a><\/strong><\/p>\n<p style=\"text-align: center;\"><strong>A Bonitona Encalhada<br \/>\n<\/strong><\/p>\n<p>A leitora Laura Henriques \u00e9 escritora e me enviou seu livro h\u00e1 alguns dias.<\/p>\n<p>Adorei o t\u00edtulo!<\/p>\n<p>Obrigada, Laura :) Ainda n\u00e3o terminei de ler, mas estou gostando muito.<\/p>\n<p><strong>Pra quem se interessou, aqui vai o <a href=\"https:\/\/www.editoraleitura.com.br\/livros\/detalhe.asp?id=19\" target=\"_blank\" rel=\"noopener noreferrer\">link da editora<\/a> e a descri\u00e7\u00e3o do livro:<\/strong><\/p>\n<blockquote><p>N\u00e3o \u00e9 f\u00e1cil ser mulher nos dias de hoje. Al\u00e9m de buscar um grande amor e um \u00f3timo emprego, temos que estar sempre prontas: cabelo, maquiagem, depila\u00e7\u00e3o, gorduras zero e bom humor. Muito bom humor para lidar com todo tipo de contratempo. A Bonitona Encalhada foi escrito aos poucos, como desabafo, mas se tornou um livro para que as bonitonas se reconhe\u00e7am e percebam que tudo o que vivemos seria tr\u00e1gico, se n\u00e3o fosse c\u00f4mico. Rir das nossas desventuras, pensar sobre as quest\u00f5es que nos afligem e nos identificar com os apertos umas das outras.<\/p><\/blockquote>\n","protected":false},"excerpt":{"rendered":"<p>A vota\u00e7\u00e3o foi sucesso e teremos segunda rodada com os bombons da TV e do cinema, porque eu quase apanhei por ter esquecido do Denzel e do Shemar Moore. N\u00e3o se revoltem, gurias! Sexta-feira tem mais chocolate pra todo mundo, ok? E s\u00f3 pra constar, esta \u00e9 a segunda vit\u00f3ria do Will aqui no blog. Passaram bem o final de semana? Eu coloquei os dois p\u00e9s na jaca. Pra sair da cama no domingo, s\u00f3 com ajuda do Darcy Pacheco Solu\u00e7\u00f5es de Peso. Gordices do finde Acho que voc\u00eas gostam de sofrer, porque todo mundo se anima com as minhas gordices do final de semana. A melhor gordice de s\u00e1bado foi um brigadeir\u00e3o incr\u00edvel do restaurante do Clube Jangadeiros. Recomendo com muito amor no cora\u00e7\u00e3o! Sabe brigadeiro com gostinho de feito em casa? Daquele feito com Leite Mo\u00e7a e o bom e velho Nescau? Ent\u00e3o&#8230; A gordice de domingo foi bolinho da v\u00f3 com 2kg de manteiga. A fam\u00edlia sempre me xinga quando passo manteiga no bolo, porque j\u00e1 vai manteiga na receita, mas pohaammmm! \u00c9 domingo. Me deixem comer duas partes de manteiga pra uma parte de bolo enquanto eu assisto The Voice Brasil! Lembran\u00e7a dos 90 anos da v\u00f3 Leda H\u00e1 mil\u00eanios que eu quero postar os desenhos que os bisnetos fizeram pra v\u00f3 nos 90 anos dela, mas s\u00f3 nesse domingo que eu lembrei de bater foto. Quando a v\u00f3 fez anivers\u00e1rio em 2011, as minhas tias compraram papel colorido, tintas, canetinhas e pinc\u00e9is e organizaram um dia de pintura entre os filhos dos meus primos. A v\u00f3 n\u00e3o sabia de nada e s\u00f3 descobriu no dia da festa de anivers\u00e1rio, quando viu pela primeira vez os desenhos e pinturas como parte da decora\u00e7\u00e3o da festa. Depois disso, as minhas tias mandaram enquadrar tudo e fizeram uma parede &#8220;tem\u00e1tica&#8221; dos bisnetos na sala de jantar. Achei a id\u00e9ia MUITO legal e sei l\u00e1&#8230; eu sei que muita gente aqui tem vov\u00f3 ou vov\u00f4 que deve fazer anivers\u00e1rio em breve, ent\u00e3o fica a dica! \u00c9 fofo, \u00e9 digno e \u00e9 muito amor :) Mic\u00e3o do finds\/sensualiza\u00e7\u00e3o #FAIL Posso contar o meu mic\u00e3o do final de semana? S\u00e1bado foi dia da mulherada soltar a franga em homenagem \u00e0 Hebe. Todo mundo se produziu de riqueza espiritual, brindou\/bebeu pela vida da loira-mor e rolou at\u00e9 um plano de distribuir selinhos, mas sobre essa parte eu n\u00e3o vou comentar hahaha Eu estava me achando super palita com minha saia novinha periguete tamanho P e ok, talvez eu tenha me iludido um pouco quando fiz a compra. No meio da baladj\u00e9\u00e9\u00e9nha, a desgra\u00e7ada abriu igual salsicha que ficou tempo demais na fervura. Descosturou tr\u00eas dedos de um lado :( Me perguntei: O que Santa Hebe faria? Cruzei a bolsinha por cima do buraco e fiz car\u00e3o. F\u00e1cil! Simples! Selo Hebe de aprova\u00e7\u00e3o. S\u00f3 que n\u00e3o durou muito tempo&#8230; As meninas e eu parec\u00edamos pe\u00f5es sensualizando girando na pixxxta e a saia descosturou mais tr\u00eas dedos, s\u00f3 que do outro lado. Passei o resto da noite fazendo pose de boneca Barbie, com os dois bra\u00e7os bem grudados ao corpo e uma m\u00e3o em cada buraco. Isso sem falar no medo da saia descosturar mais e eu ficar de bunda de fora no meio da BUATCHY. Depress\u00e3o define! A Bonitona Encalhada A leitora Laura Henriques \u00e9 escritora e me enviou seu livro h\u00e1 alguns dias. Adorei o t\u00edtulo! Obrigada, Laura :) Ainda n\u00e3o terminei de ler, mas estou gostando muito. Pra quem se interessou, aqui vai o link da editora e a descri\u00e7\u00e3o do livro: N\u00e3o \u00e9 f\u00e1cil ser mulher nos dias de hoje. Al\u00e9m de buscar um grande amor e um \u00f3timo emprego, temos que estar sempre prontas: cabelo, maquiagem, depila\u00e7\u00e3o, gorduras zero e bom humor. Muito bom humor para lidar com todo tipo de contratempo. A Bonitona Encalhada foi escrito aos poucos, como desabafo, mas se tornou um livro para que as bonitonas se reconhe\u00e7am e percebam que tudo o que vivemos seria tr\u00e1gico, se n\u00e3o fosse c\u00f4mico. Rir das nossas desventuras, pensar sobre as quest\u00f5es que nos afligem e nos identificar com os apertos umas das outras.<\/p>\n","protected":false},"author":1,"featured_media":85760,"comment_status":"open","ping_status":"open","sticky":false,"template":"","format":"standard","meta":{"_uag_custom_page_level_css":"","footnotes":""},"categories":[1],"tags":[2718,822,981,2733,1783],"class_list":["post-28428","post","type-post","status-publish","format-standard","has-post-thumbnail","hentry","category-geral","tag-muoda","tag-o-la-em-casa","tag-padroeiro","tag-vidinha","tag-will-smith"],"uagb_featured_image_src":{"full":["https:\/\/www.2beauty.com.br\/blog\/wp-content\/uploads\/2012\/10\/willsmith.jpg",435,548,false],"thumbnail":["https:\/\/www.2beauty.com.br\/blog\/wp-content\/uploads\/2012\/10\/willsmith-300x250.jpg",300,250,true],"medium":["https:\/\/www.2beauty.com.br\/blog\/wp-content\/uploads\/2012\/10\/willsmith-345x435.jpg",345,435,true],"medium_large":["https:\/\/www.2beauty.com.br\/blog\/wp-content\/uploads\/2012\/10\/willsmith.jpg",435,548,false],"large":["https:\/\/www.2beauty.com.br\/blog\/wp-content\/uploads\/2012\/10\/willsmith.jpg",435,548,false],"1536x1536":["https:\/\/www.2beauty.com.br\/blog\/wp-content\/uploads\/2012\/10\/willsmith.jpg",435,548,false],"2048x2048":["https:\/\/www.2beauty.com.br\/blog\/wp-content\/uploads\/2012\/10\/willsmith.jpg",435,548,false],"ashe-slider-grid-thumbnail":["https:\/\/www.2beauty.com.br\/blog\/wp-content\/uploads\/2012\/10\/willsmith.jpg",429,540,false],"ashe-full-thumbnail":["https:\/\/www.2beauty.com.br\/blog\/wp-content\/uploads\/2012\/10\/willsmith.jpg",435,548,false],"ashe-grid-thumbnail":["https:\/\/www.2beauty.com.br\/blog\/wp-content\/uploads\/2012\/10\/willsmith.jpg",262,330,false],"ashe-list-thumbnail":["https:\/\/www.2beauty.com.br\/blog\/wp-content\/uploads\/2012\/10\/willsmith.jpg",238,300,false],"ashe-single-navigation":["https:\/\/www.2beauty.com.br\/blog\/wp-content\/uploads\/2012\/10\/willsmith.jpg",60,75,false]},"uagb_author_info":{"display_name":"Marina Smith","author_link":"https:\/\/www.2beauty.com.br\/blog\/author\/marinasmith\/"},"uagb_comment_info":124,"uagb_excerpt":"A vota\u00e7\u00e3o foi sucesso e teremos segunda rodada com os bombons da TV e do cinema, porque eu quase apanhei por ter esquecido do Denzel e do Shemar Moore. N\u00e3o se revoltem, gurias! Sexta-feira tem mais chocolate pra todo mundo, ok? E s\u00f3 pra constar, esta \u00e9 a segunda vit\u00f3ria do Will aqui no blog.&hellip;","acf":[],"_links":{"self":[{"href":"https:\/\/www.2beauty.com.br\/blog\/wp-json\/wp\/v2\/posts\/28428","targetHints":{"allow":["GET"]}}],"collection":[{"href":"https:\/\/www.2beauty.com.br\/blog\/wp-json\/wp\/v2\/posts"}],"about":[{"href":"https:\/\/www.2beauty.com.br\/blog\/wp-json\/wp\/v2\/types\/post"}],"author":[{"embeddable":true,"href":"https:\/\/www.2beauty.com.br\/blog\/wp-json\/wp\/v2\/users\/1"}],"replies":[{"embeddable":true,"href":"https:\/\/www.2beauty.com.br\/blog\/wp-json\/wp\/v2\/comments?post=28428"}],"version-history":[{"count":0,"href":"https:\/\/www.2beauty.com.br\/blog\/wp-json\/wp\/v2\/posts\/28428\/revisions"}],"wp:featuredmedia":[{"embeddable":true,"href":"https:\/\/www.2beauty.com.br\/blog\/wp-json\/wp\/v2\/media\/85760"}],"wp:attachment":[{"href":"https:\/\/www.2beauty.com.br\/blog\/wp-json\/wp\/v2\/media?parent=28428"}],"wp:term":[{"taxonomy":"category","embeddable":true,"href":"https:\/\/www.2beauty.com.br\/blog\/wp-json\/wp\/v2\/categories?post=28428"},{"taxonomy":"post_tag","embeddable":true,"href":"https:\/\/www.2beauty.com.br\/blog\/wp-json\/wp\/v2\/tags?post=28428"}],"curies":[{"name":"wp","href":"https:\/\/api.w.org\/{rel}","templated":true}]}}