{"id":27745,"date":"2012-08-27T17:03:23","date_gmt":"2012-08-27T19:03:23","guid":{"rendered":"https:\/\/www.2beauty.com.br\/blog\/?p=27745"},"modified":"2019-02-15T16:12:03","modified_gmt":"2019-02-15T18:12:03","slug":"o-la-em-casa-heath-ledger-2","status":"publish","type":"post","link":"https:\/\/www.2beauty.com.br\/blog\/2012\/08\/o-la-em-casa-heath-ledger-2\/","title":{"rendered":"\u00d4, l\u00e1 em casa&#8230; Heath Ledger"},"content":{"rendered":"<figure id=\"attachment_86115\" aria-describedby=\"caption-attachment-86115\" style=\"width: 580px\" class=\"wp-caption aligncenter\"><a href=\"https:\/\/www.2beauty.com.br\/blog\/wp-content\/uploads\/2017\/05\/hl.jpg\"><img fetchpriority=\"high\" decoding=\"async\" class=\"wp-image-86115\" src=\"https:\/\/www.2beauty.com.br\/blog\/wp-content\/uploads\/2017\/05\/hl-620x413.jpg\" alt=\"\" width=\"580\" height=\"387\" srcset=\"https:\/\/www.2beauty.com.br\/blog\/wp-content\/uploads\/2017\/05\/hl-620x413.jpg 620w, https:\/\/www.2beauty.com.br\/blog\/wp-content\/uploads\/2017\/05\/hl-580x387.jpg 580w, https:\/\/www.2beauty.com.br\/blog\/wp-content\/uploads\/2017\/05\/hl-860x573.jpg 860w, https:\/\/www.2beauty.com.br\/blog\/wp-content\/uploads\/2017\/05\/hl-768x512.jpg 768w, https:\/\/www.2beauty.com.br\/blog\/wp-content\/uploads\/2017\/05\/hl.jpg 900w\" sizes=\"(max-width: 580px) 100vw, 580px\" \/><\/a><figcaption id=\"caption-attachment-86115\" class=\"wp-caption-text\">Foto: Shutterstock.com<\/figcaption><\/figure>\n<p>Ahhh, Heath&#8230; Partiu t\u00e3o cedo :(<\/p>\n<p>Ele fez o melhor Coringa de todos os tempos, mas eu sempre lembro dele como Patrick Verona de &#8220;10 Coisas Que Eu Odeio Em Voc\u00ea&#8221;. Agora deu at\u00e9 vontade fazer uma pipoca light (pessoa de regime sofre) e assistir o filme pela d\u00e9cima quinta vez!<\/p>\n<p>Passaram bem o finde? Eu fui ao Rio para engordar um pouco e ver Maroon 5 ao vivo no s\u00e1bado.<\/p>\n<p style=\"text-align: center;\"><strong><a href=\"https:\/\/www.2beauty.com.br\/blog\/wp-content\/uploads\/2012\/08\/comilanca1.jpg\"><img decoding=\"async\" class=\"alignnone size-full wp-image-27746\" title=\"comilanca1\" src=\"https:\/\/www.2beauty.com.br\/blog\/wp-content\/uploads\/2012\/08\/comilanca1.jpg\" alt=\"\" width=\"290\" height=\"387\" srcset=\"https:\/\/www.2beauty.com.br\/blog\/wp-content\/uploads\/2012\/08\/comilanca1.jpg 290w, https:\/\/www.2beauty.com.br\/blog\/wp-content\/uploads\/2012\/08\/comilanca1-224x300.jpg 224w\" sizes=\"(max-width: 290px) 100vw, 290px\" \/><\/a> <a href=\"https:\/\/www.2beauty.com.br\/blog\/wp-content\/uploads\/2012\/08\/comilanca2.jpg\"><img decoding=\"async\" class=\"alignnone size-full wp-image-27747\" title=\"comilanca2\" src=\"https:\/\/www.2beauty.com.br\/blog\/wp-content\/uploads\/2012\/08\/comilanca2.jpg\" alt=\"\" width=\"290\" height=\"387\" srcset=\"https:\/\/www.2beauty.com.br\/blog\/wp-content\/uploads\/2012\/08\/comilanca2.jpg 290w, https:\/\/www.2beauty.com.br\/blog\/wp-content\/uploads\/2012\/08\/comilanca2-224x300.jpg 224w\" sizes=\"(max-width: 290px) 100vw, 290px\" \/><\/a><\/strong><\/p>\n<p style=\"text-align: center;\"><strong><a href=\"https:\/\/www.2beauty.com.br\/blog\/wp-content\/uploads\/2012\/08\/comilanca3.jpg\"><img loading=\"lazy\" decoding=\"async\" class=\"alignnone size-full wp-image-27748\" title=\"comilanca3\" src=\"https:\/\/www.2beauty.com.br\/blog\/wp-content\/uploads\/2012\/08\/comilanca3.jpg\" alt=\"\" width=\"580\" height=\"435\" srcset=\"https:\/\/www.2beauty.com.br\/blog\/wp-content\/uploads\/2012\/08\/comilanca3.jpg 580w, https:\/\/www.2beauty.com.br\/blog\/wp-content\/uploads\/2012\/08\/comilanca3-300x225.jpg 300w\" sizes=\"(max-width: 580px) 100vw, 580px\" \/><\/a><\/strong><\/p>\n<p style=\"text-align: center;\"><strong>Comilan\u00e7as<\/strong><\/p>\n<p>Comilan\u00e7a super engordativa s\u00f3 rolou na sexta a noite. Chegamos tarde e sentamos pra jantar depois das 23h no Devassa de Ipanema.<\/p>\n<p>Eu tentei me controlar, mas a essa altura a fome era tanta que eu comi de tudo.<\/p>\n<p>Come\u00e7amos com uma por\u00e7\u00e3o de fritas com queijo e bacon, depois eu pedi uma por\u00e7\u00e3o da costelinha de porco com molho barbecue s\u00f3 pra mim e finalizei com esse bolo de chocolate com sorvete e calda que foi repartido entre todos na mesa.<\/p>\n<p>E j\u00e1 que estamos no assunto, rachar sobremesa ou pratos \u00e9 sempre uma boa, porque voc\u00ea n\u00e3o ingere todas as zilh\u00f5es de calorias sozinha e ainda satisfaz a gordinha faceira dentro de voc\u00ea.<\/p>\n<p>Vale dizer que eu senti falta de refrigerante pela primeira vez em muito tempo, porque n\u00e3o tem gra\u00e7a comer gordices e beber \u00e1gua.<\/p>\n<p>Resolvi rapidamente o problema pedindo um Mojito hehehehe<\/p>\n<p>Ganhei 500 gramas depois de tantas coisas gostosas, mas n\u00e3o \u00e9 nada que uma semana puxada na academia e no alface n\u00e3o resolva.<\/p>\n<p style=\"text-align: center;\"><strong><a href=\"https:\/\/www.2beauty.com.br\/blog\/wp-content\/uploads\/2012\/08\/praia1.jpg\"><img loading=\"lazy\" decoding=\"async\" class=\"alignnone size-full wp-image-27749\" title=\"praia1\" src=\"https:\/\/www.2beauty.com.br\/blog\/wp-content\/uploads\/2012\/08\/praia1.jpg\" alt=\"\" width=\"290\" height=\"387\" srcset=\"https:\/\/www.2beauty.com.br\/blog\/wp-content\/uploads\/2012\/08\/praia1.jpg 290w, https:\/\/www.2beauty.com.br\/blog\/wp-content\/uploads\/2012\/08\/praia1-224x300.jpg 224w\" sizes=\"(max-width: 290px) 100vw, 290px\" \/><\/a> <a href=\"https:\/\/www.2beauty.com.br\/blog\/wp-content\/uploads\/2012\/08\/praia2.jpg\"><img loading=\"lazy\" decoding=\"async\" class=\"alignnone size-full wp-image-27750\" title=\"praia2\" src=\"https:\/\/www.2beauty.com.br\/blog\/wp-content\/uploads\/2012\/08\/praia2.jpg\" alt=\"\" width=\"290\" height=\"387\" srcset=\"https:\/\/www.2beauty.com.br\/blog\/wp-content\/uploads\/2012\/08\/praia2.jpg 290w, https:\/\/www.2beauty.com.br\/blog\/wp-content\/uploads\/2012\/08\/praia2-224x300.jpg 224w\" sizes=\"(max-width: 290px) 100vw, 290px\" \/><\/a><\/strong><\/p>\n<p style=\"text-align: center;\"><strong>Praia<\/strong><\/p>\n<p>S\u00e1bado farofamos em Ipanema e eu preenchi minha cota de praia do ano. Acho que n\u00e3o pisava na areia desde 2010, porque eu n\u00e3o sou muito f\u00e3 de sol, calor e mar.<\/p>\n<p>Eu prefiro ambientes controlados, sem areia ou ondas :)<\/p>\n<p>Finalmente experimentei os famosos biscoitos Globo e consegui bater meu recorde de perman\u00eancia na praia: aguentei exatas tr\u00eas horas.<\/p>\n<p>Depois disso, voltei pro hotel pra tomar banho, almo\u00e7ar e dar uma dormidinha b\u00e1sica antes do show.<\/p>\n<p style=\"text-align: center;\"><strong><a href=\"https:\/\/www.2beauty.com.br\/blog\/wp-content\/uploads\/2012\/08\/show1.jpg\"><img loading=\"lazy\" decoding=\"async\" class=\"alignnone size-full wp-image-27751\" title=\"show1\" src=\"https:\/\/www.2beauty.com.br\/blog\/wp-content\/uploads\/2012\/08\/show1.jpg\" alt=\"\" width=\"580\" height=\"435\" srcset=\"https:\/\/www.2beauty.com.br\/blog\/wp-content\/uploads\/2012\/08\/show1.jpg 580w, https:\/\/www.2beauty.com.br\/blog\/wp-content\/uploads\/2012\/08\/show1-300x225.jpg 300w\" sizes=\"(max-width: 580px) 100vw, 580px\" \/><\/a><\/strong><\/p>\n<p style=\"text-align: center;\"><strong><a href=\"https:\/\/www.2beauty.com.br\/blog\/wp-content\/uploads\/2012\/08\/show2.jpg\"><img loading=\"lazy\" decoding=\"async\" class=\"alignnone size-full wp-image-27752\" title=\"show2\" src=\"https:\/\/www.2beauty.com.br\/blog\/wp-content\/uploads\/2012\/08\/show2.jpg\" alt=\"\" width=\"580\" height=\"435\" srcset=\"https:\/\/www.2beauty.com.br\/blog\/wp-content\/uploads\/2012\/08\/show2.jpg 580w, https:\/\/www.2beauty.com.br\/blog\/wp-content\/uploads\/2012\/08\/show2-300x225.jpg 300w\" sizes=\"(max-width: 580px) 100vw, 580px\" \/><\/a><\/strong><\/p>\n<p style=\"text-align: center;\"><strong>Show<\/strong><\/p>\n<p>Mais algu\u00e9m aqui acompanha o programa de tv The Voice?<\/p>\n<p>Depois do show da banda Keane e antes do show da Maroon 5 come\u00e7ar, o Javier Colon (vencedor do 1o The Voice e pupilo do Adam Levine) estava dando umas voltinhas pela entrada da arena e eu aproveitei pra bater uma foto.<\/p>\n<p>E j\u00e1 que mencionei Keane, queria deixar registrado que apresenta\u00e7\u00e3o foi \u00d3TIMA! Abriram pra Maroon 5 e n\u00e3o fizeram feio. Curti tanto quanto o show principal!<\/p>\n<p>E falando em show principal&#8230;<\/p>\n<p>Adam sabe que \u00e9 shooshoo-mor e explorou super bem seu pop\u00f4 e o p\u00fablico feminino que pirou na sua sensualidade. Rebolou m\u00f3\u00f3\u00f3\u00f3\u00f3\u00f3ito, fez altas performances e a arena foi a loucura!<\/p>\n<p>N\u00e3o fiquei pr\u00f3xima ao palco, ent\u00e3o o plano de jogar calcinhas no Adam como se ele fosse Wando n\u00e3o deu certo, infelizmente.<\/p>\n<p style=\"text-align: center;\"><strong><a href=\"https:\/\/www.2beauty.com.br\/blog\/wp-content\/uploads\/2012\/08\/delineador.jpg\"><img loading=\"lazy\" decoding=\"async\" class=\"alignnone size-full wp-image-27753\" title=\"delineador\" src=\"https:\/\/www.2beauty.com.br\/blog\/wp-content\/uploads\/2012\/08\/delineador.jpg\" alt=\"\" width=\"580\" height=\"580\" srcset=\"https:\/\/www.2beauty.com.br\/blog\/wp-content\/uploads\/2012\/08\/delineador.jpg 580w, https:\/\/www.2beauty.com.br\/blog\/wp-content\/uploads\/2012\/08\/delineador-150x150.jpg 150w, https:\/\/www.2beauty.com.br\/blog\/wp-content\/uploads\/2012\/08\/delineador-300x300.jpg 300w\" sizes=\"(max-width: 580px) 100vw, 580px\" \/><\/a><\/strong><\/p>\n<p style=\"text-align: center;\"><strong>Delineador adesivo<br \/>\n<\/strong><\/p>\n<p>Levei pro Rio uma cartelinha de delineador adesivo que recebi semana passada e a id\u00e9ia era usar um dos modelos pro show.<\/p>\n<p>Cheguei a aplicar nos dois olhos, mas tirei antes de sair do hotel, porque as pontinhas da parte de dentro estavam descolando e eu n\u00e3o queria ficar me preocupando durante o show.<\/p>\n<p>Na embalagem diz que isso pode acontecer e que o ideal \u00e9 usar cola de c\u00edlios posti\u00e7os nas pontas pra garantir a fixa\u00e7\u00e3o.<\/p>\n<p>N\u00e3o tinha levado cola comigo, ent\u00e3o desencanei e fui s\u00f3 de r\u00edmel.<\/p>\n<p>Vou tentar novamente essa semana e volto aqui pra contar!<\/p>\n<p style=\"text-align: center;\"><a href=\"https:\/\/www.2beauty.com.br\/blog\/wp-content\/uploads\/2012\/08\/muoda.jpg\"><img loading=\"lazy\" decoding=\"async\" class=\"size-full wp-image-27762 aligncenter\" title=\"muoda\" src=\"https:\/\/www.2beauty.com.br\/blog\/wp-content\/uploads\/2012\/08\/muoda.jpg\" alt=\"\" width=\"580\" height=\"773\" srcset=\"https:\/\/www.2beauty.com.br\/blog\/wp-content\/uploads\/2012\/08\/muoda.jpg 580w, https:\/\/www.2beauty.com.br\/blog\/wp-content\/uploads\/2012\/08\/muoda-225x300.jpg 225w\" sizes=\"(max-width: 580px) 100vw, 580px\" \/><\/a><\/p>\n<p style=\"text-align: center;\"><strong>Mu\u00f3da\/Loka do dia<\/strong><\/p>\n<p>Depois de alguns dias de calor agrad\u00e1vel no Rio, voltei pra casa domingo de manh\u00e3 e a temperatura em Porto Alegre era de m\u00edseros 6 graus. Pra matar!<\/p>\n<p>Hoje est\u00e1 um pouco mais quente, mas a m\u00e1xima prevista \u00e9 de apenas 17 graus.<\/p>\n<p>O tempo t\u00e1 super maluco no sul, porque semana passada era praticamente ver\u00e3o por aqui e a temperatura chegou a bater 30 graus. Povo sa\u00edndo de casa de Havaianas e shorts&#8230; A\u00ed choveu, a temperatura despencou e agora todo mundo t\u00e1 de botas e casaco.<\/p>\n<p>Esse \u00e9 meu modelito do dia: cal\u00e7a Lojas Renner (tamanho 36!! huhuhuhu), botas Lilly&#8217;s Closet da Paquet\u00e1, blus\u00e3o AX e casaco da Forever 21.<\/p>\n","protected":false},"excerpt":{"rendered":"<p>Ahhh, Heath&#8230; Partiu t\u00e3o cedo :( Ele fez o melhor Coringa de todos os tempos, mas eu sempre lembro dele como Patrick Verona de &#8220;10 Coisas Que Eu Odeio Em Voc\u00ea&#8221;. Agora deu at\u00e9 vontade fazer uma pipoca light (pessoa de regime sofre) e assistir o filme pela d\u00e9cima quinta vez! Passaram bem o finde? Eu fui ao Rio para engordar um pouco e ver Maroon 5 ao vivo no s\u00e1bado. Comilan\u00e7as Comilan\u00e7a super engordativa s\u00f3 rolou na sexta a noite. Chegamos tarde e sentamos pra jantar depois das 23h no Devassa de Ipanema. Eu tentei me controlar, mas a essa altura a fome era tanta que eu comi de tudo. Come\u00e7amos com uma por\u00e7\u00e3o de fritas com queijo e bacon, depois eu pedi uma por\u00e7\u00e3o da costelinha de porco com molho barbecue s\u00f3 pra mim e finalizei com esse bolo de chocolate com sorvete e calda que foi repartido entre todos na mesa. E j\u00e1 que estamos no assunto, rachar sobremesa ou pratos \u00e9 sempre uma boa, porque voc\u00ea n\u00e3o ingere todas as zilh\u00f5es de calorias sozinha e ainda satisfaz a gordinha faceira dentro de voc\u00ea. Vale dizer que eu senti falta de refrigerante pela primeira vez em muito tempo, porque n\u00e3o tem gra\u00e7a comer gordices e beber \u00e1gua. Resolvi rapidamente o problema pedindo um Mojito hehehehe Ganhei 500 gramas depois de tantas coisas gostosas, mas n\u00e3o \u00e9 nada que uma semana puxada na academia e no alface n\u00e3o resolva. Praia S\u00e1bado farofamos em Ipanema e eu preenchi minha cota de praia do ano. Acho que n\u00e3o pisava na areia desde 2010, porque eu n\u00e3o sou muito f\u00e3 de sol, calor e mar. Eu prefiro ambientes controlados, sem areia ou ondas :) Finalmente experimentei os famosos biscoitos Globo e consegui bater meu recorde de perman\u00eancia na praia: aguentei exatas tr\u00eas horas. Depois disso, voltei pro hotel pra tomar banho, almo\u00e7ar e dar uma dormidinha b\u00e1sica antes do show. Show Mais algu\u00e9m aqui acompanha o programa de tv The Voice? Depois do show da banda Keane e antes do show da Maroon 5 come\u00e7ar, o Javier Colon (vencedor do 1o The Voice e pupilo do Adam Levine) estava dando umas voltinhas pela entrada da arena e eu aproveitei pra bater uma foto. E j\u00e1 que mencionei Keane, queria deixar registrado que apresenta\u00e7\u00e3o foi \u00d3TIMA! Abriram pra Maroon 5 e n\u00e3o fizeram feio. Curti tanto quanto o show principal! E falando em show principal&#8230; Adam sabe que \u00e9 shooshoo-mor e explorou super bem seu pop\u00f4 e o p\u00fablico feminino que pirou na sua sensualidade. Rebolou m\u00f3\u00f3\u00f3\u00f3\u00f3\u00f3ito, fez altas performances e a arena foi a loucura! N\u00e3o fiquei pr\u00f3xima ao palco, ent\u00e3o o plano de jogar calcinhas no Adam como se ele fosse Wando n\u00e3o deu certo, infelizmente. Delineador adesivo Levei pro Rio uma cartelinha de delineador adesivo que recebi semana passada e a id\u00e9ia era usar um dos modelos pro show. Cheguei a aplicar nos dois olhos, mas tirei antes de sair do hotel, porque as pontinhas da parte de dentro estavam descolando e eu n\u00e3o queria ficar me preocupando durante o show. Na embalagem diz que isso pode acontecer e que o ideal \u00e9 usar cola de c\u00edlios posti\u00e7os nas pontas pra garantir a fixa\u00e7\u00e3o. N\u00e3o tinha levado cola comigo, ent\u00e3o desencanei e fui s\u00f3 de r\u00edmel. Vou tentar novamente essa semana e volto aqui pra contar! Mu\u00f3da\/Loka do dia Depois de alguns dias de calor agrad\u00e1vel no Rio, voltei pra casa domingo de manh\u00e3 e a temperatura em Porto Alegre era de m\u00edseros 6 graus. Pra matar! Hoje est\u00e1 um pouco mais quente, mas a m\u00e1xima prevista \u00e9 de apenas 17 graus. O tempo t\u00e1 super maluco no sul, porque semana passada era praticamente ver\u00e3o por aqui e a temperatura chegou a bater 30 graus. Povo sa\u00edndo de casa de Havaianas e shorts&#8230; A\u00ed choveu, a temperatura despencou e agora todo mundo t\u00e1 de botas e casaco. Esse \u00e9 meu modelito do dia: cal\u00e7a Lojas Renner (tamanho 36!! huhuhuhu), botas Lilly&#8217;s Closet da Paquet\u00e1, blus\u00e3o AX e casaco da Forever 21.<\/p>\n","protected":false},"author":1,"featured_media":86115,"comment_status":"open","ping_status":"open","sticky":false,"template":"","format":"standard","meta":{"_uag_custom_page_level_css":"","footnotes":""},"categories":[1],"tags":[1639,2238,2503,2575,822,2632,2798],"class_list":["post-27745","post","type-post","status-publish","format-standard","has-post-thumbnail","hentry","category-geral","tag-bophes","tag-dieta","tag-heath-ledger","tag-moda","tag-o-la-em-casa","tag-regime","tag-rio-de-janeiro"],"uagb_featured_image_src":{"full":["https:\/\/www.2beauty.com.br\/blog\/wp-content\/uploads\/2017\/05\/hl.jpg",900,600,false],"thumbnail":["https:\/\/www.2beauty.com.br\/blog\/wp-content\/uploads\/2017\/05\/hl-300x250.jpg",300,250,true],"medium":["https:\/\/www.2beauty.com.br\/blog\/wp-content\/uploads\/2017\/05\/hl-580x387.jpg",580,387,true],"medium_large":["https:\/\/www.2beauty.com.br\/blog\/wp-content\/uploads\/2017\/05\/hl-768x512.jpg",768,512,true],"large":["https:\/\/www.2beauty.com.br\/blog\/wp-content\/uploads\/2017\/05\/hl-620x413.jpg",620,413,true],"1536x1536":["https:\/\/www.2beauty.com.br\/blog\/wp-content\/uploads\/2017\/05\/hl.jpg",900,600,false],"2048x2048":["https:\/\/www.2beauty.com.br\/blog\/wp-content\/uploads\/2017\/05\/hl.jpg",900,600,false],"ashe-slider-grid-thumbnail":["https:\/\/www.2beauty.com.br\/blog\/wp-content\/uploads\/2017\/05\/hl.jpg",810,540,false],"ashe-full-thumbnail":["https:\/\/www.2beauty.com.br\/blog\/wp-content\/uploads\/2017\/05\/hl.jpg",900,600,false],"ashe-grid-thumbnail":["https:\/\/www.2beauty.com.br\/blog\/wp-content\/uploads\/2017\/05\/hl.jpg",495,330,false],"ashe-list-thumbnail":["https:\/\/www.2beauty.com.br\/blog\/wp-content\/uploads\/2017\/05\/hl.jpg",300,200,false],"ashe-single-navigation":["https:\/\/www.2beauty.com.br\/blog\/wp-content\/uploads\/2017\/05\/hl.jpg",75,50,false]},"uagb_author_info":{"display_name":"Marina Smith","author_link":"https:\/\/www.2beauty.com.br\/blog\/author\/marinasmith\/"},"uagb_comment_info":121,"uagb_excerpt":"Ahhh, Heath&#8230; Partiu t\u00e3o cedo :( Ele fez o melhor Coringa de todos os tempos, mas eu sempre lembro dele como Patrick Verona de &#8220;10 Coisas Que Eu Odeio Em Voc\u00ea&#8221;. Agora deu at\u00e9 vontade fazer uma pipoca light (pessoa de regime sofre) e assistir o filme pela d\u00e9cima quinta vez! Passaram bem o finde?&hellip;","acf":[],"_links":{"self":[{"href":"https:\/\/www.2beauty.com.br\/blog\/wp-json\/wp\/v2\/posts\/27745","targetHints":{"allow":["GET"]}}],"collection":[{"href":"https:\/\/www.2beauty.com.br\/blog\/wp-json\/wp\/v2\/posts"}],"about":[{"href":"https:\/\/www.2beauty.com.br\/blog\/wp-json\/wp\/v2\/types\/post"}],"author":[{"embeddable":true,"href":"https:\/\/www.2beauty.com.br\/blog\/wp-json\/wp\/v2\/users\/1"}],"replies":[{"embeddable":true,"href":"https:\/\/www.2beauty.com.br\/blog\/wp-json\/wp\/v2\/comments?post=27745"}],"version-history":[{"count":0,"href":"https:\/\/www.2beauty.com.br\/blog\/wp-json\/wp\/v2\/posts\/27745\/revisions"}],"wp:featuredmedia":[{"embeddable":true,"href":"https:\/\/www.2beauty.com.br\/blog\/wp-json\/wp\/v2\/media\/86115"}],"wp:attachment":[{"href":"https:\/\/www.2beauty.com.br\/blog\/wp-json\/wp\/v2\/media?parent=27745"}],"wp:term":[{"taxonomy":"category","embeddable":true,"href":"https:\/\/www.2beauty.com.br\/blog\/wp-json\/wp\/v2\/categories?post=27745"},{"taxonomy":"post_tag","embeddable":true,"href":"https:\/\/www.2beauty.com.br\/blog\/wp-json\/wp\/v2\/tags?post=27745"}],"curies":[{"name":"wp","href":"https:\/\/api.w.org\/{rel}","templated":true}]}}