{"id":24530,"date":"2012-03-28T13:32:56","date_gmt":"2012-03-28T15:32:56","guid":{"rendered":"https:\/\/www.2beauty.com.br\/blog\/?p=24530"},"modified":"2019-02-15T16:12:17","modified_gmt":"2019-02-15T18:12:17","slug":"doente","status":"publish","type":"post","link":"https:\/\/www.2beauty.com.br\/blog\/2012\/03\/doente\/","title":{"rendered":"Doente"},"content":{"rendered":"<p>Oi, gente!<\/p>\n<p>Essa notinha r\u00e1pida \u00e9 s\u00f3 pra avisar que o blog vai ficar parado essa semana, porque estou doente.<\/p>\n<p>Desde segunda, tenho febre que vai e volta e garganta super inflamada.<\/p>\n<p>A situa\u00e7\u00e3o t\u00e1 p\u00e9ssima e d\u00f3i at\u00e9 pra engolir minha pr\u00f3pria saliva.<\/p>\n<p>Espero estar de volta o mais r\u00e1pido poss\u00edvel, ok?<\/p>\n<p>Beijos e at\u00e9 logo!!<\/p>\n","protected":false},"excerpt":{"rendered":"<p>Oi, gente! Essa notinha r\u00e1pida \u00e9 s\u00f3 pra avisar que o blog vai ficar parado essa semana, porque estou doente. Desde segunda, tenho febre que vai e volta e garganta super inflamada. A situa\u00e7\u00e3o t\u00e1 p\u00e9ssima e d\u00f3i at\u00e9 pra engolir minha pr\u00f3pria saliva. Espero estar de volta o mais r\u00e1pido poss\u00edvel, ok? Beijos e at\u00e9 logo!!<\/p>\n","protected":false},"author":1,"featured_media":0,"comment_status":"open","ping_status":"open","sticky":false,"template":"","format":"standard","meta":{"_uag_custom_page_level_css":"","footnotes":""},"categories":[1],"tags":[2596,2595,4086],"class_list":["post-24530","post","type-post","status-publish","format-standard","hentry","category-geral","tag-ausencia","tag-doente","tag-geral"],"uagb_featured_image_src":{"full":false,"thumbnail":false,"medium":false,"medium_large":false,"large":false,"1536x1536":false,"2048x2048":false,"ashe-slider-grid-thumbnail":false,"ashe-full-thumbnail":false,"ashe-grid-thumbnail":false,"ashe-list-thumbnail":false,"ashe-single-navigation":false},"uagb_author_info":{"display_name":"Marina Smith","author_link":"https:\/\/www.2beauty.com.br\/blog\/author\/marinasmith\/"},"uagb_comment_info":316,"uagb_excerpt":"Oi, gente! Essa notinha r\u00e1pida \u00e9 s\u00f3 pra avisar que o blog vai ficar parado essa semana, porque estou doente. Desde segunda, tenho febre que vai e volta e garganta super inflamada. A situa\u00e7\u00e3o t\u00e1 p\u00e9ssima e d\u00f3i at\u00e9 pra engolir minha pr\u00f3pria saliva. Espero estar de volta o mais r\u00e1pido poss\u00edvel, ok? Beijos e&hellip;","acf":[],"_links":{"self":[{"href":"https:\/\/www.2beauty.com.br\/blog\/wp-json\/wp\/v2\/posts\/24530","targetHints":{"allow":["GET"]}}],"collection":[{"href":"https:\/\/www.2beauty.com.br\/blog\/wp-json\/wp\/v2\/posts"}],"about":[{"href":"https:\/\/www.2beauty.com.br\/blog\/wp-json\/wp\/v2\/types\/post"}],"author":[{"embeddable":true,"href":"https:\/\/www.2beauty.com.br\/blog\/wp-json\/wp\/v2\/users\/1"}],"replies":[{"embeddable":true,"href":"https:\/\/www.2beauty.com.br\/blog\/wp-json\/wp\/v2\/comments?post=24530"}],"version-history":[{"count":0,"href":"https:\/\/www.2beauty.com.br\/blog\/wp-json\/wp\/v2\/posts\/24530\/revisions"}],"wp:attachment":[{"href":"https:\/\/www.2beauty.com.br\/blog\/wp-json\/wp\/v2\/media?parent=24530"}],"wp:term":[{"taxonomy":"category","embeddable":true,"href":"https:\/\/www.2beauty.com.br\/blog\/wp-json\/wp\/v2\/categories?post=24530"},{"taxonomy":"post_tag","embeddable":true,"href":"https:\/\/www.2beauty.com.br\/blog\/wp-json\/wp\/v2\/tags?post=24530"}],"curies":[{"name":"wp","href":"https:\/\/api.w.org\/{rel}","templated":true}]}}