{"id":23041,"date":"2012-01-13T19:00:35","date_gmt":"2012-01-13T21:00:35","guid":{"rendered":"https:\/\/www.2beauty.com.br\/blog\/?p=23041"},"modified":"2012-01-13T19:00:35","modified_gmt":"2012-01-13T21:00:35","slug":"tutorial-moca-phyna","status":"publish","type":"post","link":"https:\/\/www.2beauty.com.br\/blog\/2012\/01\/tutorial-moca-phyna\/","title":{"rendered":"Tutorial: Mo\u00e7a phyna"},"content":{"rendered":"<p style=\"text-align: center;\"><strong><a href=\"https:\/\/www.2beauty.com.br\/blog\/wp-content\/uploads\/2012\/01\/tuto2b.jpg\"><img fetchpriority=\"high\" decoding=\"async\" class=\"alignnone size-full wp-image-23042\" title=\"tuto2b\" src=\"https:\/\/www.2beauty.com.br\/blog\/wp-content\/uploads\/2012\/01\/tuto2b.jpg\" alt=\"\" width=\"580\" height=\"435\" \/><\/a><\/strong><\/p>\n<p>Ontem eu estava pensando em fazer mais um make colorid\u00e3o, s\u00f3 que hoje acordei com vontade de me sentir filha de emergente da Fina Estampa p\u00f3s-makeover, ent\u00e3o montei um olho com tons neutros na parte de cima e um verdinho amigo na linha dos c\u00edlios inferiores.<br \/>\nD\u00e1 pra adaptar pra todo tipo de ocasi\u00e3o, basta trocar o verde por azul ou roxo ou o que voc\u00ea bem entender.<br \/>\nO cabelo era pra ter um cucuruto mais alto e tals (que eu acho total sin\u00f4nimo de riqueza) e pra variar, acabei falhando em todos os sentidos durante a prepara\u00e7\u00e3o do picum\u00e3.<br \/>\n\u00c9 a vida!<br \/>\n<strong>Confere:<\/strong><br \/>\n<a href=\"https:\/\/juliapetit.com.br\/beleza\/neutro-com-um-pouco-de-cor\/\" target=\"_blank\">https:\/\/juliapetit.com.br\/beleza\/neutro-com-um-pouco-de-cor\/<\/a><\/p>\n<p style=\"text-align: center;\"><strong><a href=\"https:\/\/www.2beauty.com.br\/blog\/wp-content\/uploads\/2012\/01\/roupa1.jpg\"><img decoding=\"async\" class=\"alignnone size-full wp-image-23043\" title=\"roupa1\" src=\"https:\/\/www.2beauty.com.br\/blog\/wp-content\/uploads\/2012\/01\/roupa1.jpg\" alt=\"\" width=\"435\" height=\"580\" srcset=\"https:\/\/www.2beauty.com.br\/blog\/wp-content\/uploads\/2012\/01\/roupa1.jpg 435w, https:\/\/www.2beauty.com.br\/blog\/wp-content\/uploads\/2012\/01\/roupa1-225x300.jpg 225w\" sizes=\"(max-width: 435px) 100vw, 435px\" \/><\/a><\/strong><\/p>\n<p style=\"text-align: center;\"><strong>Pose &#8220;constrangimento&#8221; com flash<br \/>\n<\/strong><\/p>\n<p>Pra combinar com o sentimento de riqueza espiritual, o modelito do dia tem saia preta de tule com cintura alta e uma camisa preta meio transparente que tem uns frufrus na \u00e1rea peitoral.<br \/>\nAcho CHIQUE!<\/p>\n<p style=\"text-align: center;\"><strong><a href=\"https:\/\/www.2beauty.com.br\/blog\/wp-content\/uploads\/2012\/01\/roupa2.jpg\"><img decoding=\"async\" class=\"alignnone size-full wp-image-23044\" title=\"roupa2\" src=\"https:\/\/www.2beauty.com.br\/blog\/wp-content\/uploads\/2012\/01\/roupa2.jpg\" alt=\"\" width=\"435\" height=\"580\" srcset=\"https:\/\/www.2beauty.com.br\/blog\/wp-content\/uploads\/2012\/01\/roupa2.jpg 435w, https:\/\/www.2beauty.com.br\/blog\/wp-content\/uploads\/2012\/01\/roupa2-225x300.jpg 225w\" sizes=\"(max-width: 435px) 100vw, 435px\" \/><\/a><\/strong><\/p>\n<p style=\"text-align: center;\"><strong>Pose &#8220;constrangimento v2&#8221; sem flash<br \/>\n<\/strong><\/p>\n<p>Estou tentando bater fotos melhores para a <em>produci\u00f3n f\u00e9xion<\/em> das sextas-feiras, ent\u00e3o me digam se esse cantinho do quarto de visitas t\u00e1 legal, se n\u00e3o bateu saudade da minha cama bagun\u00e7ada e se as poses n\u00e3o est\u00e3o causando vergonha alheia em voc\u00eas.<br \/>\n<strong>Grata :)<\/strong><br \/>\nE n\u00e3o esque\u00e7am que hoje tem chat sobre a estr\u00e9ia de Por um Fio na p\u00e1gina do GNT no Facebook (<a href=\"https:\/\/www.2beauty.com.br\/blog\/2012\/01\/13\/publi-segunda-temporada-de-por-um-fio-estreia-dia-13-de-janeiro\/\" target=\"_blank\">info aqui<\/a>). J\u00e1 comprei minha garrafa de vinho branco pra embalar o bate-papo e o resto da minha <em>night<\/em>&#8230; hehehe<br \/>\n&#8211; &#8211; &#8211; &#8211;<br \/>\n<strong>Outras notinhas 2Beauty no Petiscos:<\/strong><\/p>\n<ul>\n<li>Inspira\u00e7\u00f5es do People&#8217;s Choice Awards: <a href=\"https:\/\/juliapetit.com.br\/beleza\/inpiracoes\/\" target=\"_blank\">https:\/\/juliapetit.com.br\/beleza\/inpiracoes\/<\/a><\/li>\n<li>Linha de posti\u00e7os da Katy Perry: <a href=\"https:\/\/juliapetit.com.br\/beleza\/ta-com-tudo\/\" target=\"_blank\">https:\/\/juliapetit.com.br\/beleza\/ta-com-tudo\/<\/a><\/li>\n<li>Makes Ladur\u00e9e: <a href=\"https:\/\/juliapetit.com.br\/beleza\/laduree\/\" target=\"_blank\">https:\/\/juliapetit.com.br\/beleza\/laduree\/<\/a><\/li>\n<li>Nicole Richei n\u00e3o sabe se maquiar, acredita?: <a href=\"https:\/\/juliapetit.com.br\/beleza\/ajudinha-3\/\" target=\"_blank\">https:\/\/juliapetit.com.br\/beleza\/ajudinha-3\/<\/a><\/li>\n<\/ul>\n<p><strong>Bom final de semana! :)<\/strong><br \/>\n<strong><br \/>\n<\/strong><br \/>\n.<br \/>\n<iframe src=\"https:\/\/pit.frugar.com.br\/widget\/0_2\/2beauty_25639153.html\" width=\"560\" height=\"320\" scrolling=\"no\" title=\"me-sentindo-phyna\" frameborder=\"0\"><\/iframe><\/p>\n","protected":false},"excerpt":{"rendered":"<p>Ontem eu estava pensando em fazer mais um make colorid\u00e3o, s\u00f3 que hoje acordei com vontade de me sentir filha de emergente da Fina Estampa p\u00f3s-makeover, ent\u00e3o montei um olho com tons neutros na parte de cima e um verdinho amigo na linha dos c\u00edlios inferiores. D\u00e1 pra adaptar pra todo tipo de ocasi\u00e3o, basta trocar o verde por azul ou roxo ou o que voc\u00ea bem entender. O cabelo era pra ter um cucuruto mais alto e tals (que eu acho total sin\u00f4nimo de riqueza) e pra variar, acabei falhando em todos os sentidos durante a prepara\u00e7\u00e3o do picum\u00e3. \u00c9 a vida! Confere: https:\/\/juliapetit.com.br\/beleza\/neutro-com-um-pouco-de-cor\/ Pose &#8220;constrangimento&#8221; com flash Pra combinar com o sentimento de riqueza espiritual, o modelito do dia tem saia preta de tule com cintura alta e uma camisa preta meio transparente que tem uns frufrus na \u00e1rea peitoral. Acho CHIQUE! Pose &#8220;constrangimento v2&#8221; sem flash Estou tentando bater fotos melhores para a produci\u00f3n f\u00e9xion das sextas-feiras, ent\u00e3o me digam se esse cantinho do quarto de visitas t\u00e1 legal, se n\u00e3o bateu saudade da minha cama bagun\u00e7ada e se as poses n\u00e3o est\u00e3o causando vergonha alheia em voc\u00eas. Grata :) E n\u00e3o esque\u00e7am que hoje tem chat sobre a estr\u00e9ia de Por um Fio na p\u00e1gina do GNT no Facebook (info aqui). J\u00e1 comprei minha garrafa de vinho branco pra embalar o bate-papo e o resto da minha night&#8230; hehehe &#8211; &#8211; &#8211; &#8211; Outras notinhas 2Beauty no Petiscos: Inspira\u00e7\u00f5es do People&#8217;s Choice Awards: https:\/\/juliapetit.com.br\/beleza\/inpiracoes\/ Linha de posti\u00e7os da Katy Perry: https:\/\/juliapetit.com.br\/beleza\/ta-com-tudo\/ Makes Ladur\u00e9e: https:\/\/juliapetit.com.br\/beleza\/laduree\/ Nicole Richei n\u00e3o sabe se maquiar, acredita?: https:\/\/juliapetit.com.br\/beleza\/ajudinha-3\/ Bom final de semana! :) .<\/p>\n","protected":false},"author":1,"featured_media":0,"comment_status":"open","ping_status":"open","sticky":false,"template":"","format":"standard","meta":{"_uag_custom_page_level_css":"","footnotes":""},"categories":[135],"tags":[4088,4100,4136,413,347,346,307,4106],"class_list":["post-23041","post","type-post","status-publish","format-standard","hentry","category-tutoriais","tag-maquiagem","tag-marrom","tag-olhos","tag-passo-a-passo","tag-petiscos","tag-tutorial","tag-urban-decay","tag-verde"],"uagb_featured_image_src":{"full":false,"thumbnail":false,"medium":false,"medium_large":false,"large":false,"1536x1536":false,"2048x2048":false,"ashe-slider-grid-thumbnail":false,"ashe-full-thumbnail":false,"ashe-grid-thumbnail":false,"ashe-list-thumbnail":false,"ashe-single-navigation":false},"uagb_author_info":{"display_name":"Marina Smith","author_link":"https:\/\/www.2beauty.com.br\/blog\/author\/marinasmith\/"},"uagb_comment_info":111,"uagb_excerpt":"Ontem eu estava pensando em fazer mais um make colorid\u00e3o, s\u00f3 que hoje acordei com vontade de me sentir filha de emergente da Fina Estampa p\u00f3s-makeover, ent\u00e3o montei um olho com tons neutros na parte de cima e um verdinho amigo na linha dos c\u00edlios inferiores. D\u00e1 pra adaptar pra todo tipo de ocasi\u00e3o, basta&hellip;","acf":[],"_links":{"self":[{"href":"https:\/\/www.2beauty.com.br\/blog\/wp-json\/wp\/v2\/posts\/23041","targetHints":{"allow":["GET"]}}],"collection":[{"href":"https:\/\/www.2beauty.com.br\/blog\/wp-json\/wp\/v2\/posts"}],"about":[{"href":"https:\/\/www.2beauty.com.br\/blog\/wp-json\/wp\/v2\/types\/post"}],"author":[{"embeddable":true,"href":"https:\/\/www.2beauty.com.br\/blog\/wp-json\/wp\/v2\/users\/1"}],"replies":[{"embeddable":true,"href":"https:\/\/www.2beauty.com.br\/blog\/wp-json\/wp\/v2\/comments?post=23041"}],"version-history":[{"count":0,"href":"https:\/\/www.2beauty.com.br\/blog\/wp-json\/wp\/v2\/posts\/23041\/revisions"}],"wp:attachment":[{"href":"https:\/\/www.2beauty.com.br\/blog\/wp-json\/wp\/v2\/media?parent=23041"}],"wp:term":[{"taxonomy":"category","embeddable":true,"href":"https:\/\/www.2beauty.com.br\/blog\/wp-json\/wp\/v2\/categories?post=23041"},{"taxonomy":"post_tag","embeddable":true,"href":"https:\/\/www.2beauty.com.br\/blog\/wp-json\/wp\/v2\/tags?post=23041"}],"curies":[{"name":"wp","href":"https:\/\/api.w.org\/{rel}","templated":true}]}}