{"id":23026,"date":"2012-01-12T15:45:12","date_gmt":"2012-01-12T17:45:12","guid":{"rendered":"https:\/\/www.2beauty.com.br\/blog\/?p=23026"},"modified":"2019-02-15T16:12:23","modified_gmt":"2019-02-15T18:12:23","slug":"amostrinhas-duo-de-sombra-grafite-preto-fosco-dailus","status":"publish","type":"post","link":"https:\/\/www.2beauty.com.br\/blog\/2012\/01\/amostrinhas-duo-de-sombra-grafite-preto-fosco-dailus\/","title":{"rendered":"Amostrinhas: Duo de Sombra Grafite \u2013 Preto Fosco Dailus"},"content":{"rendered":"<p style=\"text-align: center;\"><strong><a href=\"https:\/\/www.2beauty.com.br\/blog\/wp-content\/uploads\/2012\/01\/dailus11.jpg\"><img fetchpriority=\"high\" decoding=\"async\" class=\"alignnone size-full wp-image-23027\" title=\"dailus1\" alt=\"\" src=\"https:\/\/www.2beauty.com.br\/blog\/wp-content\/uploads\/2012\/01\/dailus11.jpg\" width=\"580\" height=\"435\" \/><\/a><\/strong><\/p>\n<p style=\"text-align: center;\"><strong><a href=\"https:\/\/www.2beauty.com.br\/blog\/wp-content\/uploads\/2012\/01\/dailus21.jpg\"><img decoding=\"async\" class=\"alignnone size-full wp-image-23028\" title=\"dailus2\" alt=\"\" src=\"https:\/\/www.2beauty.com.br\/blog\/wp-content\/uploads\/2012\/01\/dailus21.jpg\" width=\"580\" height=\"435\" srcset=\"https:\/\/www.2beauty.com.br\/blog\/wp-content\/uploads\/2012\/01\/dailus21.jpg 580w, https:\/\/www.2beauty.com.br\/blog\/wp-content\/uploads\/2012\/01\/dailus21-300x225.jpg 300w\" sizes=\"(max-width: 580px) 100vw, 580px\" \/><\/a><\/strong><\/p>\n<p style=\"text-align: center;\"><strong>Duo de Sombra Grafite \u2013 Preto Fosco Dailus<\/strong><\/p>\n<p>Post rapidinho pra mostrar o outro duo da Dailus! Fiz make pra ir pro trabalho usando as duas cores e bati as fotos do mesmo jeito das do post sobre o duo marrom (<a href=\"https:\/\/www.2beauty.com.br\/blog\/2012\/01\/11\/primeiras-impressoes-duo-de-sombra-cafe-marrom-opaco-dailus\/\" target=\"_blank\">clica aqui pra ver<\/a>).<\/p>\n<p>N\u00e3o vou comentar sobre fixa\u00e7\u00e3o, textura e tals, porque fora as cores diferentes, ambos os duos tem as mesmas caracter\u00edsticas.<\/p>\n<p><strong>Resumindo pra quem t\u00e1 com pregui\u00e7a de ler o post anterior:<\/strong><\/p>\n<blockquote><p>A pigmenta\u00e7\u00e3o \u00e9 ok, as sombras n\u00e3o esfarelam, a embalagem e o aplicador s\u00e3o beeem mais ou menos e a fixa\u00e7\u00e3o n\u00e3o \u00e9 incr\u00edvel (sem primer), mas o pre\u00e7o \u00e9 amigo.<\/p><\/blockquote>\n<p style=\"text-align: center;\"><strong><a href=\"https:\/\/www.2beauty.com.br\/blog\/wp-content\/uploads\/2012\/01\/dailus31.jpg\"><img decoding=\"async\" class=\"alignnone size-full wp-image-23029\" title=\"dailus3\" alt=\"\" src=\"https:\/\/www.2beauty.com.br\/blog\/wp-content\/uploads\/2012\/01\/dailus31.jpg\" width=\"580\" height=\"435\" srcset=\"https:\/\/www.2beauty.com.br\/blog\/wp-content\/uploads\/2012\/01\/dailus31.jpg 580w, https:\/\/www.2beauty.com.br\/blog\/wp-content\/uploads\/2012\/01\/dailus31-300x225.jpg 300w\" sizes=\"(max-width: 580px) 100vw, 580px\" \/><\/a><\/strong><\/p>\n<p style=\"text-align: center;\"><strong>Close-Up<\/strong><\/p>\n<p>O nome do duo \u00e9 &#8220;Grafite &#8211; Preto Fosco&#8221;, s\u00f3 que a cor mais clara passa loooonge do que eu considero &#8220;grafite&#8221;.<\/p>\n<p>Pra mim, \u00e9 um tom de prata m\u00e9dio.<\/p>\n<p>O preto fosco n\u00e3o \u00e9 o preto mais pretoo que eu j\u00e1 vi na minha vida, mas quebra o galho.<\/p>\n<p>Sem primer ou base escurinha, ele fica com jeit\u00e3o de fum\u00ea na minha p\u00e1lpebra.<\/p>\n<p style=\"text-align: center;\"><strong><a href=\"https:\/\/www.2beauty.com.br\/blog\/wp-content\/uploads\/2012\/01\/dailus41.jpg\"><img loading=\"lazy\" decoding=\"async\" class=\"alignnone size-full wp-image-23030\" title=\"dailus4\" alt=\"\" src=\"https:\/\/www.2beauty.com.br\/blog\/wp-content\/uploads\/2012\/01\/dailus41.jpg\" width=\"300\" height=\"250\" \/><\/a> <a href=\"https:\/\/www.2beauty.com.br\/blog\/wp-content\/uploads\/2012\/01\/dailus51.jpg\"><img loading=\"lazy\" decoding=\"async\" class=\"alignnone size-full wp-image-23031\" title=\"dailus5\" alt=\"\" src=\"https:\/\/www.2beauty.com.br\/blog\/wp-content\/uploads\/2012\/01\/dailus51.jpg\" width=\"300\" height=\"250\" \/><\/a><\/strong><\/p>\n<p style=\"text-align: center;\"><strong>Amostrinhas com e sem flash<\/strong><\/p>\n<p>Me lembrou muuuuito aquele <a href=\"https:\/\/www.2beauty.com.br\/blog\/2010\/03\/23\/um-tributo-a-sombra-barateeenha\/\" target=\"_blank\">duo preto e prata da Vult<\/a>, que tamb\u00e9m \u00e9 uma op\u00e7\u00e3o super bacana de sombra mais acess\u00edvel.<\/p>\n<p>Se voc\u00ea usar um primer ou caprichar no l\u00e1pis preto, d\u00e1 pra compor um look mais dram\u00e1tico\/festivo sem problemas.<\/p>\n<p style=\"text-align: center;\"><strong><a href=\"https:\/\/www.2beauty.com.br\/blog\/wp-content\/uploads\/2012\/01\/dailus61.jpg\"><img loading=\"lazy\" decoding=\"async\" class=\"alignnone size-full wp-image-23032\" title=\"dailus6\" alt=\"\" src=\"https:\/\/www.2beauty.com.br\/blog\/wp-content\/uploads\/2012\/01\/dailus61.jpg\" width=\"300\" height=\"250\" \/><\/a> <a href=\"https:\/\/www.2beauty.com.br\/blog\/wp-content\/uploads\/2012\/01\/dailus71.jpg\"><img loading=\"lazy\" decoding=\"async\" class=\"alignnone size-full wp-image-23033\" title=\"dailus7\" alt=\"\" src=\"https:\/\/www.2beauty.com.br\/blog\/wp-content\/uploads\/2012\/01\/dailus71.jpg\" width=\"300\" height=\"250\" \/><\/a><br \/>\nMake com o duo (sem primer)<\/strong><\/p>\n<p>Aqui v\u00e3o mais algumas op\u00e7\u00f5es de duos de v\u00e1rias marcas:<br \/>\n.<br \/>\n<iframe title=\"duosdesombra\" src=\"https:\/\/pit.frugar.com.br\/widget\/0_2\/2beauty_25639128.html\" height=\"320\" width=\"560\" frameborder=\"0\" scrolling=\"no\"><\/iframe><\/p>\n","protected":false},"excerpt":{"rendered":"<p>Duo de Sombra Grafite \u2013 Preto Fosco Dailus Post rapidinho pra mostrar o outro duo da Dailus! Fiz make pra ir pro trabalho usando as duas cores e bati as fotos do mesmo jeito das do post sobre o duo marrom (clica aqui pra ver). N\u00e3o vou comentar sobre fixa\u00e7\u00e3o, textura e tals, porque fora as cores diferentes, ambos os duos tem as mesmas caracter\u00edsticas. Resumindo pra quem t\u00e1 com pregui\u00e7a de ler o post anterior: A pigmenta\u00e7\u00e3o \u00e9 ok, as sombras n\u00e3o esfarelam, a embalagem e o aplicador s\u00e3o beeem mais ou menos e a fixa\u00e7\u00e3o n\u00e3o \u00e9 incr\u00edvel (sem primer), mas o pre\u00e7o \u00e9 amigo. Close-Up O nome do duo \u00e9 &#8220;Grafite &#8211; Preto Fosco&#8221;, s\u00f3 que a cor mais clara passa loooonge do que eu considero &#8220;grafite&#8221;. Pra mim, \u00e9 um tom de prata m\u00e9dio. O preto fosco n\u00e3o \u00e9 o preto mais pretoo que eu j\u00e1 vi na minha vida, mas quebra o galho. Sem primer ou base escurinha, ele fica com jeit\u00e3o de fum\u00ea na minha p\u00e1lpebra. Amostrinhas com e sem flash Me lembrou muuuuito aquele duo preto e prata da Vult, que tamb\u00e9m \u00e9 uma op\u00e7\u00e3o super bacana de sombra mais acess\u00edvel. Se voc\u00ea usar um primer ou caprichar no l\u00e1pis preto, d\u00e1 pra compor um look mais dram\u00e1tico\/festivo sem problemas. Make com o duo (sem primer) Aqui v\u00e3o mais algumas op\u00e7\u00f5es de duos de v\u00e1rias marcas: .<\/p>\n","protected":false},"author":1,"featured_media":0,"comment_status":"open","ping_status":"open","sticky":false,"template":"","format":"standard","meta":{"_uag_custom_page_level_css":"","footnotes":""},"categories":[84],"tags":[2492,2494,4097,2498,4126],"class_list":["post-23026","post","type-post","status-publish","format-standard","hentry","category-maquiagem","tag-dailus","tag-duo-de-sombra","tag-grafite","tag-preto-fosco","tag-sombras"],"uagb_featured_image_src":{"full":false,"thumbnail":false,"medium":false,"medium_large":false,"large":false,"1536x1536":false,"2048x2048":false,"ashe-slider-grid-thumbnail":false,"ashe-full-thumbnail":false,"ashe-grid-thumbnail":false,"ashe-list-thumbnail":false,"ashe-single-navigation":false},"uagb_author_info":{"display_name":"Marina Smith","author_link":"https:\/\/www.2beauty.com.br\/blog\/author\/marinasmith\/"},"uagb_comment_info":37,"uagb_excerpt":"Duo de Sombra Grafite \u2013 Preto Fosco Dailus Post rapidinho pra mostrar o outro duo da Dailus! Fiz make pra ir pro trabalho usando as duas cores e bati as fotos do mesmo jeito das do post sobre o duo marrom (clica aqui pra ver). N\u00e3o vou comentar sobre fixa\u00e7\u00e3o, textura e tals, porque fora&hellip;","acf":[],"_links":{"self":[{"href":"https:\/\/www.2beauty.com.br\/blog\/wp-json\/wp\/v2\/posts\/23026","targetHints":{"allow":["GET"]}}],"collection":[{"href":"https:\/\/www.2beauty.com.br\/blog\/wp-json\/wp\/v2\/posts"}],"about":[{"href":"https:\/\/www.2beauty.com.br\/blog\/wp-json\/wp\/v2\/types\/post"}],"author":[{"embeddable":true,"href":"https:\/\/www.2beauty.com.br\/blog\/wp-json\/wp\/v2\/users\/1"}],"replies":[{"embeddable":true,"href":"https:\/\/www.2beauty.com.br\/blog\/wp-json\/wp\/v2\/comments?post=23026"}],"version-history":[{"count":0,"href":"https:\/\/www.2beauty.com.br\/blog\/wp-json\/wp\/v2\/posts\/23026\/revisions"}],"wp:attachment":[{"href":"https:\/\/www.2beauty.com.br\/blog\/wp-json\/wp\/v2\/media?parent=23026"}],"wp:term":[{"taxonomy":"category","embeddable":true,"href":"https:\/\/www.2beauty.com.br\/blog\/wp-json\/wp\/v2\/categories?post=23026"},{"taxonomy":"post_tag","embeddable":true,"href":"https:\/\/www.2beauty.com.br\/blog\/wp-json\/wp\/v2\/tags?post=23026"}],"curies":[{"name":"wp","href":"https:\/\/api.w.org\/{rel}","templated":true}]}}