{"id":23004,"date":"2012-01-13T10:00:28","date_gmt":"2012-01-13T12:00:28","guid":{"rendered":"https:\/\/www.2beauty.com.br\/blog\/?p=23004"},"modified":"2019-02-15T16:12:23","modified_gmt":"2019-02-15T18:12:23","slug":"publi-segunda-temporada-de-por-um-fio-estreia-dia-13-de-janeiro","status":"publish","type":"post","link":"https:\/\/www.2beauty.com.br\/blog\/2012\/01\/publi-segunda-temporada-de-por-um-fio-estreia-dia-13-de-janeiro\/","title":{"rendered":"Publi: Segunda Temporada de &#8220;Por um Fio&#8221; Estr\u00e9ia Dia 13 de Janeiro"},"content":{"rendered":"<p style=\"text-align: center;\"><a href=\"https:\/\/www.2beauty.com.br\/blog\/wp-content\/uploads\/2012\/01\/795_725.jpg\"><img fetchpriority=\"high\" decoding=\"async\" class=\"size-full wp-image-23005 aligncenter\" title=\"795_725\" alt=\"\" src=\"https:\/\/www.2beauty.com.br\/blog\/wp-content\/uploads\/2012\/01\/795_725.jpg\" width=\"500\" height=\"456\" srcset=\"https:\/\/www.2beauty.com.br\/blog\/wp-content\/uploads\/2012\/01\/795_725.jpg 500w, https:\/\/www.2beauty.com.br\/blog\/wp-content\/uploads\/2012\/01\/795_725-476x435.jpg 476w\" sizes=\"(max-width: 500px) 100vw, 500px\" \/><\/a><\/p>\n<p>O reality do GNT dedicado a cortes e penteados de picum\u00e3s foi bem legal e vai voltar para mais um round logo, logo.<\/p>\n<p><strong>Nessa sexta-feira (13 de janeiro), \u00e0s 22h30min, estr\u00e9ia a segunda temporada de Por um Fio.<\/strong><\/p>\n<p>Juliana Paes continua comandando o programa e assim como na temporada exibida em 2010, Por um Fio reunir\u00e1 12 cabeleireiros que competir\u00e3o semana ap\u00f3s semana em provas de cria\u00e7\u00e3o, composi\u00e7\u00e3o de looks, etc.<\/p>\n<p>O primeiro epis\u00f3dio da temporada falar\u00e1 sobre tran\u00e7as e <strong>vai rolar um chat comigo durante a transmiss\u00e3o do programa<\/strong> :)<\/p>\n<blockquote><p>Se voc\u00ea quiser fofocar comigo sobre o modelito da Ju Paes, elogiar penteados ou gongar picum\u00e3 que ficou u\u00f3h na prova e falar e comentar sobre o programa em geral, \u00e9 s\u00f3 entrar na fanpage do GNT (<a href=\"https:\/\/www.facebook.com\/canalgnt\" target=\"_blank\">facebook.com\/canalgnt<\/a>) dia 13, a partir das 22h15min.<\/p><\/blockquote>\n<p style=\"text-align: center;\"><a href=\"https:\/\/www.2beauty.com.br\/blog\/wp-content\/uploads\/2012\/01\/2.jpg\"><img decoding=\"async\" class=\"alignnone size-full wp-image-23006\" title=\"2\" alt=\"\" src=\"https:\/\/www.2beauty.com.br\/blog\/wp-content\/uploads\/2012\/01\/2.jpg\" width=\"580\" height=\"387\" srcset=\"https:\/\/www.2beauty.com.br\/blog\/wp-content\/uploads\/2012\/01\/2.jpg 580w, https:\/\/www.2beauty.com.br\/blog\/wp-content\/uploads\/2012\/01\/2-300x200.jpg 300w\" sizes=\"(max-width: 580px) 100vw, 580px\" \/><\/a><\/p>\n<p style=\"text-align: center;\"><a href=\"https:\/\/www.2beauty.com.br\/blog\/wp-content\/uploads\/2012\/01\/IMG_3477.jpg\"><img decoding=\"async\" class=\"alignnone size-full wp-image-23007\" title=\"IMG_3477\" alt=\"\" src=\"https:\/\/www.2beauty.com.br\/blog\/wp-content\/uploads\/2012\/01\/IMG_3477.jpg\" width=\"580\" height=\"387\" srcset=\"https:\/\/www.2beauty.com.br\/blog\/wp-content\/uploads\/2012\/01\/IMG_3477.jpg 580w, https:\/\/www.2beauty.com.br\/blog\/wp-content\/uploads\/2012\/01\/IMG_3477-300x200.jpg 300w\" sizes=\"(max-width: 580px) 100vw, 580px\" \/><\/a><\/p>\n<p>* Imagens de Adalberto de Melo Pygmeu<\/p>\n<p>E se voc\u00ea n\u00e3o tiver GNT no seu pacote de TV a cabo, n\u00e3o tem problema! L\u00e1 no Facebook, o sinal da TV estar\u00e1 liberado. Ou seja: mesmo quem n\u00e3o tem GNT poder\u00e1 assistir ao programa comigo.<\/p>\n<p><strong>Nos vemos hoje a noite, combinado?<\/strong><\/p>\n<blockquote><p>Epis\u00f3dio novos de Por um Fio s\u00e3o apresentandos no canal GNT toda sexta, \u00e0s 22h30.<\/p>\n<p>Hor\u00e1rios alternativos: s\u00e1bado, 22h; segunda, 14h30; e sexta, 19h30.<\/p><\/blockquote>\n","protected":false},"excerpt":{"rendered":"<p>O reality do GNT dedicado a cortes e penteados de picum\u00e3s foi bem legal e vai voltar para mais um round logo, logo. Nessa sexta-feira (13 de janeiro), \u00e0s 22h30min, estr\u00e9ia a segunda temporada de Por um Fio. Juliana Paes continua comandando o programa e assim como na temporada exibida em 2010, Por um Fio reunir\u00e1 12 cabeleireiros que competir\u00e3o semana ap\u00f3s semana em provas de cria\u00e7\u00e3o, composi\u00e7\u00e3o de looks, etc. O primeiro epis\u00f3dio da temporada falar\u00e1 sobre tran\u00e7as e vai rolar um chat comigo durante a transmiss\u00e3o do programa :) Se voc\u00ea quiser fofocar comigo sobre o modelito da Ju Paes, elogiar penteados ou gongar picum\u00e3 que ficou u\u00f3h na prova e falar e comentar sobre o programa em geral, \u00e9 s\u00f3 entrar na fanpage do GNT (facebook.com\/canalgnt) dia 13, a partir das 22h15min. * Imagens de Adalberto de Melo Pygmeu E se voc\u00ea n\u00e3o tiver GNT no seu pacote de TV a cabo, n\u00e3o tem problema! L\u00e1 no Facebook, o sinal da TV estar\u00e1 liberado. Ou seja: mesmo quem n\u00e3o tem GNT poder\u00e1 assistir ao programa comigo. Nos vemos hoje a noite, combinado? Epis\u00f3dio novos de Por um Fio s\u00e3o apresentandos no canal GNT toda sexta, \u00e0s 22h30. Hor\u00e1rios alternativos: s\u00e1bado, 22h; segunda, 14h30; e sexta, 19h30.<\/p>\n","protected":false},"author":1,"featured_media":0,"comment_status":"open","ping_status":"open","sticky":false,"template":"","format":"standard","meta":{"_uag_custom_page_level_css":"","footnotes":""},"categories":[694],"tags":[2497,2496,2143],"class_list":["post-23004","post","type-post","status-publish","format-standard","hentry","category-cabelo","tag-gnt","tag-por-um-fio","tag-publi"],"uagb_featured_image_src":{"full":false,"thumbnail":false,"medium":false,"medium_large":false,"large":false,"1536x1536":false,"2048x2048":false,"ashe-slider-grid-thumbnail":false,"ashe-full-thumbnail":false,"ashe-grid-thumbnail":false,"ashe-list-thumbnail":false,"ashe-single-navigation":false},"uagb_author_info":{"display_name":"Marina Smith","author_link":"https:\/\/www.2beauty.com.br\/blog\/author\/marinasmith\/"},"uagb_comment_info":19,"uagb_excerpt":"O reality do GNT dedicado a cortes e penteados de picum\u00e3s foi bem legal e vai voltar para mais um round logo, logo. Nessa sexta-feira (13 de janeiro), \u00e0s 22h30min, estr\u00e9ia a segunda temporada de Por um Fio. Juliana Paes continua comandando o programa e assim como na temporada exibida em 2010, Por um Fio&hellip;","acf":[],"_links":{"self":[{"href":"https:\/\/www.2beauty.com.br\/blog\/wp-json\/wp\/v2\/posts\/23004","targetHints":{"allow":["GET"]}}],"collection":[{"href":"https:\/\/www.2beauty.com.br\/blog\/wp-json\/wp\/v2\/posts"}],"about":[{"href":"https:\/\/www.2beauty.com.br\/blog\/wp-json\/wp\/v2\/types\/post"}],"author":[{"embeddable":true,"href":"https:\/\/www.2beauty.com.br\/blog\/wp-json\/wp\/v2\/users\/1"}],"replies":[{"embeddable":true,"href":"https:\/\/www.2beauty.com.br\/blog\/wp-json\/wp\/v2\/comments?post=23004"}],"version-history":[{"count":0,"href":"https:\/\/www.2beauty.com.br\/blog\/wp-json\/wp\/v2\/posts\/23004\/revisions"}],"wp:attachment":[{"href":"https:\/\/www.2beauty.com.br\/blog\/wp-json\/wp\/v2\/media?parent=23004"}],"wp:term":[{"taxonomy":"category","embeddable":true,"href":"https:\/\/www.2beauty.com.br\/blog\/wp-json\/wp\/v2\/categories?post=23004"},{"taxonomy":"post_tag","embeddable":true,"href":"https:\/\/www.2beauty.com.br\/blog\/wp-json\/wp\/v2\/tags?post=23004"}],"curies":[{"name":"wp","href":"https:\/\/api.w.org\/{rel}","templated":true}]}}