{"id":22843,"date":"2012-01-04T15:20:24","date_gmt":"2012-01-04T17:20:24","guid":{"rendered":"https:\/\/www.2beauty.com.br\/blog\/?p=22843"},"modified":"2019-02-15T16:12:23","modified_gmt":"2019-02-15T18:12:23","slug":"resenha-mascara-para-cilios-colorshock-yes-cosmetics-purple-blue-e-green","status":"publish","type":"post","link":"https:\/\/www.2beauty.com.br\/blog\/2012\/01\/resenha-mascara-para-cilios-colorshock-yes-cosmetics-purple-blue-e-green\/","title":{"rendered":"Resenha: M\u00e1scara para C\u00edlios Colorshock Yes! Cosmetics (Purple, Blue e Green)"},"content":{"rendered":"<p style=\"text-align: center;\"><a href=\"https:\/\/www.2beauty.com.br\/blog\/wp-content\/uploads\/2012\/01\/yes1.jpg\"><img fetchpriority=\"high\" decoding=\"async\" class=\"alignnone size-full wp-image-22844\" title=\"yes1\" src=\"https:\/\/www.2beauty.com.br\/blog\/wp-content\/uploads\/2012\/01\/yes1.jpg\" alt=\"\" width=\"580\" height=\"435\" srcset=\"https:\/\/www.2beauty.com.br\/blog\/wp-content\/uploads\/2012\/01\/yes1.jpg 580w, https:\/\/www.2beauty.com.br\/blog\/wp-content\/uploads\/2012\/01\/yes1-300x225.jpg 300w\" sizes=\"(max-width: 580px) 100vw, 580px\" \/><\/a><\/p>\n<p style=\"text-align: center;\"><a href=\"https:\/\/www.2beauty.com.br\/blog\/wp-content\/uploads\/2012\/01\/yes2.jpg\"><img decoding=\"async\" class=\"alignnone size-full wp-image-22845\" title=\"yes2\" src=\"https:\/\/www.2beauty.com.br\/blog\/wp-content\/uploads\/2012\/01\/yes2.jpg\" alt=\"\" width=\"580\" height=\"435\" srcset=\"https:\/\/www.2beauty.com.br\/blog\/wp-content\/uploads\/2012\/01\/yes2.jpg 580w, https:\/\/www.2beauty.com.br\/blog\/wp-content\/uploads\/2012\/01\/yes2-300x225.jpg 300w\" sizes=\"(max-width: 580px) 100vw, 580px\" \/><\/a><\/p>\n<p style=\"text-align: center;\"><img decoding=\"async\" style=\"width: 30px; height: 30px;\" title=\"Star\" src=\"https:\/\/www.2beauty.com.br\/blog\/images\/star.gif\" border=\"0\" alt=\"Star\" width=\"30\" height=\"30\" align=\"top\" \/><img decoding=\"async\" style=\"width: 30px; height: 30px;\" title=\"Star\" src=\"https:\/\/www.2beauty.com.br\/blog\/images\/star.gif\" border=\"0\" alt=\"Star\" width=\"30\" height=\"30\" align=\"top\" \/><img decoding=\"async\" style=\"width: 30px; height: 30px;\" title=\"Star\" src=\"https:\/\/www.2beauty.com.br\/blog\/images\/star.gif\" border=\"0\" alt=\"Star\" width=\"30\" height=\"30\" align=\"top\" \/><img decoding=\"async\" style=\"width: 30px; height: 30px;\" title=\"Star\" src=\"https:\/\/www.2beauty.com.br\/blog\/images\/star.gif\" border=\"0\" alt=\"Star\" width=\"30\" height=\"30\" align=\"top\" \/><img decoding=\"async\" style=\"width: 30px; height: 30px;\" title=\"Star\" src=\"https:\/\/www.2beauty.com.br\/blog\/images\/star.gif\" border=\"0\" alt=\"Star\" width=\"30\" height=\"30\" align=\"top\" \/><\/p>\n<p style=\"text-align: center;\"><strong>Cinco estrelinhas<br \/>\n<\/strong><\/p>\n<p>A Yes! Cosmetics enviou alguns lan\u00e7amentos e eu preciso falar que ok, r\u00edmel colorido n\u00e3o \u00e9 muito a minha praia, mas, comparando com os que eu j\u00e1 experimentei, esses s\u00e3o \u00f3timos e tem pre\u00e7o mais em conta.<\/p>\n<p><strong>Vamos \u00e0 descri\u00e7\u00e3o oficial:<\/strong><\/p>\n<blockquote><p>Efeito de volume e cor intensa. \u00c0 prova d\u2019\u00e1gua e de secagem r\u00e1pida.<\/p>\n<p>Cores: Purple (roxo), Blue (azul) e Green (verde).<\/p><\/blockquote>\n<p>Uma unidade custa R$19.90, mas t\u00e1 rolando promo com as tr\u00eas cores por R$16.50 cada.<\/p>\n<p style=\"text-align: center;\"><strong><a href=\"https:\/\/www.2beauty.com.br\/blog\/wp-content\/uploads\/2012\/01\/yes3.jpg\"><img loading=\"lazy\" decoding=\"async\" class=\"alignnone size-full wp-image-22846\" title=\"yes3\" src=\"https:\/\/www.2beauty.com.br\/blog\/wp-content\/uploads\/2012\/01\/yes3.jpg\" alt=\"\" width=\"300\" height=\"250\" \/><\/a> <a href=\"https:\/\/www.2beauty.com.br\/blog\/wp-content\/uploads\/2012\/01\/yes4.jpg\"><img loading=\"lazy\" decoding=\"async\" class=\"alignnone size-full wp-image-22847\" title=\"yes4\" src=\"https:\/\/www.2beauty.com.br\/blog\/wp-content\/uploads\/2012\/01\/yes4.jpg\" alt=\"\" width=\"300\" height=\"250\" \/><\/a><\/strong><\/p>\n<p style=\"text-align: center;\"><strong><a href=\"https:\/\/www.2beauty.com.br\/blog\/wp-content\/uploads\/2012\/01\/yes5.jpg\"><img loading=\"lazy\" decoding=\"async\" class=\"alignnone size-full wp-image-22848\" title=\"yes5\" src=\"https:\/\/www.2beauty.com.br\/blog\/wp-content\/uploads\/2012\/01\/yes5.jpg\" alt=\"\" width=\"580\" height=\"160\" srcset=\"https:\/\/www.2beauty.com.br\/blog\/wp-content\/uploads\/2012\/01\/yes5.jpg 580w, https:\/\/www.2beauty.com.br\/blog\/wp-content\/uploads\/2012\/01\/yes5-300x82.jpg 300w\" sizes=\"(max-width: 580px) 100vw, 580px\" \/><\/a><\/strong><\/p>\n<p style=\"text-align: center;\"><strong>Purple e Blue (duas camadas)<br \/>\n<\/strong><\/p>\n<p>Os tubos de r\u00edmel s\u00e3o bem pequenos (4ml), o que \u00e9 levemente broxante, mas comparando com outra marca nacional tipo a Cont\u00e9m 1g, que tem linha similar com tubinhos micro e ainda \u00e9 mais cara, t\u00e1 valendo.<\/p>\n<p>A escova aplicadora das m\u00e1scaras Colorschock \u00e9 super boa, tem a ponta e a base mais gordinhas e o meio mais fino. Pega legal os c\u00edlios e espalha bem o produto.<\/p>\n<p>Rola at\u00e9 uma curvatura amiga como voc\u00eas podem notar pelas fotos acima.<\/p>\n<p>A textura tamb\u00e9m \u00e9 bacana! O produto n\u00e3o d\u00e1 muito volume, mas alonga bem as pestanas.<\/p>\n<p>Rola de usar por cima de r\u00edmel preto (pra deixar o tom mais escurinho e\/ou o visual geral mais encorpado e\/ou discreto), sem perigo de grudar tudo.<\/p>\n<p><strong>Exemplo abaixo:<\/strong><\/p>\n<p style=\"text-align: center;\"><strong><a href=\"https:\/\/www.2beauty.com.br\/blog\/wp-content\/uploads\/2012\/01\/yes6.jpg\"><img loading=\"lazy\" decoding=\"async\" class=\"alignnone size-full wp-image-22849\" title=\"yes6\" src=\"https:\/\/www.2beauty.com.br\/blog\/wp-content\/uploads\/2012\/01\/yes6.jpg\" alt=\"\" width=\"435\" height=\"326\" srcset=\"https:\/\/www.2beauty.com.br\/blog\/wp-content\/uploads\/2012\/01\/yes6.jpg 435w, https:\/\/www.2beauty.com.br\/blog\/wp-content\/uploads\/2012\/01\/yes6-300x224.jpg 300w\" sizes=\"(max-width: 435px) 100vw, 435px\" \/><\/a><\/strong><\/p>\n<p style=\"text-align: center;\"><strong><a href=\"https:\/\/www.2beauty.com.br\/blog\/wp-content\/uploads\/2012\/01\/yes7.jpg\"><img loading=\"lazy\" decoding=\"async\" class=\"alignnone size-full wp-image-22850\" title=\"yes7\" src=\"https:\/\/www.2beauty.com.br\/blog\/wp-content\/uploads\/2012\/01\/yes7.jpg\" alt=\"\" width=\"435\" height=\"580\" srcset=\"https:\/\/www.2beauty.com.br\/blog\/wp-content\/uploads\/2012\/01\/yes7.jpg 435w, https:\/\/www.2beauty.com.br\/blog\/wp-content\/uploads\/2012\/01\/yes7-225x300.jpg 225w\" sizes=\"(max-width: 435px) 100vw, 435px\" \/><\/a><\/strong><\/p>\n<p style=\"text-align: center;\"><strong>Make com Green + r\u00edmel preto<\/strong><\/p>\n<p>Pras fotos com o r\u00edmel verde, apliquei duas camadas de r\u00edmel preto (The Falsies + Volume Fast &amp; Perfect) como base nos c\u00edlios de cima e finalizei com o verde. Na linha inferior dos c\u00edlios, passei o verde direto nas pestanas.<\/p>\n<p>Ficou digo e bem menos chamativo do que o esperado.<\/p>\n<p>N\u00e3o \u00e9 o tipo de make que eu usaria todo dia (at\u00e9 porque prefiro c\u00edlios bem pretos), mas a linha \u00e9 de qualidade e o pre\u00e7o \u00e9 acesss\u00edvel.<\/p>\n<p>As m\u00e1scaras s\u00e3o \u00e0 prova d&#8217;\u00e1gua e pra remover n\u00e3o foi muito complicado. Eu passei algod\u00e3o com demaquilante e depois enxaguei a meleca no banho. Saiu tudo!<\/p>\n<p>PS: Avisaram nos coment\u00e1rios que a Vult tem r\u00edmel roxo e azul (linha Savage). Eu nunca vi pra vender. Quem souber onde compra, plis!, avisa.<\/p>\n","protected":false},"excerpt":{"rendered":"<p>Cinco estrelinhas A Yes! Cosmetics enviou alguns lan\u00e7amentos e eu preciso falar que ok, r\u00edmel colorido n\u00e3o \u00e9 muito a minha praia, mas, comparando com os que eu j\u00e1 experimentei, esses s\u00e3o \u00f3timos e tem pre\u00e7o mais em conta. Vamos \u00e0 descri\u00e7\u00e3o oficial: Efeito de volume e cor intensa. \u00c0 prova d\u2019\u00e1gua e de secagem r\u00e1pida. Cores: Purple (roxo), Blue (azul) e Green (verde). Uma unidade custa R$19.90, mas t\u00e1 rolando promo com as tr\u00eas cores por R$16.50 cada. Purple e Blue (duas camadas) Os tubos de r\u00edmel s\u00e3o bem pequenos (4ml), o que \u00e9 levemente broxante, mas comparando com outra marca nacional tipo a Cont\u00e9m 1g, que tem linha similar com tubinhos micro e ainda \u00e9 mais cara, t\u00e1 valendo. A escova aplicadora das m\u00e1scaras Colorschock \u00e9 super boa, tem a ponta e a base mais gordinhas e o meio mais fino. Pega legal os c\u00edlios e espalha bem o produto. Rola at\u00e9 uma curvatura amiga como voc\u00eas podem notar pelas fotos acima. A textura tamb\u00e9m \u00e9 bacana! O produto n\u00e3o d\u00e1 muito volume, mas alonga bem as pestanas. Rola de usar por cima de r\u00edmel preto (pra deixar o tom mais escurinho e\/ou o visual geral mais encorpado e\/ou discreto), sem perigo de grudar tudo. Exemplo abaixo: Make com Green + r\u00edmel preto Pras fotos com o r\u00edmel verde, apliquei duas camadas de r\u00edmel preto (The Falsies + Volume Fast &amp; Perfect) como base nos c\u00edlios de cima e finalizei com o verde. Na linha inferior dos c\u00edlios, passei o verde direto nas pestanas. Ficou digo e bem menos chamativo do que o esperado. N\u00e3o \u00e9 o tipo de make que eu usaria todo dia (at\u00e9 porque prefiro c\u00edlios bem pretos), mas a linha \u00e9 de qualidade e o pre\u00e7o \u00e9 acesss\u00edvel. As m\u00e1scaras s\u00e3o \u00e0 prova d&#8217;\u00e1gua e pra remover n\u00e3o foi muito complicado. Eu passei algod\u00e3o com demaquilante e depois enxaguei a meleca no banho. Saiu tudo! PS: Avisaram nos coment\u00e1rios que a Vult tem r\u00edmel roxo e azul (linha Savage). Eu nunca vi pra vender. Quem souber onde compra, plis!, avisa.<\/p>\n","protected":false},"author":1,"featured_media":0,"comment_status":"open","ping_status":"open","sticky":false,"template":"","format":"standard","meta":{"_uag_custom_page_level_css":"","footnotes":""},"categories":[84],"tags":[405,345,4125,2476,607],"class_list":["post-22843","post","type-post","status-publish","format-standard","hentry","category-maquiagem","tag-mascara-para-cilios","tag-resenha","tag-rimel","tag-rimel-colorido","tag-yes-cosmetics"],"uagb_featured_image_src":{"full":false,"thumbnail":false,"medium":false,"medium_large":false,"large":false,"1536x1536":false,"2048x2048":false,"ashe-slider-grid-thumbnail":false,"ashe-full-thumbnail":false,"ashe-grid-thumbnail":false,"ashe-list-thumbnail":false,"ashe-single-navigation":false},"uagb_author_info":{"display_name":"Marina Smith","author_link":"https:\/\/www.2beauty.com.br\/blog\/author\/marinasmith\/"},"uagb_comment_info":55,"uagb_excerpt":"Cinco estrelinhas A Yes! Cosmetics enviou alguns lan\u00e7amentos e eu preciso falar que ok, r\u00edmel colorido n\u00e3o \u00e9 muito a minha praia, mas, comparando com os que eu j\u00e1 experimentei, esses s\u00e3o \u00f3timos e tem pre\u00e7o mais em conta. Vamos \u00e0 descri\u00e7\u00e3o oficial: Efeito de volume e cor intensa. \u00c0 prova d\u2019\u00e1gua e de secagem&hellip;","acf":[],"_links":{"self":[{"href":"https:\/\/www.2beauty.com.br\/blog\/wp-json\/wp\/v2\/posts\/22843","targetHints":{"allow":["GET"]}}],"collection":[{"href":"https:\/\/www.2beauty.com.br\/blog\/wp-json\/wp\/v2\/posts"}],"about":[{"href":"https:\/\/www.2beauty.com.br\/blog\/wp-json\/wp\/v2\/types\/post"}],"author":[{"embeddable":true,"href":"https:\/\/www.2beauty.com.br\/blog\/wp-json\/wp\/v2\/users\/1"}],"replies":[{"embeddable":true,"href":"https:\/\/www.2beauty.com.br\/blog\/wp-json\/wp\/v2\/comments?post=22843"}],"version-history":[{"count":0,"href":"https:\/\/www.2beauty.com.br\/blog\/wp-json\/wp\/v2\/posts\/22843\/revisions"}],"wp:attachment":[{"href":"https:\/\/www.2beauty.com.br\/blog\/wp-json\/wp\/v2\/media?parent=22843"}],"wp:term":[{"taxonomy":"category","embeddable":true,"href":"https:\/\/www.2beauty.com.br\/blog\/wp-json\/wp\/v2\/categories?post=22843"},{"taxonomy":"post_tag","embeddable":true,"href":"https:\/\/www.2beauty.com.br\/blog\/wp-json\/wp\/v2\/tags?post=22843"}],"curies":[{"name":"wp","href":"https:\/\/api.w.org\/{rel}","templated":true}]}}