{"id":21686,"date":"2011-11-08T15:00:03","date_gmt":"2011-11-08T17:00:03","guid":{"rendered":"https:\/\/www.2beauty.com.br\/blog\/?p=21686"},"modified":"2019-02-15T16:12:28","modified_gmt":"2019-02-15T18:12:28","slug":"expresso-x-espresso","status":"publish","type":"post","link":"https:\/\/www.2beauty.com.br\/blog\/2011\/11\/expresso-x-espresso\/","title":{"rendered":"Expresso x Espresso"},"content":{"rendered":"<p style=\"text-align: center;\"><strong><a href=\"https:\/\/www.2beauty.com.br\/blog\/wp-content\/uploads\/2011\/11\/yes1.jpg\"><img fetchpriority=\"high\" decoding=\"async\" class=\"alignnone size-full wp-image-21687\" title=\"yes1\" src=\"https:\/\/www.2beauty.com.br\/blog\/wp-content\/uploads\/2011\/11\/yes1.jpg\" alt=\"\" width=\"580\" height=\"435\" \/><\/a><\/strong><\/p>\n<p style=\"text-align: center;\"><strong><a href=\"https:\/\/www.2beauty.com.br\/blog\/wp-content\/uploads\/2011\/11\/yes2.jpg\"><img decoding=\"async\" class=\"alignnone size-full wp-image-21688\" title=\"yes2\" src=\"https:\/\/www.2beauty.com.br\/blog\/wp-content\/uploads\/2011\/11\/yes2.jpg\" alt=\"\" width=\"580\" height=\"435\" srcset=\"https:\/\/www.2beauty.com.br\/blog\/wp-content\/uploads\/2011\/11\/yes2.jpg 580w, https:\/\/www.2beauty.com.br\/blog\/wp-content\/uploads\/2011\/11\/yes2-300x225.jpg 300w\" sizes=\"(max-width: 580px) 100vw, 580px\" \/><\/a><\/strong><\/p>\n<p style=\"text-align: center;\"><strong>Expresso e Espresso<br \/>\n<\/strong><\/p>\n<p>Eu dei algumas risadas quando recebi essa sombra da linha nova da Yes!, porque n\u00e9&#8230; sombra marrom opaca com o nome de &#8220;Expresso&#8221; \u00e9 meio que uma refer\u00eancia\/c\u00f3pia \u00f3bvia de uma das sombras marrons mais populares do mundo: a Espresso da MAC.<\/p>\n<p>Achei que merecia um post de compara\u00e7\u00e3o, mesmo que \u00e0 primeira vista as duas n\u00e3o sejam muito parecidas.<\/p>\n<p>No potinho, a sombra da Yes! \u00e9 mais escura e o marrom \u00e9 mais encorpado e tals.<\/p>\n<p style=\"text-align: center;\"><strong><a href=\"https:\/\/www.2beauty.com.br\/blog\/wp-content\/uploads\/2011\/11\/yes3.jpg\"><img decoding=\"async\" class=\"alignnone size-full wp-image-21689\" title=\"yes3\" src=\"https:\/\/www.2beauty.com.br\/blog\/wp-content\/uploads\/2011\/11\/yes3.jpg\" alt=\"\" width=\"300\" height=\"250\" \/><\/a> <a href=\"https:\/\/www.2beauty.com.br\/blog\/wp-content\/uploads\/2011\/11\/yes4.jpg\"><img loading=\"lazy\" decoding=\"async\" class=\"alignnone size-full wp-image-21690\" title=\"yes4\" src=\"https:\/\/www.2beauty.com.br\/blog\/wp-content\/uploads\/2011\/11\/yes4.jpg\" alt=\"\" width=\"300\" height=\"250\" \/><\/a><\/strong><\/p>\n<p style=\"text-align: center;\"><strong>Expresso e Espresso (com e sem flash)<\/strong><\/p>\n<p>N\u00e3o fiquei muito animada quando fiz as amostrinhas no bra\u00e7o, porque ambas as cores ficaram bem fraquinhas.<\/p>\n<p>Isso \u00e9 um ponto negativo em comum aos tons de acabamento matte da MAC.<\/p>\n<p>N\u00e3o que todas sombras opacas sejam de baixa pigmenta\u00e7\u00e3o, pelo contr\u00e1rio&#8230; mas por algum motivo, os <em>swatches<\/em> s\u00e3o sempre decepcionantes.<\/p>\n<p>Ainda bem que nos olhos \u00e9 outra hist\u00f3ria!<\/p>\n<p style=\"text-align: center;\"><strong><a href=\"https:\/\/www.2beauty.com.br\/blog\/wp-content\/uploads\/2011\/11\/yes5.jpg\"><img loading=\"lazy\" decoding=\"async\" class=\"alignnone size-full wp-image-21691\" title=\"yes5\" src=\"https:\/\/www.2beauty.com.br\/blog\/wp-content\/uploads\/2011\/11\/yes5.jpg\" alt=\"\" width=\"580\" height=\"200\" srcset=\"https:\/\/www.2beauty.com.br\/blog\/wp-content\/uploads\/2011\/11\/yes5.jpg 580w, https:\/\/www.2beauty.com.br\/blog\/wp-content\/uploads\/2011\/11\/yes5-300x103.jpg 300w\" sizes=\"(max-width: 580px) 100vw, 580px\" \/><\/a><\/strong><\/p>\n<p style=\"text-align: center;\"><strong>Expresso e Espresso<\/strong><\/p>\n<p>Quando passei ambas nas p\u00e1lpebras, olha a surpresa&#8230;<\/p>\n<p>Ficaram super parecidas! S\u00f3 prestando MUITA aten\u00e7\u00e3o pra notar que a sombra da MAC \u00e9 um pouco mais clara.<\/p>\n<p>E vale lembrar que a aplica\u00e7\u00e3o foi feita SEM primer.<\/p>\n<p>Passei as duas por cima de corretivo e p\u00f3 e a pigmenta\u00e7\u00e3o melhorou bastante.<\/p>\n<p style=\"text-align: center;\"><strong><a href=\"https:\/\/www.2beauty.com.br\/blog\/wp-content\/uploads\/2011\/11\/yes6.jpg\"><img loading=\"lazy\" decoding=\"async\" class=\"alignnone size-full wp-image-21692\" title=\"yes6\" src=\"https:\/\/www.2beauty.com.br\/blog\/wp-content\/uploads\/2011\/11\/yes6.jpg\" alt=\"\" width=\"290\" height=\"387\" srcset=\"https:\/\/www.2beauty.com.br\/blog\/wp-content\/uploads\/2011\/11\/yes6.jpg 290w, https:\/\/www.2beauty.com.br\/blog\/wp-content\/uploads\/2011\/11\/yes6-224x300.jpg 224w\" sizes=\"(max-width: 290px) 100vw, 290px\" \/><\/a> <a href=\"https:\/\/www.2beauty.com.br\/blog\/wp-content\/uploads\/2011\/11\/yes7.jpg\"><img loading=\"lazy\" decoding=\"async\" class=\"alignnone size-full wp-image-21693\" title=\"yes7\" src=\"https:\/\/www.2beauty.com.br\/blog\/wp-content\/uploads\/2011\/11\/yes7.jpg\" alt=\"\" width=\"290\" height=\"387\" srcset=\"https:\/\/www.2beauty.com.br\/blog\/wp-content\/uploads\/2011\/11\/yes7.jpg 290w, https:\/\/www.2beauty.com.br\/blog\/wp-content\/uploads\/2011\/11\/yes7-224x300.jpg 224w\" sizes=\"(max-width: 290px) 100vw, 290px\" \/><\/a><\/strong><\/p>\n<p style=\"text-align: center;\"><strong>No car\u00e3o<\/strong><\/p>\n<p>Com o make pronto (curvex, r\u00edmel e tudo mais), n\u00e3o d\u00e1 pra dizer que eu estou usando uma sombra em cada olho, n\u00e9?<\/p>\n<p>Achei \u00f3timo!!<\/p>\n<p><strong>Ent\u00e3o fica registrado aqui: pra mim, a Expresso da Yes! \u00e9 a vers\u00e3o BBB da Espresso.<\/strong><\/p>\n<p>Algu\u00e9m de pele clara tem as duas pra confirmar se elas ficam parecidas em pessoas branquinhas? Porque, n\u00e9&#8230; o tom da pele de quem usa influencia tamb\u00e9m.<strong><br \/>\n<\/strong><\/p>\n","protected":false},"excerpt":{"rendered":"<p>Expresso e Espresso Eu dei algumas risadas quando recebi essa sombra da linha nova da Yes!, porque n\u00e9&#8230; sombra marrom opaca com o nome de &#8220;Expresso&#8221; \u00e9 meio que uma refer\u00eancia\/c\u00f3pia \u00f3bvia de uma das sombras marrons mais populares do mundo: a Espresso da MAC. Achei que merecia um post de compara\u00e7\u00e3o, mesmo que \u00e0 primeira vista as duas n\u00e3o sejam muito parecidas. No potinho, a sombra da Yes! \u00e9 mais escura e o marrom \u00e9 mais encorpado e tals. Expresso e Espresso (com e sem flash) N\u00e3o fiquei muito animada quando fiz as amostrinhas no bra\u00e7o, porque ambas as cores ficaram bem fraquinhas. Isso \u00e9 um ponto negativo em comum aos tons de acabamento matte da MAC. N\u00e3o que todas sombras opacas sejam de baixa pigmenta\u00e7\u00e3o, pelo contr\u00e1rio&#8230; mas por algum motivo, os swatches s\u00e3o sempre decepcionantes. Ainda bem que nos olhos \u00e9 outra hist\u00f3ria! Expresso e Espresso Quando passei ambas nas p\u00e1lpebras, olha a surpresa&#8230; Ficaram super parecidas! S\u00f3 prestando MUITA aten\u00e7\u00e3o pra notar que a sombra da MAC \u00e9 um pouco mais clara. E vale lembrar que a aplica\u00e7\u00e3o foi feita SEM primer. Passei as duas por cima de corretivo e p\u00f3 e a pigmenta\u00e7\u00e3o melhorou bastante. No car\u00e3o Com o make pronto (curvex, r\u00edmel e tudo mais), n\u00e3o d\u00e1 pra dizer que eu estou usando uma sombra em cada olho, n\u00e9? Achei \u00f3timo!! Ent\u00e3o fica registrado aqui: pra mim, a Expresso da Yes! \u00e9 a vers\u00e3o BBB da Espresso. Algu\u00e9m de pele clara tem as duas pra confirmar se elas ficam parecidas em pessoas branquinhas? Porque, n\u00e9&#8230; o tom da pele de quem usa influencia tamb\u00e9m.<\/p>\n","protected":false},"author":1,"featured_media":0,"comment_status":"open","ping_status":"open","sticky":false,"template":"","format":"standard","meta":{"_uag_custom_page_level_css":"","footnotes":""},"categories":[84],"tags":[2396,2397,221,587,1138,607],"class_list":["post-21686","post","type-post","status-publish","format-standard","hentry","category-maquiagem","tag-espresso","tag-expresso","tag-mac","tag-sombra","tag-sombra-marrom","tag-yes-cosmetics"],"uagb_featured_image_src":{"full":false,"thumbnail":false,"medium":false,"medium_large":false,"large":false,"1536x1536":false,"2048x2048":false,"ashe-slider-grid-thumbnail":false,"ashe-full-thumbnail":false,"ashe-grid-thumbnail":false,"ashe-list-thumbnail":false,"ashe-single-navigation":false},"uagb_author_info":{"display_name":"Marina Smith","author_link":"https:\/\/www.2beauty.com.br\/blog\/author\/marinasmith\/"},"uagb_comment_info":40,"uagb_excerpt":"Expresso e Espresso Eu dei algumas risadas quando recebi essa sombra da linha nova da Yes!, porque n\u00e9&#8230; sombra marrom opaca com o nome de &#8220;Expresso&#8221; \u00e9 meio que uma refer\u00eancia\/c\u00f3pia \u00f3bvia de uma das sombras marrons mais populares do mundo: a Espresso da MAC. Achei que merecia um post de compara\u00e7\u00e3o, mesmo que \u00e0&hellip;","acf":[],"_links":{"self":[{"href":"https:\/\/www.2beauty.com.br\/blog\/wp-json\/wp\/v2\/posts\/21686","targetHints":{"allow":["GET"]}}],"collection":[{"href":"https:\/\/www.2beauty.com.br\/blog\/wp-json\/wp\/v2\/posts"}],"about":[{"href":"https:\/\/www.2beauty.com.br\/blog\/wp-json\/wp\/v2\/types\/post"}],"author":[{"embeddable":true,"href":"https:\/\/www.2beauty.com.br\/blog\/wp-json\/wp\/v2\/users\/1"}],"replies":[{"embeddable":true,"href":"https:\/\/www.2beauty.com.br\/blog\/wp-json\/wp\/v2\/comments?post=21686"}],"version-history":[{"count":0,"href":"https:\/\/www.2beauty.com.br\/blog\/wp-json\/wp\/v2\/posts\/21686\/revisions"}],"wp:attachment":[{"href":"https:\/\/www.2beauty.com.br\/blog\/wp-json\/wp\/v2\/media?parent=21686"}],"wp:term":[{"taxonomy":"category","embeddable":true,"href":"https:\/\/www.2beauty.com.br\/blog\/wp-json\/wp\/v2\/categories?post=21686"},{"taxonomy":"post_tag","embeddable":true,"href":"https:\/\/www.2beauty.com.br\/blog\/wp-json\/wp\/v2\/tags?post=21686"}],"curies":[{"name":"wp","href":"https:\/\/api.w.org\/{rel}","templated":true}]}}