{"id":21466,"date":"2011-10-25T15:13:59","date_gmt":"2011-10-25T17:13:59","guid":{"rendered":"https:\/\/www.2beauty.com.br\/blog\/?p=21466"},"modified":"2019-02-15T16:12:29","modified_gmt":"2019-02-15T18:12:29","slug":"escovando-a-franja","status":"publish","type":"post","link":"https:\/\/www.2beauty.com.br\/blog\/2011\/10\/escovando-a-franja\/","title":{"rendered":"Escovando a franja"},"content":{"rendered":"<p>A franja t\u00e1 bombaaaaando no blog!<\/p>\n<p>Algumas meninas perguntaram como eu tenho feito pra ela ficar bem pro lado, ent\u00e3o aqui v\u00e3o os passos da minha arruma\u00e7\u00e3o capilar di\u00e1ria.<\/p>\n<p>N\u00e3o \u00e9 grandes coisas e eu estou aberta para sugest\u00f5es.<\/p>\n<p style=\"text-align: center;\"><strong><a href=\"https:\/\/www.2beauty.com.br\/blog\/wp-content\/uploads\/2011\/10\/franja1.jpg\"><img fetchpriority=\"high\" decoding=\"async\" class=\"alignnone size-full wp-image-21467\" title=\"franja1\" src=\"https:\/\/www.2beauty.com.br\/blog\/wp-content\/uploads\/2011\/10\/franja1.jpg\" alt=\"\" width=\"290\" height=\"387\" \/><\/a> <a href=\"https:\/\/www.2beauty.com.br\/blog\/wp-content\/uploads\/2011\/10\/franja2.jpg\"><img decoding=\"async\" class=\"alignnone size-full wp-image-21468\" title=\"franja2\" src=\"https:\/\/www.2beauty.com.br\/blog\/wp-content\/uploads\/2011\/10\/franja2.jpg\" alt=\"\" width=\"290\" height=\"387\" srcset=\"https:\/\/www.2beauty.com.br\/blog\/wp-content\/uploads\/2011\/10\/franja2.jpg 290w, https:\/\/www.2beauty.com.br\/blog\/wp-content\/uploads\/2011\/10\/franja2-224x300.jpg 224w\" sizes=\"(max-width: 290px) 100vw, 290px\" \/><\/a><\/strong><\/p>\n<p style=\"text-align: center;\"><strong>Toda a gra\u00e7a e o glamour de um ninho de rato capilar<br \/>\n<\/strong><\/p>\n<p>Esse \u00e9 o meu cabelo em seu estado natural. Glorioso, n\u00e3o?<\/p>\n<p>Adoro como a parte de cima lembra <a href=\"https:\/\/4.bp.blogspot.com\/_Lo2jILcmDvA\/Sw3axb4jPnI\/AAAAAAAAAyw\/A5uAsMIGVfs\/s1600\/chitaozinho_xororo.jpg\" target=\"_blank\">Xit\u00e3ozinho e Xoror\u00f3 no idos de 1984<\/a>, antes deles descobrirem a chapinha.<\/p>\n<p>:)<\/p>\n<p>Bom, a minha rotina \u00e9 mais ou menos assim&#8230;<\/p>\n<p>Depois de lavar o cabelo, eu aplico um creme leave-in que protege contra o calor do secador ou das pranchas de alisamento.<\/p>\n<p>O nome \u00e9 Active Star Hidractive Brush Leave-In.<\/p>\n<p>Na maior parte das vezes, eu deixo meu cabelo secar ao natural. S\u00f3 pego o secador quando os fios est\u00e3o praticamente secos, porque <a href=\"https:\/\/www.truquesdemaquiagem.com.br\/\" target=\"_blank\">musa Paola<\/a> disse em um de seus v\u00eddeos que a &#8220;modelagem&#8221; do cabelo s\u00f3 rola com ele seco mesmo.<\/p>\n<p>Secar modelando \u00e9 muito mais trabalhoso do que deixar a natureza fazer seu trabalho e s\u00f3 ent\u00e3o se produzir toda na escova.<\/p>\n<p style=\"text-align: center;\"><strong><a href=\"https:\/\/www.2beauty.com.br\/blog\/wp-content\/uploads\/2011\/10\/franja3.jpg\"><img decoding=\"async\" class=\"alignnone size-full wp-image-21469\" title=\"franja3\" src=\"https:\/\/www.2beauty.com.br\/blog\/wp-content\/uploads\/2011\/10\/franja3.jpg\" alt=\"\" width=\"290\" height=\"387\" srcset=\"https:\/\/www.2beauty.com.br\/blog\/wp-content\/uploads\/2011\/10\/franja3.jpg 290w, https:\/\/www.2beauty.com.br\/blog\/wp-content\/uploads\/2011\/10\/franja3-224x300.jpg 224w\" sizes=\"(max-width: 290px) 100vw, 290px\" \/><\/a> <a href=\"https:\/\/www.2beauty.com.br\/blog\/wp-content\/uploads\/2011\/10\/franja4.jpg\"><img loading=\"lazy\" decoding=\"async\" class=\"alignnone size-full wp-image-21470\" title=\"franja4\" src=\"https:\/\/www.2beauty.com.br\/blog\/wp-content\/uploads\/2011\/10\/franja4.jpg\" alt=\"\" width=\"290\" height=\"387\" srcset=\"https:\/\/www.2beauty.com.br\/blog\/wp-content\/uploads\/2011\/10\/franja4.jpg 290w, https:\/\/www.2beauty.com.br\/blog\/wp-content\/uploads\/2011\/10\/franja4-224x300.jpg 224w\" sizes=\"(max-width: 290px) 100vw, 290px\" \/><\/a><\/strong><\/p>\n<p style=\"text-align: center;\"><strong>Escova na franja<br \/>\n<\/strong><\/p>\n<p>Como o tio que cortou e escovou meu cabelo no sal\u00e3o usou uma escova redonda pequena, comprei uma parecida.<\/p>\n<p>N\u00e3o \u00e9 igual, infelizmente. Ela \u00e9 maior e d\u00e1 pra usar sem problemas, mas se algu\u00e9m souber de uma escova ainda menor, plis!, avisa!<\/p>\n<p>A escova pequena \u00e9 importante, porque enrola a meia d\u00fazia de cent\u00edmetros que tem os fios da franja.<\/p>\n<p>Se for uma escova muito grande, o resultado \u00e9 reto, o que n\u00e3o \u00e9 dos melhores, especialmente quando voc\u00ea quer a franjinha de emo que cai pro lado.<\/p>\n<p>Pra esses casos, voc\u00ea quer que o cabelo quase d\u00ea uma voltinha, sabe?<\/p>\n<p>Mas eu estou divagando&#8230;<\/p>\n<p>Com a escova menor eu enrolo a franja e puxo pro lado enquanto passo o secador, tipo a super ilustra\u00e7\u00e3o com seta ali em cima.<\/p>\n<p>Puxar pro lado \u00e9 importante, porque se voc\u00ea secar ela pra baixo, ela vai ficar pra baixo. Se voc\u00ea quer ela pro lado&#8230; seca puxando pro lado.<\/p>\n<p style=\"text-align: center;\"><strong><a href=\"https:\/\/www.2beauty.com.br\/blog\/wp-content\/uploads\/2011\/10\/franja5.jpg\"><img loading=\"lazy\" decoding=\"async\" class=\"alignnone size-full wp-image-21471\" title=\"franja5\" src=\"https:\/\/www.2beauty.com.br\/blog\/wp-content\/uploads\/2011\/10\/franja5.jpg\" alt=\"\" width=\"290\" height=\"387\" srcset=\"https:\/\/www.2beauty.com.br\/blog\/wp-content\/uploads\/2011\/10\/franja5.jpg 290w, https:\/\/www.2beauty.com.br\/blog\/wp-content\/uploads\/2011\/10\/franja5-224x300.jpg 224w\" sizes=\"(max-width: 290px) 100vw, 290px\" \/><\/a> <a href=\"https:\/\/www.2beauty.com.br\/blog\/wp-content\/uploads\/2011\/10\/franja6.jpg\"><img loading=\"lazy\" decoding=\"async\" class=\"alignnone size-full wp-image-21472\" title=\"franja6\" src=\"https:\/\/www.2beauty.com.br\/blog\/wp-content\/uploads\/2011\/10\/franja6.jpg\" alt=\"\" width=\"290\" height=\"387\" srcset=\"https:\/\/www.2beauty.com.br\/blog\/wp-content\/uploads\/2011\/10\/franja6.jpg 290w, https:\/\/www.2beauty.com.br\/blog\/wp-content\/uploads\/2011\/10\/franja6-224x300.jpg 224w\" sizes=\"(max-width: 290px) 100vw, 290px\" \/><\/a><\/strong><\/p>\n<p style=\"text-align: center;\"><strong>Spray para fixar e clips que n\u00e3o marca o cabelo<br \/>\n<\/strong><\/p>\n<p>Com a parte frontal bem lisinha e ca\u00edda pro lado, eu prendo a franja com um clips que n\u00e3o marca o cabelo e dou algumas baforadas de spray de fixa\u00e7\u00e3o.<\/p>\n<p>N\u00e3o precisa de muito produto, ok? N\u00e3o \u00e9 necess\u00e1rio deixar o cabelo igual pedra.<\/p>\n<p>Uma coisa que o cabelereiro me falou \u00e9 que tamb\u00e9m \u00e9 preciso acostumar a raiz do cabelo. A minha sempre foi bem repartida ao meio, mas com a fun\u00e7\u00e3o da franaja, ele recomendou que sempre que eu estiver em casa, que use o clips pra segurar a franja, porque assim acostuma a raiz nesse sentido.<\/p>\n<p style=\"text-align: center;\"><strong><a href=\"https:\/\/www.2beauty.com.br\/blog\/wp-content\/uploads\/2011\/10\/franja7.jpg\"><img loading=\"lazy\" decoding=\"async\" class=\"alignnone size-full wp-image-21473\" title=\"franja7\" src=\"https:\/\/www.2beauty.com.br\/blog\/wp-content\/uploads\/2011\/10\/franja7.jpg\" alt=\"\" width=\"290\" height=\"387\" srcset=\"https:\/\/www.2beauty.com.br\/blog\/wp-content\/uploads\/2011\/10\/franja7.jpg 290w, https:\/\/www.2beauty.com.br\/blog\/wp-content\/uploads\/2011\/10\/franja7-224x300.jpg 224w\" sizes=\"(max-width: 290px) 100vw, 290px\" \/><\/a> <a href=\"https:\/\/www.2beauty.com.br\/blog\/wp-content\/uploads\/2011\/10\/franja8.jpg\"><img loading=\"lazy\" decoding=\"async\" class=\"alignnone size-full wp-image-21474\" title=\"franja8\" src=\"https:\/\/www.2beauty.com.br\/blog\/wp-content\/uploads\/2011\/10\/franja8.jpg\" alt=\"\" width=\"290\" height=\"387\" srcset=\"https:\/\/www.2beauty.com.br\/blog\/wp-content\/uploads\/2011\/10\/franja8.jpg 290w, https:\/\/www.2beauty.com.br\/blog\/wp-content\/uploads\/2011\/10\/franja8-224x300.jpg 224w\" sizes=\"(max-width: 290px) 100vw, 290px\" \/><\/a><\/strong><\/p>\n<p style=\"text-align: center;\"><strong>Dando um trato no resto<br \/>\n<\/strong><\/p>\n<p>O resto do cabelo eu seco do jeito que sempre sequei: desfazendo os cachos do ninho de rato com os dedos mesmo, puxando o cabelo pra baixo.<\/p>\n<p>Assim ele fica menos crespo e mais ondulado.<\/p>\n<p>N\u00e3o fica perfeito, mas n\u00e9&#8230; Se voc\u00ea curte um visual mais bagun\u00e7ado, \u00e9 super bom!<\/p>\n<p>Pra finalizar, eu pego uma escova bem grande e uso pra modelar s\u00f3 as laterais da prate da frente da cabe\u00e7a.<\/p>\n<p style=\"text-align: center;\"><strong><a href=\"https:\/\/www.2beauty.com.br\/blog\/wp-content\/uploads\/2011\/10\/franja9.jpg\"><img loading=\"lazy\" decoding=\"async\" class=\"alignnone size-full wp-image-21475\" title=\"franja9\" src=\"https:\/\/www.2beauty.com.br\/blog\/wp-content\/uploads\/2011\/10\/franja9.jpg\" alt=\"\" width=\"290\" height=\"387\" srcset=\"https:\/\/www.2beauty.com.br\/blog\/wp-content\/uploads\/2011\/10\/franja9.jpg 290w, https:\/\/www.2beauty.com.br\/blog\/wp-content\/uploads\/2011\/10\/franja9-224x300.jpg 224w\" sizes=\"(max-width: 290px) 100vw, 290px\" \/><\/a> <a href=\"https:\/\/www.2beauty.com.br\/blog\/wp-content\/uploads\/2011\/10\/franja10.jpg\"><img loading=\"lazy\" decoding=\"async\" class=\"alignnone size-full wp-image-21476\" title=\"franja10\" src=\"https:\/\/www.2beauty.com.br\/blog\/wp-content\/uploads\/2011\/10\/franja10.jpg\" alt=\"\" width=\"290\" height=\"387\" srcset=\"https:\/\/www.2beauty.com.br\/blog\/wp-content\/uploads\/2011\/10\/franja10.jpg 290w, https:\/\/www.2beauty.com.br\/blog\/wp-content\/uploads\/2011\/10\/franja10-224x300.jpg 224w\" sizes=\"(max-width: 290px) 100vw, 290px\" \/><\/a><\/strong><\/p>\n<p style=\"text-align: center;\"><strong>E voil\u00e1!<br \/>\n<\/strong><\/p>\n<p>O resultado \u00e9 o cabelo levemente ondulado ou liso na parte de cima e com as pontas meio enroladas.<\/p>\n<p>Acho super e n\u00e3o gasto nem 20 minutos do meu tempo secando. :)<\/p>\n<p>Quando eu termino e ele fica muito grudado na cabe\u00e7a, uso meu truc\u00e3o de Creuza para volume (<a href=\"https:\/\/www.2beauty.com.br\/blog\/2011\/10\/05\/truque-capilar-de-creuza\/\" target=\"_blank\">clica aqui pra ver<\/a>) e pronto!<\/p>\n","protected":false},"excerpt":{"rendered":"<p>A franja t\u00e1 bombaaaaando no blog! Algumas meninas perguntaram como eu tenho feito pra ela ficar bem pro lado, ent\u00e3o aqui v\u00e3o os passos da minha arruma\u00e7\u00e3o capilar di\u00e1ria. N\u00e3o \u00e9 grandes coisas e eu estou aberta para sugest\u00f5es. Toda a gra\u00e7a e o glamour de um ninho de rato capilar Esse \u00e9 o meu cabelo em seu estado natural. Glorioso, n\u00e3o? Adoro como a parte de cima lembra Xit\u00e3ozinho e Xoror\u00f3 no idos de 1984, antes deles descobrirem a chapinha. :) Bom, a minha rotina \u00e9 mais ou menos assim&#8230; Depois de lavar o cabelo, eu aplico um creme leave-in que protege contra o calor do secador ou das pranchas de alisamento. O nome \u00e9 Active Star Hidractive Brush Leave-In. Na maior parte das vezes, eu deixo meu cabelo secar ao natural. S\u00f3 pego o secador quando os fios est\u00e3o praticamente secos, porque musa Paola disse em um de seus v\u00eddeos que a &#8220;modelagem&#8221; do cabelo s\u00f3 rola com ele seco mesmo. Secar modelando \u00e9 muito mais trabalhoso do que deixar a natureza fazer seu trabalho e s\u00f3 ent\u00e3o se produzir toda na escova. Escova na franja Como o tio que cortou e escovou meu cabelo no sal\u00e3o usou uma escova redonda pequena, comprei uma parecida. N\u00e3o \u00e9 igual, infelizmente. Ela \u00e9 maior e d\u00e1 pra usar sem problemas, mas se algu\u00e9m souber de uma escova ainda menor, plis!, avisa! A escova pequena \u00e9 importante, porque enrola a meia d\u00fazia de cent\u00edmetros que tem os fios da franja. Se for uma escova muito grande, o resultado \u00e9 reto, o que n\u00e3o \u00e9 dos melhores, especialmente quando voc\u00ea quer a franjinha de emo que cai pro lado. Pra esses casos, voc\u00ea quer que o cabelo quase d\u00ea uma voltinha, sabe? Mas eu estou divagando&#8230; Com a escova menor eu enrolo a franja e puxo pro lado enquanto passo o secador, tipo a super ilustra\u00e7\u00e3o com seta ali em cima. Puxar pro lado \u00e9 importante, porque se voc\u00ea secar ela pra baixo, ela vai ficar pra baixo. Se voc\u00ea quer ela pro lado&#8230; seca puxando pro lado. Spray para fixar e clips que n\u00e3o marca o cabelo Com a parte frontal bem lisinha e ca\u00edda pro lado, eu prendo a franja com um clips que n\u00e3o marca o cabelo e dou algumas baforadas de spray de fixa\u00e7\u00e3o. N\u00e3o precisa de muito produto, ok? N\u00e3o \u00e9 necess\u00e1rio deixar o cabelo igual pedra. Uma coisa que o cabelereiro me falou \u00e9 que tamb\u00e9m \u00e9 preciso acostumar a raiz do cabelo. A minha sempre foi bem repartida ao meio, mas com a fun\u00e7\u00e3o da franaja, ele recomendou que sempre que eu estiver em casa, que use o clips pra segurar a franja, porque assim acostuma a raiz nesse sentido. Dando um trato no resto O resto do cabelo eu seco do jeito que sempre sequei: desfazendo os cachos do ninho de rato com os dedos mesmo, puxando o cabelo pra baixo. Assim ele fica menos crespo e mais ondulado. N\u00e3o fica perfeito, mas n\u00e9&#8230; Se voc\u00ea curte um visual mais bagun\u00e7ado, \u00e9 super bom! Pra finalizar, eu pego uma escova bem grande e uso pra modelar s\u00f3 as laterais da prate da frente da cabe\u00e7a. E voil\u00e1! O resultado \u00e9 o cabelo levemente ondulado ou liso na parte de cima e com as pontas meio enroladas. Acho super e n\u00e3o gasto nem 20 minutos do meu tempo secando. :) Quando eu termino e ele fica muito grudado na cabe\u00e7a, uso meu truc\u00e3o de Creuza para volume (clica aqui pra ver) e pronto!<\/p>\n","protected":false},"author":1,"featured_media":0,"comment_status":"open","ping_status":"open","sticky":false,"template":"","format":"standard","meta":{"_uag_custom_page_level_css":"","footnotes":""},"categories":[694],"tags":[4153,4090,2380],"class_list":["post-21466","post","type-post","status-publish","format-standard","hentry","category-cabelo","tag-cabelo","tag-dicas","tag-franja"],"uagb_featured_image_src":{"full":false,"thumbnail":false,"medium":false,"medium_large":false,"large":false,"1536x1536":false,"2048x2048":false,"ashe-slider-grid-thumbnail":false,"ashe-full-thumbnail":false,"ashe-grid-thumbnail":false,"ashe-list-thumbnail":false,"ashe-single-navigation":false},"uagb_author_info":{"display_name":"Marina Smith","author_link":"https:\/\/www.2beauty.com.br\/blog\/author\/marinasmith\/"},"uagb_comment_info":120,"uagb_excerpt":"A franja t\u00e1 bombaaaaando no blog! Algumas meninas perguntaram como eu tenho feito pra ela ficar bem pro lado, ent\u00e3o aqui v\u00e3o os passos da minha arruma\u00e7\u00e3o capilar di\u00e1ria. N\u00e3o \u00e9 grandes coisas e eu estou aberta para sugest\u00f5es. Toda a gra\u00e7a e o glamour de um ninho de rato capilar Esse \u00e9 o meu&hellip;","acf":[],"_links":{"self":[{"href":"https:\/\/www.2beauty.com.br\/blog\/wp-json\/wp\/v2\/posts\/21466","targetHints":{"allow":["GET"]}}],"collection":[{"href":"https:\/\/www.2beauty.com.br\/blog\/wp-json\/wp\/v2\/posts"}],"about":[{"href":"https:\/\/www.2beauty.com.br\/blog\/wp-json\/wp\/v2\/types\/post"}],"author":[{"embeddable":true,"href":"https:\/\/www.2beauty.com.br\/blog\/wp-json\/wp\/v2\/users\/1"}],"replies":[{"embeddable":true,"href":"https:\/\/www.2beauty.com.br\/blog\/wp-json\/wp\/v2\/comments?post=21466"}],"version-history":[{"count":0,"href":"https:\/\/www.2beauty.com.br\/blog\/wp-json\/wp\/v2\/posts\/21466\/revisions"}],"wp:attachment":[{"href":"https:\/\/www.2beauty.com.br\/blog\/wp-json\/wp\/v2\/media?parent=21466"}],"wp:term":[{"taxonomy":"category","embeddable":true,"href":"https:\/\/www.2beauty.com.br\/blog\/wp-json\/wp\/v2\/categories?post=21466"},{"taxonomy":"post_tag","embeddable":true,"href":"https:\/\/www.2beauty.com.br\/blog\/wp-json\/wp\/v2\/tags?post=21466"}],"curies":[{"name":"wp","href":"https:\/\/api.w.org\/{rel}","templated":true}]}}