{"id":20485,"date":"2011-09-08T12:39:04","date_gmt":"2011-09-08T14:39:04","guid":{"rendered":"https:\/\/www.2beauty.com.br\/blog\/?p=20485"},"modified":"2019-02-15T16:12:33","modified_gmt":"2019-02-15T18:12:33","slug":"mascara-volume-fast-perfect-bourjois","status":"publish","type":"post","link":"https:\/\/www.2beauty.com.br\/blog\/2011\/09\/mascara-volume-fast-perfect-bourjois\/","title":{"rendered":"M\u00e1scara Volume Fast &#038; Perfect Bourjois"},"content":{"rendered":"<p style=\"text-align: center;\"><strong><a href=\"https:\/\/www.2beauty.com.br\/blog\/wp-content\/uploads\/2011\/09\/bj1.jpg\"><img fetchpriority=\"high\" decoding=\"async\" class=\"alignnone size-full wp-image-20486\" title=\"bj1\" src=\"https:\/\/www.2beauty.com.br\/blog\/wp-content\/uploads\/2011\/09\/bj1.jpg\" alt=\"\" width=\"580\" height=\"435\" \/><\/a><\/strong><\/p>\n<p style=\"text-align: center;\"><strong><a href=\"https:\/\/www.2beauty.com.br\/blog\/wp-content\/uploads\/2011\/09\/bj2.jpg\"><img decoding=\"async\" class=\"alignnone size-full wp-image-20487\" title=\"bj2\" src=\"https:\/\/www.2beauty.com.br\/blog\/wp-content\/uploads\/2011\/09\/bj2.jpg\" alt=\"\" width=\"580\" height=\"435\" srcset=\"https:\/\/www.2beauty.com.br\/blog\/wp-content\/uploads\/2011\/09\/bj2.jpg 580w, https:\/\/www.2beauty.com.br\/blog\/wp-content\/uploads\/2011\/09\/bj2-300x225.jpg 300w\" sizes=\"(max-width: 580px) 100vw, 580px\" \/><\/a><\/strong><\/p>\n<p style=\"text-align: center;\"><strong>Volume Fast &amp; Perfect Bourjois<\/strong><\/p>\n<p>Mais uma das novidades da Bourjois que chegou l\u00e1 em casa! Fiquei toda animada, porque me lembrou o r\u00edmel Dior 360 que eu adorooooo (<a href=\"https:\/\/www.2beauty.com.br\/blog\/2011\/05\/19\/resenha-diorshow-360-mascara\/\" target=\"_blank\">post aqui<\/a>).<\/p>\n<p>Assim como o 360, esse produtinho da Bourjois tamb\u00e9m tem um mecanismo que faz o pincel aplicador girar 360 graus para cima e para baixo.<\/p>\n<p>Faz diferen\u00e7a?<\/p>\n<p>Faz, mas n\u00e3o \u00e9 assim &#8220;\u00f3h meu Deus, n\u00e3o posso viver sem um aplicador girat\u00f3rio&#8221;.<\/p>\n<p>Essa coisa do giro ajuda a espalhar melhor o r\u00edmel e a empinar mais as pestanas, o que resulta num aspecto mais curvado e cheio.<\/p>\n<p>\u00c9 como se voc\u00ea tivesse um curvex embutido na m\u00e1scara de c\u00edlios, entende?<\/p>\n<p style=\"text-align: center;\"><strong><a href=\"https:\/\/www.2beauty.com.br\/blog\/wp-content\/uploads\/2011\/09\/bj3.jpg\"><img decoding=\"async\" class=\"alignnone size-full wp-image-20488\" title=\"bj3\" src=\"https:\/\/www.2beauty.com.br\/blog\/wp-content\/uploads\/2011\/09\/bj3.jpg\" alt=\"\" width=\"580\" height=\"435\" srcset=\"https:\/\/www.2beauty.com.br\/blog\/wp-content\/uploads\/2011\/09\/bj3.jpg 580w, https:\/\/www.2beauty.com.br\/blog\/wp-content\/uploads\/2011\/09\/bj3-300x225.jpg 300w\" sizes=\"(max-width: 580px) 100vw, 580px\" \/><\/a><\/strong><\/p>\n<p style=\"text-align: center;\"><strong><a href=\"https:\/\/www.2beauty.com.br\/blog\/wp-content\/uploads\/2011\/09\/bj4.jpg\"><img loading=\"lazy\" decoding=\"async\" class=\"alignnone size-full wp-image-20489\" title=\"bj4\" src=\"https:\/\/www.2beauty.com.br\/blog\/wp-content\/uploads\/2011\/09\/bj4.jpg\" alt=\"\" width=\"580\" height=\"435\" srcset=\"https:\/\/www.2beauty.com.br\/blog\/wp-content\/uploads\/2011\/09\/bj4.jpg 580w, https:\/\/www.2beauty.com.br\/blog\/wp-content\/uploads\/2011\/09\/bj4-300x225.jpg 300w\" sizes=\"(max-width: 580px) 100vw, 580px\" \/><\/a><\/strong><\/p>\n<p style=\"text-align: center;\"><strong>Pincel aplicador que gira<br \/>\n<\/strong><\/p>\n<p>A textura do r\u00edmel \u00e9 mais grossinha, o que eu gosto muito, porque r\u00edmel l\u00edquido n\u00e3o segura t\u00e3o bem nos meus c\u00edlios. Eles ficam retos 5 segundos depois e coisa do tipo. Muito depr\u00ea!<\/p>\n<p>R\u00edmel l\u00edquido n\u00e3o empina, mas n\u00e3o gruda. R\u00edmel de textura espessa faz a curvatura pegar super, mas \u00e9 mais f\u00e1cil do c\u00edlio empelotar.<\/p>\n<p>Pelo que eu pude testar nos \u00faltimos dias, tr\u00eas camadas \u00e9 o m\u00e1ximo que d\u00e1 pra usar antes de voc\u00ea ficar com as pestanas tipo patinhas de aranha.<\/p>\n<p>E precisa mais do que tr\u00eas camadas? Nope. Na primeira aplica\u00e7\u00e3o j\u00e1 fica bem legal.<\/p>\n<p>O aplicador que gira vai empurrando os c\u00edlios at\u00e9 eles ficarem &#8220;de p\u00e9&#8221; e cobre por igual todos eles.<\/p>\n<p>Olha s\u00f3:<\/p>\n<p style=\"text-align: center;\"><strong><a href=\"https:\/\/www.2beauty.com.br\/blog\/wp-content\/uploads\/2011\/09\/bj5.jpg\"><img loading=\"lazy\" decoding=\"async\" class=\"alignnone size-full wp-image-20490\" title=\"bj5\" src=\"https:\/\/www.2beauty.com.br\/blog\/wp-content\/uploads\/2011\/09\/bj5.jpg\" alt=\"\" width=\"300\" height=\"250\" \/><\/a> <a href=\"https:\/\/www.2beauty.com.br\/blog\/wp-content\/uploads\/2011\/09\/bj6.jpg\"><img loading=\"lazy\" decoding=\"async\" class=\"alignnone size-full wp-image-20491\" title=\"bj6\" src=\"https:\/\/www.2beauty.com.br\/blog\/wp-content\/uploads\/2011\/09\/bj6.jpg\" alt=\"\" width=\"300\" height=\"250\" \/><\/a><\/strong><\/p>\n<p style=\"text-align: center;\"><strong>Antes e depois (uma camada)<br \/>\n<\/strong><\/p>\n<p style=\"text-align: center;\"><strong><a href=\"https:\/\/www.2beauty.com.br\/blog\/wp-content\/uploads\/2011\/09\/bj51.jpg\"><img loading=\"lazy\" decoding=\"async\" class=\"alignnone size-full wp-image-20492\" title=\"bj5\" src=\"https:\/\/www.2beauty.com.br\/blog\/wp-content\/uploads\/2011\/09\/bj51.jpg\" alt=\"\" width=\"300\" height=\"250\" \/><\/a> <a href=\"https:\/\/www.2beauty.com.br\/blog\/wp-content\/uploads\/2011\/09\/bj7.jpg\"><img loading=\"lazy\" decoding=\"async\" class=\"alignnone size-full wp-image-20493\" title=\"bj7\" src=\"https:\/\/www.2beauty.com.br\/blog\/wp-content\/uploads\/2011\/09\/bj7.jpg\" alt=\"\" width=\"300\" height=\"250\" \/><\/a><\/strong><\/p>\n<p style=\"text-align: center;\"><strong>Antes e depois (tr\u00eas camadas)<\/strong><\/p>\n<p>Da segunda pra terceira camada, as pestanas ficam mais grossinhas, por\u00e9m n\u00e3o t\u00e3o separadas.<\/p>\n<p>Eu gosto de passar mo\u00f3\u00f3\u00f3\u00f3ito r\u00edmel e acho que fica bonito assim, mas tem gente que n\u00e3o curte, ent\u00e3o vale avisar.<\/p>\n<p>Procurei pela embalagem algo que dissesse que a m\u00e1scara \u00e8 a prova d&#8217;\u00e1gua, mas n\u00e3o encontrei. Ainda assim, ela \u00e9 mais chatinha de remover que os outros tipos de r\u00edmel que tenho em casa.<\/p>\n<p>Sai legal com demaquilante e tals, mas n\u00e3o sai s\u00f3 com \u00e1gua no banho. Talvez ela n\u00e3o seja \u00e0 prova d&#8217;\u00e1gua e sim &#8220;resistente \u00e0 \u00e1gua&#8221;. N\u00e3o sei&#8230;<\/p>\n<p>No geral, achei \u00f3tima! Do mesmo n\u00edvel da m\u00e1scara Dior 360.<\/p>\n<p>Infelizmente, o pre\u00e7o n\u00e3o \u00e9 t\u00e3ooooo mais barato. No release, diz que uma unidade tem pre\u00e7o sugerido de $130 dinheiros :(<\/p>\n<p>S\u00f3 encontrei pra vender na <a href=\"https:\/\/www.sepha.com.br\/portal\/bourjois\/14130.html\" target=\"_blank\">Sepha<\/a> dentro de um kit com demaquilante (R$124).<\/p>\n<p><span style=\"text-decoration: line-through;\">Talvez por ser um lan\u00e7amento, ainda n\u00e3o tenha aparecido em outros sites.<\/span><\/p>\n<p>Opa! Tem na Sack&#8217;s tamb\u00e9m! <a href=\"https:\/\/www.sacks.com.br\/site\/produto.asp?id=11002&#038;idparceria=9346&#038;utm_source=2beauty&#038;utm_medium=post&#038;utm_campaign=bourjois\" target=\"_blank\">O mesmo kit custa R$107<\/a> (obrigada pela info, Marcela).<\/p>\n<p>R$124 ou R$107 por um demaquilante + r\u00edmel n\u00e3o \u00e9 suuuper barato, mas \u00e9 muito melhor que R$130 s\u00f3 pelo r\u00edmel.<\/p>\n","protected":false},"excerpt":{"rendered":"<p>Volume Fast &amp; Perfect Bourjois Mais uma das novidades da Bourjois que chegou l\u00e1 em casa! Fiquei toda animada, porque me lembrou o r\u00edmel Dior 360 que eu adorooooo (post aqui). Assim como o 360, esse produtinho da Bourjois tamb\u00e9m tem um mecanismo que faz o pincel aplicador girar 360 graus para cima e para baixo. Faz diferen\u00e7a? Faz, mas n\u00e3o \u00e9 assim &#8220;\u00f3h meu Deus, n\u00e3o posso viver sem um aplicador girat\u00f3rio&#8221;. Essa coisa do giro ajuda a espalhar melhor o r\u00edmel e a empinar mais as pestanas, o que resulta num aspecto mais curvado e cheio. \u00c9 como se voc\u00ea tivesse um curvex embutido na m\u00e1scara de c\u00edlios, entende? Pincel aplicador que gira A textura do r\u00edmel \u00e9 mais grossinha, o que eu gosto muito, porque r\u00edmel l\u00edquido n\u00e3o segura t\u00e3o bem nos meus c\u00edlios. Eles ficam retos 5 segundos depois e coisa do tipo. Muito depr\u00ea! R\u00edmel l\u00edquido n\u00e3o empina, mas n\u00e3o gruda. R\u00edmel de textura espessa faz a curvatura pegar super, mas \u00e9 mais f\u00e1cil do c\u00edlio empelotar. Pelo que eu pude testar nos \u00faltimos dias, tr\u00eas camadas \u00e9 o m\u00e1ximo que d\u00e1 pra usar antes de voc\u00ea ficar com as pestanas tipo patinhas de aranha. E precisa mais do que tr\u00eas camadas? Nope. Na primeira aplica\u00e7\u00e3o j\u00e1 fica bem legal. O aplicador que gira vai empurrando os c\u00edlios at\u00e9 eles ficarem &#8220;de p\u00e9&#8221; e cobre por igual todos eles. Olha s\u00f3: Antes e depois (uma camada) Antes e depois (tr\u00eas camadas) Da segunda pra terceira camada, as pestanas ficam mais grossinhas, por\u00e9m n\u00e3o t\u00e3o separadas. Eu gosto de passar mo\u00f3\u00f3\u00f3\u00f3ito r\u00edmel e acho que fica bonito assim, mas tem gente que n\u00e3o curte, ent\u00e3o vale avisar. Procurei pela embalagem algo que dissesse que a m\u00e1scara \u00e8 a prova d&#8217;\u00e1gua, mas n\u00e3o encontrei. Ainda assim, ela \u00e9 mais chatinha de remover que os outros tipos de r\u00edmel que tenho em casa. Sai legal com demaquilante e tals, mas n\u00e3o sai s\u00f3 com \u00e1gua no banho. Talvez ela n\u00e3o seja \u00e0 prova d&#8217;\u00e1gua e sim &#8220;resistente \u00e0 \u00e1gua&#8221;. N\u00e3o sei&#8230; No geral, achei \u00f3tima! Do mesmo n\u00edvel da m\u00e1scara Dior 360. Infelizmente, o pre\u00e7o n\u00e3o \u00e9 t\u00e3ooooo mais barato. No release, diz que uma unidade tem pre\u00e7o sugerido de $130 dinheiros :( S\u00f3 encontrei pra vender na Sepha dentro de um kit com demaquilante (R$124). Talvez por ser um lan\u00e7amento, ainda n\u00e3o tenha aparecido em outros sites. Opa! Tem na Sack&#8217;s tamb\u00e9m! O mesmo kit custa R$107 (obrigada pela info, Marcela). R$124 ou R$107 por um demaquilante + r\u00edmel n\u00e3o \u00e9 suuuper barato, mas \u00e9 muito melhor que R$130 s\u00f3 pelo r\u00edmel.<\/p>\n","protected":false},"author":1,"featured_media":0,"comment_status":"open","ping_status":"open","sticky":false,"template":"","format":"standard","meta":{"_uag_custom_page_level_css":"","footnotes":""},"categories":[84],"tags":[306,405,4125,2332],"class_list":["post-20485","post","type-post","status-publish","format-standard","hentry","category-maquiagem","tag-bourjois","tag-mascara-para-cilios","tag-rimel","tag-volume-fast-perfect"],"uagb_featured_image_src":{"full":false,"thumbnail":false,"medium":false,"medium_large":false,"large":false,"1536x1536":false,"2048x2048":false,"ashe-slider-grid-thumbnail":false,"ashe-full-thumbnail":false,"ashe-grid-thumbnail":false,"ashe-list-thumbnail":false,"ashe-single-navigation":false},"uagb_author_info":{"display_name":"Marina Smith","author_link":"https:\/\/www.2beauty.com.br\/blog\/author\/marinasmith\/"},"uagb_comment_info":41,"uagb_excerpt":"Volume Fast &amp; Perfect Bourjois Mais uma das novidades da Bourjois que chegou l\u00e1 em casa! Fiquei toda animada, porque me lembrou o r\u00edmel Dior 360 que eu adorooooo (post aqui). Assim como o 360, esse produtinho da Bourjois tamb\u00e9m tem um mecanismo que faz o pincel aplicador girar 360 graus para cima e para&hellip;","acf":[],"_links":{"self":[{"href":"https:\/\/www.2beauty.com.br\/blog\/wp-json\/wp\/v2\/posts\/20485","targetHints":{"allow":["GET"]}}],"collection":[{"href":"https:\/\/www.2beauty.com.br\/blog\/wp-json\/wp\/v2\/posts"}],"about":[{"href":"https:\/\/www.2beauty.com.br\/blog\/wp-json\/wp\/v2\/types\/post"}],"author":[{"embeddable":true,"href":"https:\/\/www.2beauty.com.br\/blog\/wp-json\/wp\/v2\/users\/1"}],"replies":[{"embeddable":true,"href":"https:\/\/www.2beauty.com.br\/blog\/wp-json\/wp\/v2\/comments?post=20485"}],"version-history":[{"count":0,"href":"https:\/\/www.2beauty.com.br\/blog\/wp-json\/wp\/v2\/posts\/20485\/revisions"}],"wp:attachment":[{"href":"https:\/\/www.2beauty.com.br\/blog\/wp-json\/wp\/v2\/media?parent=20485"}],"wp:term":[{"taxonomy":"category","embeddable":true,"href":"https:\/\/www.2beauty.com.br\/blog\/wp-json\/wp\/v2\/categories?post=20485"},{"taxonomy":"post_tag","embeddable":true,"href":"https:\/\/www.2beauty.com.br\/blog\/wp-json\/wp\/v2\/tags?post=20485"}],"curies":[{"name":"wp","href":"https:\/\/api.w.org\/{rel}","templated":true}]}}