{"id":20376,"date":"2011-09-01T16:34:22","date_gmt":"2011-09-01T18:34:22","guid":{"rendered":"https:\/\/www.2beauty.com.br\/blog\/?p=20376"},"modified":"2019-02-15T16:12:33","modified_gmt":"2019-02-15T18:12:33","slug":"resenha-natura-una-delineador-para-olhos-em-po-azul","status":"publish","type":"post","link":"https:\/\/www.2beauty.com.br\/blog\/2011\/09\/resenha-natura-una-delineador-para-olhos-em-po-azul\/","title":{"rendered":"Resenha: Natura Una Delineador para Olhos em P\u00f3 (Azul)"},"content":{"rendered":"<p style=\"text-align: center;\"><strong><a href=\"https:\/\/www.2beauty.com.br\/blog\/wp-content\/uploads\/2011\/09\/dnat1.jpg\"><img fetchpriority=\"high\" decoding=\"async\" class=\"alignnone size-full wp-image-20377\" title=\"dnat1\" src=\"https:\/\/www.2beauty.com.br\/blog\/wp-content\/uploads\/2011\/09\/dnat1.jpg\" alt=\"\" width=\"580\" height=\"435\" \/><\/a><\/strong><\/p>\n<p style=\"text-align: center;\"><img decoding=\"async\" style=\"width: 30px; height: 30px;\" title=\"Star\" src=\"https:\/\/www.2beauty.com.br\/blog\/images\/star.gif\" border=\"0\" alt=\"Star\" width=\"30\" height=\"30\" align=\"top\" \/><img decoding=\"async\" style=\"width: 30px; height: 30px;\" title=\"Star\" src=\"https:\/\/www.2beauty.com.br\/blog\/images\/star.gif\" border=\"0\" alt=\"Star\" width=\"30\" height=\"30\" align=\"top\" \/><img decoding=\"async\" style=\"width: 30px; height: 30px;\" title=\"Star\" src=\"https:\/\/www.2beauty.com.br\/blog\/images\/star.gif\" border=\"0\" alt=\"Star\" width=\"30\" height=\"30\" align=\"top\" \/><img decoding=\"async\" style=\"width: 30px; height: 30px;\" title=\"Star\" src=\"https:\/\/www.2beauty.com.br\/blog\/images\/star2.gif\" border=\"0\" alt=\"Star\" width=\"30\" height=\"30\" align=\"top\" \/><img decoding=\"async\" style=\"width: 30px; height: 30px;\" title=\"Star\" src=\"https:\/\/www.2beauty.com.br\/blog\/images\/star2.gif\" border=\"0\" alt=\"Star\" width=\"30\" height=\"30\" align=\"top\" \/><\/p>\n<p style=\"text-align: center;\"><strong>Tr\u00eas estrelinhas<\/strong><\/p>\n<p>Depois da tristeza que foi a <a href=\"https:\/\/www.2beauty.com.br\/blog\/2011\/08\/30\/primeiras-impressoes-natura-una-sombra-alta-cintilancia-verde-2\/\" target=\"_blank\">sombra de alta cintil\u00e2ncia Natura Una<\/a>, o delineador em p\u00f3 foi uma grata surpresa.<\/p>\n<p>Minha amiga Am\u00e1lia AMA esse produto e h\u00e1 semanas que ela me fala como \u00e9 \u00f3timo e como \u00e9 f\u00e1cil de passar e como ela t\u00e1 se puxando horrores no delineado desde que come\u00e7ou a usar, etc.<\/p>\n<p>Ela adora tanto que comprou nas tr\u00eas cores e at\u00e9 <a href=\"https:\/\/www.2beauty.com.br\/blog\/2011\/07\/25\/amostrinhasswatches-natura-una-delineador-para-olhos-em-po\/\" target=\"_blank\">bateu fotos pro blog tempos atr\u00e1s<\/a>.<\/p>\n<p><strong>Vamos \u00e0 descri\u00e7\u00e3o:<\/strong><\/p>\n<p>O Delineador em p\u00f3 para olhos Natura Una traz um aplicador inovador que em conjunto com a nova formula em p\u00f3 oferece firmeza e facilidade na aplica\u00e7\u00e3o. Com cores mates e cintilantes proporciona tra\u00e7os precisos e um olhar marcante.<\/p>\n<p>Uma unidade custa R$33,50 no site da Natura.<\/p>\n<p style=\"text-align: center;\"><strong><a href=\"https:\/\/www.2beauty.com.br\/blog\/wp-content\/uploads\/2011\/09\/dnat2.jpg\"><img loading=\"lazy\" decoding=\"async\" class=\"alignnone size-full wp-image-20378\" title=\"dnat2\" src=\"https:\/\/www.2beauty.com.br\/blog\/wp-content\/uploads\/2011\/09\/dnat2.jpg\" alt=\"\" width=\"300\" height=\"250\" \/><\/a> <a href=\"https:\/\/www.2beauty.com.br\/blog\/wp-content\/uploads\/2011\/09\/dnat3.jpg\"><img loading=\"lazy\" decoding=\"async\" class=\"alignnone size-full wp-image-20379\" title=\"dnat3\" src=\"https:\/\/www.2beauty.com.br\/blog\/wp-content\/uploads\/2011\/09\/dnat3.jpg\" alt=\"\" width=\"300\" height=\"250\" \/><\/a><\/strong><\/p>\n<p style=\"text-align: center;\"><strong>Amostrinhas com e sem flash: Delineador concentrado e esfumado<br \/>\n<\/strong><\/p>\n<p>Comprei na cor azul, porque era a \u00fanica dispon\u00edvel no site. Os tons de preto e grafite j\u00e1 estavam esgotados, infelizmente.<\/p>\n<p>A cor \u00e9 super bonita e escurinha, o que faz dela uma \u00f3tima alternativa pra quem est\u00e1 tentando variar do marrom ou do preto para todo dia.<\/p>\n<p>O aplicador tem ponta fina e arredondada que me parece ser de esponja. Ele \u00e9 bastante flex\u00edvel, mas n\u00e3o chega a ser mole, o que facilita a aplica\u00e7\u00e3o.<\/p>\n<p>Finalmente entendi o motivo do amor da Am\u00e1lia, porque \u00e9 f\u00e1cil mesmo de passar nos olhos.<\/p>\n<p>Voc\u00ea consegue um tra\u00e7o direitinho sem muito esfor\u00e7o. Okay, n\u00e3o ser\u00e1 um tra\u00e7o fin\u00edssimo, porque o design do produto n\u00e3o permite, mas o resultado final \u00e9 mais do que digno.<\/p>\n<p style=\"text-align: center;\"><strong><a href=\"https:\/\/www.2beauty.com.br\/blog\/wp-content\/uploads\/2011\/09\/dnat4.jpg\"><img loading=\"lazy\" decoding=\"async\" class=\"alignnone size-full wp-image-20380\" title=\"dnat4\" src=\"https:\/\/www.2beauty.com.br\/blog\/wp-content\/uploads\/2011\/09\/dnat4.jpg\" alt=\"\" width=\"300\" height=\"250\" \/><\/a> <a href=\"https:\/\/www.2beauty.com.br\/blog\/wp-content\/uploads\/2011\/09\/dnat5.jpg\"><img loading=\"lazy\" decoding=\"async\" class=\"alignnone size-full wp-image-20381\" title=\"dnat5\" src=\"https:\/\/www.2beauty.com.br\/blog\/wp-content\/uploads\/2011\/09\/dnat5.jpg\" alt=\"\" width=\"300\" height=\"250\" \/><\/a><\/strong><\/p>\n<p style=\"text-align: center;\"><strong>Amostrinha nos olhos<br \/>\n<\/strong><\/p>\n<p>N\u00e3o pude deixar de pensar que ele tamb\u00e9m daria uma \u00f3tima sombra, porque o p\u00f3 \u00e9 pigmentado e pega f\u00e1cil no olho.<\/p>\n<p>#FICADICA, Natura!<\/p>\n<p>Pra ser perfeito, s\u00f3 se n\u00e3o ca\u00edsse p\u00f3 abaixo do olho.<\/p>\n<p>Eu usei apenas duas vezes e a coisa do p\u00f3 que cai fora do olho melhorou da primeira aplica\u00e7\u00e3o para a segunda, mas n\u00e9&#8230; vale avisar que \u00e0s vezes tem esse inc\u00f4modo.<\/p>\n<p style=\"text-align: center;\"><strong><a href=\"https:\/\/www.2beauty.com.br\/blog\/wp-content\/uploads\/2011\/09\/dnat6.jpg\"><img loading=\"lazy\" decoding=\"async\" class=\"alignnone size-full wp-image-20382\" title=\"dnat6\" src=\"https:\/\/www.2beauty.com.br\/blog\/wp-content\/uploads\/2011\/09\/dnat6.jpg\" alt=\"\" width=\"290\" height=\"387\" srcset=\"https:\/\/www.2beauty.com.br\/blog\/wp-content\/uploads\/2011\/09\/dnat6.jpg 290w, https:\/\/www.2beauty.com.br\/blog\/wp-content\/uploads\/2011\/09\/dnat6-224x300.jpg 224w\" sizes=\"(max-width: 290px) 100vw, 290px\" \/><\/a> <a href=\"https:\/\/www.2beauty.com.br\/blog\/wp-content\/uploads\/2011\/09\/dnat7.jpg\"><img loading=\"lazy\" decoding=\"async\" class=\"alignnone size-full wp-image-20383\" title=\"dnat7\" src=\"https:\/\/www.2beauty.com.br\/blog\/wp-content\/uploads\/2011\/09\/dnat7.jpg\" alt=\"\" width=\"290\" height=\"387\" srcset=\"https:\/\/www.2beauty.com.br\/blog\/wp-content\/uploads\/2011\/09\/dnat7.jpg 290w, https:\/\/www.2beauty.com.br\/blog\/wp-content\/uploads\/2011\/09\/dnat7-224x300.jpg 224w\" sizes=\"(max-width: 290px) 100vw, 290px\" \/><\/a><\/strong><\/p>\n<p style=\"text-align: center;\"><strong>Car\u00e3o<\/strong><\/p>\n<p>Logo ap\u00f3s a aplica\u00e7\u00e3o o aspecto \u00e9 igual ao de sombra aplicada como delineador ou at\u00e9 de tra\u00e7o de l\u00e1pis levemente esfumado.<\/p>\n<p>Com o passar das horas, a minha p\u00e1lpebra oleosa &#8220;interagiu&#8221; com o  delineador em p\u00f3 e esse jeito sequinho dele come\u00e7ou a lembrar o aspecto  mais lustroso de um delineador &#8220;comum&#8221;, o que me agradou bastante.<\/p>\n<p>Fora isso, a fixa\u00e7\u00e3o na minha p\u00e1lpebra foi surpreendente em ambos os dias.<\/p>\n<p>Me pinto pela manh\u00e3, antes de sair de casa. Depois vou pro trabalho, saio do escrit\u00f3rio e me jogo na academia. Com essa rotina, \u00e9 claro que o tra\u00e7o n\u00e3o ficou liiindo das 9h \u00e0s 21h, mas a dura\u00e7\u00e3o foi muito melhor do que eu esperava.<\/p>\n<p>No meu caso, a maionese s\u00f3 desandou depois de sair do trabalho e n\u00e9&#8230; n\u00e3o h\u00e1 Cristo que fa\u00e7a maquiagem durar o dia todo e aguentar litros de suor e oleosidade ap\u00f3s aula de Power Abs ou Ritmos ou Body Combat.<\/p>\n<p><strong>Aqui v\u00e3o fotinhas de exemplo:<\/strong><\/p>\n<p style=\"text-align: center;\"><strong><a href=\"https:\/\/www.2beauty.com.br\/blog\/wp-content\/uploads\/2011\/09\/dnat8.jpg\"><img loading=\"lazy\" decoding=\"async\" class=\"alignnone size-full wp-image-20384\" title=\"dnat8\" src=\"https:\/\/www.2beauty.com.br\/blog\/wp-content\/uploads\/2011\/09\/dnat8.jpg\" alt=\"\" width=\"300\" height=\"250\" \/><\/a> <a href=\"https:\/\/www.2beauty.com.br\/blog\/wp-content\/uploads\/2011\/09\/dnat9.jpg\"><img loading=\"lazy\" decoding=\"async\" class=\"alignnone size-full wp-image-20385\" title=\"dnat9\" src=\"https:\/\/www.2beauty.com.br\/blog\/wp-content\/uploads\/2011\/09\/dnat9.jpg\" alt=\"\" width=\"300\" height=\"250\" \/><\/a><\/strong><\/p>\n<p style=\"text-align: center;\"><strong>Ap\u00f3s 12h de uso<br \/>\n<\/strong><\/p>\n<p>Coisa liiiinda essa p\u00e1lpebra melada com corretivo vencido!<\/p>\n<p>Mas s\u00e9rio, gente! No escrit\u00f3rio, durante o trabalho e tal, o delineador em p\u00f3 n\u00e3o transferiu, n\u00e3o perdeu pigmenta\u00e7\u00e3o nem nada assim.<\/p>\n<p>A situa\u00e7\u00e3o s\u00f3 ficou tensa depois do esfor\u00e7o f\u00edsico. A cor ficou mais fraca e parte do produto transferiu de leve pra parte de baixo do olho e no cantinho interno do c\u00f4ncavo.<\/p>\n<p>Outra coisa que eu notei \u00e9 que ele n\u00e3o \u00e9 muito resistente quanto \u00e0 esfreg\u00f5es. Se voc\u00ea esquece que est\u00e1 maquiada e co\u00e7a o olho, o produto sai.<\/p>\n<p>No geral, gostei muito e at\u00e9 fiquei com vontade de comprar na cor preta pra ter em casa, porque \u00e9 muito f\u00e1cil de passar e a dura\u00e7\u00e3o foi \u00f3tima no meu olho.<\/p>\n","protected":false},"excerpt":{"rendered":"<p>Tr\u00eas estrelinhas Depois da tristeza que foi a sombra de alta cintil\u00e2ncia Natura Una, o delineador em p\u00f3 foi uma grata surpresa. Minha amiga Am\u00e1lia AMA esse produto e h\u00e1 semanas que ela me fala como \u00e9 \u00f3timo e como \u00e9 f\u00e1cil de passar e como ela t\u00e1 se puxando horrores no delineado desde que come\u00e7ou a usar, etc. Ela adora tanto que comprou nas tr\u00eas cores e at\u00e9 bateu fotos pro blog tempos atr\u00e1s. Vamos \u00e0 descri\u00e7\u00e3o: O Delineador em p\u00f3 para olhos Natura Una traz um aplicador inovador que em conjunto com a nova formula em p\u00f3 oferece firmeza e facilidade na aplica\u00e7\u00e3o. Com cores mates e cintilantes proporciona tra\u00e7os precisos e um olhar marcante. Uma unidade custa R$33,50 no site da Natura. Amostrinhas com e sem flash: Delineador concentrado e esfumado Comprei na cor azul, porque era a \u00fanica dispon\u00edvel no site. Os tons de preto e grafite j\u00e1 estavam esgotados, infelizmente. A cor \u00e9 super bonita e escurinha, o que faz dela uma \u00f3tima alternativa pra quem est\u00e1 tentando variar do marrom ou do preto para todo dia. O aplicador tem ponta fina e arredondada que me parece ser de esponja. Ele \u00e9 bastante flex\u00edvel, mas n\u00e3o chega a ser mole, o que facilita a aplica\u00e7\u00e3o. Finalmente entendi o motivo do amor da Am\u00e1lia, porque \u00e9 f\u00e1cil mesmo de passar nos olhos. Voc\u00ea consegue um tra\u00e7o direitinho sem muito esfor\u00e7o. Okay, n\u00e3o ser\u00e1 um tra\u00e7o fin\u00edssimo, porque o design do produto n\u00e3o permite, mas o resultado final \u00e9 mais do que digno. Amostrinha nos olhos N\u00e3o pude deixar de pensar que ele tamb\u00e9m daria uma \u00f3tima sombra, porque o p\u00f3 \u00e9 pigmentado e pega f\u00e1cil no olho. #FICADICA, Natura! Pra ser perfeito, s\u00f3 se n\u00e3o ca\u00edsse p\u00f3 abaixo do olho. Eu usei apenas duas vezes e a coisa do p\u00f3 que cai fora do olho melhorou da primeira aplica\u00e7\u00e3o para a segunda, mas n\u00e9&#8230; vale avisar que \u00e0s vezes tem esse inc\u00f4modo. Car\u00e3o Logo ap\u00f3s a aplica\u00e7\u00e3o o aspecto \u00e9 igual ao de sombra aplicada como delineador ou at\u00e9 de tra\u00e7o de l\u00e1pis levemente esfumado. Com o passar das horas, a minha p\u00e1lpebra oleosa &#8220;interagiu&#8221; com o delineador em p\u00f3 e esse jeito sequinho dele come\u00e7ou a lembrar o aspecto mais lustroso de um delineador &#8220;comum&#8221;, o que me agradou bastante. Fora isso, a fixa\u00e7\u00e3o na minha p\u00e1lpebra foi surpreendente em ambos os dias. Me pinto pela manh\u00e3, antes de sair de casa. Depois vou pro trabalho, saio do escrit\u00f3rio e me jogo na academia. Com essa rotina, \u00e9 claro que o tra\u00e7o n\u00e3o ficou liiindo das 9h \u00e0s 21h, mas a dura\u00e7\u00e3o foi muito melhor do que eu esperava. No meu caso, a maionese s\u00f3 desandou depois de sair do trabalho e n\u00e9&#8230; n\u00e3o h\u00e1 Cristo que fa\u00e7a maquiagem durar o dia todo e aguentar litros de suor e oleosidade ap\u00f3s aula de Power Abs ou Ritmos ou Body Combat. Aqui v\u00e3o fotinhas de exemplo: Ap\u00f3s 12h de uso Coisa liiiinda essa p\u00e1lpebra melada com corretivo vencido! Mas s\u00e9rio, gente! No escrit\u00f3rio, durante o trabalho e tal, o delineador em p\u00f3 n\u00e3o transferiu, n\u00e3o perdeu pigmenta\u00e7\u00e3o nem nada assim. A situa\u00e7\u00e3o s\u00f3 ficou tensa depois do esfor\u00e7o f\u00edsico. A cor ficou mais fraca e parte do produto transferiu de leve pra parte de baixo do olho e no cantinho interno do c\u00f4ncavo. Outra coisa que eu notei \u00e9 que ele n\u00e3o \u00e9 muito resistente quanto \u00e0 esfreg\u00f5es. Se voc\u00ea esquece que est\u00e1 maquiada e co\u00e7a o olho, o produto sai. No geral, gostei muito e at\u00e9 fiquei com vontade de comprar na cor preta pra ter em casa, porque \u00e9 muito f\u00e1cil de passar e a dura\u00e7\u00e3o foi \u00f3tima no meu olho.<\/p>\n","protected":false},"author":1,"featured_media":0,"comment_status":"open","ping_status":"open","sticky":false,"template":"","format":"standard","meta":{"_uag_custom_page_level_css":"","footnotes":""},"categories":[84],"tags":[4094,4119,2251,365,1968,345],"class_list":["post-20376","post","type-post","status-publish","format-standard","hentry","category-maquiagem","tag-azul","tag-delineador","tag-delineador-em-po","tag-natura","tag-natura-una","tag-resenha"],"uagb_featured_image_src":{"full":false,"thumbnail":false,"medium":false,"medium_large":false,"large":false,"1536x1536":false,"2048x2048":false,"ashe-slider-grid-thumbnail":false,"ashe-full-thumbnail":false,"ashe-grid-thumbnail":false,"ashe-list-thumbnail":false,"ashe-single-navigation":false},"uagb_author_info":{"display_name":"Marina Smith","author_link":"https:\/\/www.2beauty.com.br\/blog\/author\/marinasmith\/"},"uagb_comment_info":51,"uagb_excerpt":"Tr\u00eas estrelinhas Depois da tristeza que foi a sombra de alta cintil\u00e2ncia Natura Una, o delineador em p\u00f3 foi uma grata surpresa. Minha amiga Am\u00e1lia AMA esse produto e h\u00e1 semanas que ela me fala como \u00e9 \u00f3timo e como \u00e9 f\u00e1cil de passar e como ela t\u00e1 se puxando horrores no delineado desde que&hellip;","acf":[],"_links":{"self":[{"href":"https:\/\/www.2beauty.com.br\/blog\/wp-json\/wp\/v2\/posts\/20376","targetHints":{"allow":["GET"]}}],"collection":[{"href":"https:\/\/www.2beauty.com.br\/blog\/wp-json\/wp\/v2\/posts"}],"about":[{"href":"https:\/\/www.2beauty.com.br\/blog\/wp-json\/wp\/v2\/types\/post"}],"author":[{"embeddable":true,"href":"https:\/\/www.2beauty.com.br\/blog\/wp-json\/wp\/v2\/users\/1"}],"replies":[{"embeddable":true,"href":"https:\/\/www.2beauty.com.br\/blog\/wp-json\/wp\/v2\/comments?post=20376"}],"version-history":[{"count":0,"href":"https:\/\/www.2beauty.com.br\/blog\/wp-json\/wp\/v2\/posts\/20376\/revisions"}],"wp:attachment":[{"href":"https:\/\/www.2beauty.com.br\/blog\/wp-json\/wp\/v2\/media?parent=20376"}],"wp:term":[{"taxonomy":"category","embeddable":true,"href":"https:\/\/www.2beauty.com.br\/blog\/wp-json\/wp\/v2\/categories?post=20376"},{"taxonomy":"post_tag","embeddable":true,"href":"https:\/\/www.2beauty.com.br\/blog\/wp-json\/wp\/v2\/tags?post=20376"}],"curies":[{"name":"wp","href":"https:\/\/api.w.org\/{rel}","templated":true}]}}