{"id":20345,"date":"2011-08-31T12:55:28","date_gmt":"2011-08-31T14:55:28","guid":{"rendered":"https:\/\/www.2beauty.com.br\/blog\/?p=20345"},"modified":"2019-02-15T16:12:34","modified_gmt":"2019-02-15T18:12:34","slug":"hairdo","status":"publish","type":"post","link":"https:\/\/www.2beauty.com.br\/blog\/2011\/08\/hairdo\/","title":{"rendered":"Apliques Hairdo"},"content":{"rendered":"<p>Senta, porque aqui vai uma tonelaaaaada de fotos&#8230;<\/p>\n<p style=\"text-align: center;\"><strong><a href=\"https:\/\/www.2beauty.com.br\/blog\/wp-content\/uploads\/2011\/08\/hairdo1.jpg\"><img fetchpriority=\"high\" decoding=\"async\" class=\"alignnone size-full wp-image-20346\" title=\"hairdo1\" src=\"https:\/\/www.2beauty.com.br\/blog\/wp-content\/uploads\/2011\/08\/hairdo1.jpg\" alt=\"\" width=\"587\" height=\"435\" srcset=\"https:\/\/www.2beauty.com.br\/blog\/wp-content\/uploads\/2011\/08\/hairdo1.jpg 587w, https:\/\/www.2beauty.com.br\/blog\/wp-content\/uploads\/2011\/08\/hairdo1-300x222.jpg 300w\" sizes=\"(max-width: 587px) 100vw, 587px\" \/><\/a><\/strong><\/p>\n<p style=\"text-align: center;\"><strong><a href=\"https:\/\/www.2beauty.com.br\/blog\/wp-content\/uploads\/2011\/08\/hairdo3.jpg\"><img decoding=\"async\" class=\"alignnone size-full wp-image-20347\" title=\"hairdo3\" src=\"https:\/\/www.2beauty.com.br\/blog\/wp-content\/uploads\/2011\/08\/hairdo3.jpg\" alt=\"\" width=\"580\" height=\"435\" srcset=\"https:\/\/www.2beauty.com.br\/blog\/wp-content\/uploads\/2011\/08\/hairdo3.jpg 580w, https:\/\/www.2beauty.com.br\/blog\/wp-content\/uploads\/2011\/08\/hairdo3-300x225.jpg 300w\" sizes=\"(max-width: 580px) 100vw, 580px\" \/><\/a><\/strong><\/p>\n<p style=\"text-align: center;\"><strong><a href=\"https:\/\/www.2beauty.com.br\/blog\/wp-content\/uploads\/2011\/08\/hairdo2.jpg\"><img decoding=\"async\" class=\"alignnone size-full wp-image-20348\" title=\"hairdo2\" src=\"https:\/\/www.2beauty.com.br\/blog\/wp-content\/uploads\/2011\/08\/hairdo2.jpg\" alt=\"\" width=\"580\" height=\"435\" srcset=\"https:\/\/www.2beauty.com.br\/blog\/wp-content\/uploads\/2011\/08\/hairdo2.jpg 580w, https:\/\/www.2beauty.com.br\/blog\/wp-content\/uploads\/2011\/08\/hairdo2-300x225.jpg 300w\" sizes=\"(max-width: 580px) 100vw, 580px\" \/><\/a><\/strong><\/p>\n<p style=\"text-align: center;\"><strong>Aplique Hairdo Franja Castanho Super Escuro<\/strong><\/p>\n<p>Quem me acompanha no Twitter (<a href=\"https:\/\/www.twitter.com\/@2beauty\" target=\"_blank\">@2beauty<\/a>) notou que eu passei os \u00faltimos dias ansiosa pela chegada dos apliques de cabelo Hairdo.<\/p>\n<p>Semana passada teve troca de banners da Sack&#8217;s aqui no blog e um deles era sobre os apliques. Como eu seeempre quis experimentar, acabei comprando os dois mais baratinhos para testar.<\/p>\n<p>Encomendei o <a href=\"https:\/\/www.sacks.com.br\/site\/produto.asp?id=10582&amp;idparceria=8913&amp;utm_source=2beauty&amp;utm_medium=post&amp;utm_campaign=hairdo\" target=\"_blank\">aplique de franja<\/a> e o <a href=\"https:\/\/www.sacks.com.br\/site\/produto.asp?id=10583&amp;idparceria=8913&amp;utm_source=2beauty&amp;utm_medium=post&amp;utm_campaign=hairdo\" target=\"_blank\">aplique de rabo de cavalo<\/a>.<\/p>\n<p>O primeiro saiu por R$164 e o segundo, por R$294 (OUCH!). N\u00e3o foi uma compra barata, mas como eu recebi $$$ de um publi, achei que seria legal reinvestir o din-din em novo conte\u00fado pro blog e divers\u00e3o capilar pra mim.<\/p>\n<p style=\"text-align: center;\"><strong><a href=\"https:\/\/www.2beauty.com.br\/blog\/wp-content\/uploads\/2011\/08\/hairdo7.jpg\"><img loading=\"lazy\" decoding=\"async\" class=\"alignnone size-full wp-image-20349\" title=\"hairdo7\" src=\"https:\/\/www.2beauty.com.br\/blog\/wp-content\/uploads\/2011\/08\/hairdo7.jpg\" alt=\"\" width=\"580\" height=\"435\" srcset=\"https:\/\/www.2beauty.com.br\/blog\/wp-content\/uploads\/2011\/08\/hairdo7.jpg 580w, https:\/\/www.2beauty.com.br\/blog\/wp-content\/uploads\/2011\/08\/hairdo7-300x225.jpg 300w\" sizes=\"(max-width: 580px) 100vw, 580px\" \/><\/a><\/strong><\/p>\n<p style=\"text-align: center;\"><strong><a href=\"https:\/\/www.2beauty.com.br\/blog\/wp-content\/uploads\/2011\/08\/hairdo9.jpg\"><img loading=\"lazy\" decoding=\"async\" class=\"alignnone size-full wp-image-20350\" title=\"hairdo9\" src=\"https:\/\/www.2beauty.com.br\/blog\/wp-content\/uploads\/2011\/08\/hairdo9.jpg\" alt=\"\" width=\"580\" height=\"435\" srcset=\"https:\/\/www.2beauty.com.br\/blog\/wp-content\/uploads\/2011\/08\/hairdo9.jpg 580w, https:\/\/www.2beauty.com.br\/blog\/wp-content\/uploads\/2011\/08\/hairdo9-300x225.jpg 300w\" sizes=\"(max-width: 580px) 100vw, 580px\" \/><\/a><\/strong><\/p>\n<p style=\"text-align: center;\"><strong><a href=\"https:\/\/www.2beauty.com.br\/blog\/wp-content\/uploads\/2011\/08\/hairdo8.jpg\"><img loading=\"lazy\" decoding=\"async\" class=\"alignnone size-full wp-image-20351\" title=\"hairdo8\" src=\"https:\/\/www.2beauty.com.br\/blog\/wp-content\/uploads\/2011\/08\/hairdo8.jpg\" alt=\"\" width=\"580\" height=\"435\" srcset=\"https:\/\/www.2beauty.com.br\/blog\/wp-content\/uploads\/2011\/08\/hairdo8.jpg 580w, https:\/\/www.2beauty.com.br\/blog\/wp-content\/uploads\/2011\/08\/hairdo8-300x225.jpg 300w\" sizes=\"(max-width: 580px) 100vw, 580px\" \/><\/a><\/strong><\/p>\n<p style=\"text-align: center;\"><strong>Aplique Hairdo Rabo de Cavalo Castanho Super Escuro<\/strong><\/p>\n<p>Pra quem n\u00e3o conhece, a marca Hairdo \u00e9 resultado de uma parceria da Jessica Simpson com Ken Paves, seu cabelereiro e melhor amigo.<\/p>\n<p>O cabelo dos apliques n\u00e3o \u00e9 natural e sim uma fibra chamada Kanekalon Vibralite, de aspecto bem pr\u00f3ximo ao do cabelo humano.<\/p>\n<p>Diz no <a href=\"https:\/\/www.hairdobrasil.com.br\/oque\/mais.php\" target=\"_blank\">site oficial<\/a> que os tais apliques s\u00e3o exatamente os mesmos que Jessica usa em apari\u00e7\u00f5es.<\/p>\n<p>* aham *<\/p>\n<p>T\u00f4 nem a\u00ed se \u00e9 verdade ou n\u00e3o, porque o que faz meu olhinho brilhar por esses apliques \u00e9 o sistema de aplica\u00e7\u00e3o clip-in.<\/p>\n<p>A franja tem tr\u00eas presilhas de fixa\u00e7\u00e3o e o rabo de cavalo tem um pente com dentinhos pra prender na base e uma mecha &#8220;decorativa&#8221; com velcro que voc\u00ea enrola ao redor do rabo para dar acabamento.<\/p>\n<p>Aqui tem <a href=\"https:\/\/www.youtube.com\/watch?v=ppbatmcaFkg&amp;feature=related\" target=\"_blank\">um v\u00eddeo de como funciona a franja<\/a> e aqui, <a href=\"https:\/\/www.youtube.com\/watch?v=G5RUD5pdXHA\" target=\"_blank\">um do rabo de cavalo<\/a>.<\/p>\n<p style=\"text-align: center;\"><strong><a href=\"https:\/\/www.2beauty.com.br\/blog\/wp-content\/uploads\/2011\/08\/hairdo13.jpg\"><img loading=\"lazy\" decoding=\"async\" class=\"alignnone size-full wp-image-20352\" title=\"hairdo13\" src=\"https:\/\/www.2beauty.com.br\/blog\/wp-content\/uploads\/2011\/08\/hairdo13.jpg\" alt=\"\" width=\"580\" height=\"428\" srcset=\"https:\/\/www.2beauty.com.br\/blog\/wp-content\/uploads\/2011\/08\/hairdo13.jpg 580w, https:\/\/www.2beauty.com.br\/blog\/wp-content\/uploads\/2011\/08\/hairdo13-300x221.jpg 300w\" sizes=\"(max-width: 580px) 100vw, 580px\" \/><\/a><\/strong><\/p>\n<p style=\"text-align: center;\"><strong>Presilhas<\/strong><\/p>\n<p>Fiz a aplica\u00e7\u00e3o de ambos seguindo as instru\u00e7\u00f5es dos v\u00eddeos e do passo a passo da embalagem e fiquei muito satisfeita com alguns aspectos, mas nem tanto com outros.<\/p>\n<p><strong>Quer ver como ficou?<\/strong><\/p>\n<p>Clica no link abaixo para seguir lendo.<\/p>\n<p><!--more--><\/p>\n<p style=\"text-align: center;\"><strong><a href=\"https:\/\/www.2beauty.com.br\/blog\/wp-content\/uploads\/2011\/08\/hairdo4.jpg\"><img loading=\"lazy\" decoding=\"async\" class=\"alignnone size-full wp-image-20353\" title=\"hairdo4\" src=\"https:\/\/www.2beauty.com.br\/blog\/wp-content\/uploads\/2011\/08\/hairdo4.jpg\" alt=\"\" width=\"435\" height=\"580\" srcset=\"https:\/\/www.2beauty.com.br\/blog\/wp-content\/uploads\/2011\/08\/hairdo4.jpg 435w, https:\/\/www.2beauty.com.br\/blog\/wp-content\/uploads\/2011\/08\/hairdo4-225x300.jpg 225w\" sizes=\"(max-width: 435px) 100vw, 435px\" \/><\/a><\/strong><\/p>\n<p style=\"text-align: center;\"><strong><a href=\"https:\/\/www.2beauty.com.br\/blog\/wp-content\/uploads\/2011\/08\/hairdo6.jpg\"><img loading=\"lazy\" decoding=\"async\" class=\"alignnone size-full wp-image-20355\" title=\"hairdo6\" src=\"https:\/\/www.2beauty.com.br\/blog\/wp-content\/uploads\/2011\/08\/hairdo6.jpg\" alt=\"\" width=\"435\" height=\"580\" srcset=\"https:\/\/www.2beauty.com.br\/blog\/wp-content\/uploads\/2011\/08\/hairdo6.jpg 435w, https:\/\/www.2beauty.com.br\/blog\/wp-content\/uploads\/2011\/08\/hairdo6-225x300.jpg 225w\" sizes=\"(max-width: 435px) 100vw, 435px\" \/><\/a><\/strong><\/p>\n<p style=\"text-align: center;\"><strong>Franja<\/strong><\/p>\n<p>A franja fake foi um sucesso! A cor do aplique fechou bem com o resto do meu cabelo e o aspecto ficou muito realista.<\/p>\n<p>A cor que comprei \u00e9 a Castanhos Super Escuro e n\u00e3o chega a ser t\u00e3o escura quanto o meu cabelo preto, mas n\u00e3o deu pra notar diferen\u00e7a de um pro outro.<\/p>\n<p>O aplique tem umas mechas laterais mais compridas que tamb\u00e9m ajudam a misturar o cabelo fake com o cabelo verdadeiro.<\/p>\n<p>Foi bem f\u00e1cil de aplicar! O resultado ficou super com meu cabelo alisado, mas tamb\u00e9m rola de usar com ele mais ondulado.<\/p>\n<p style=\"text-align: center;\"><strong><a href=\"https:\/\/www.2beauty.com.br\/blog\/wp-content\/uploads\/2011\/08\/hairdo10.jpg\"><img loading=\"lazy\" decoding=\"async\" class=\"alignnone size-full wp-image-20356\" title=\"hairdo10\" src=\"https:\/\/www.2beauty.com.br\/blog\/wp-content\/uploads\/2011\/08\/hairdo10.jpg\" alt=\"\" width=\"435\" height=\"580\" srcset=\"https:\/\/www.2beauty.com.br\/blog\/wp-content\/uploads\/2011\/08\/hairdo10.jpg 435w, https:\/\/www.2beauty.com.br\/blog\/wp-content\/uploads\/2011\/08\/hairdo10-225x300.jpg 225w\" sizes=\"(max-width: 435px) 100vw, 435px\" \/><\/a><\/strong><\/p>\n<p style=\"text-align: center;\"><strong><a href=\"https:\/\/www.2beauty.com.br\/blog\/wp-content\/uploads\/2011\/08\/hairdo12.jpg\"><img loading=\"lazy\" decoding=\"async\" class=\"alignnone size-full wp-image-20357\" title=\"hairdo12\" src=\"https:\/\/www.2beauty.com.br\/blog\/wp-content\/uploads\/2011\/08\/hairdo12.jpg\" alt=\"\" width=\"435\" height=\"580\" srcset=\"https:\/\/www.2beauty.com.br\/blog\/wp-content\/uploads\/2011\/08\/hairdo12.jpg 435w, https:\/\/www.2beauty.com.br\/blog\/wp-content\/uploads\/2011\/08\/hairdo12-225x300.jpg 225w\" sizes=\"(max-width: 435px) 100vw, 435px\" \/><\/a><\/strong><\/p>\n<p style=\"text-align: center;\"><strong>Rabo de cavalo<br \/>\n<\/strong><\/p>\n<p>O rabo de cavalo n\u00e3o foi t\u00e3o f\u00e1cil, infelizmente. Eu sou muito nega\u00e7\u00e3o para penteados e me enrolei pra acertar o velcro da mecha decorativa ao redor da base. N\u00e3o foi uma luta, mas tamb\u00e9m n\u00e3o foi t\u00e3o f\u00e1cil quanto a franja.<\/p>\n<p>Pra ficar direito, alisei o meu cabelo com prancha.<\/p>\n<p>Ahh, vale comentar que ainda n\u00e3o experimentei modelar o aplique, mas a embalagem diz que o rabo pode ser arrumado caso voc\u00ea prefira um look mais ondulado ou cacheado.<\/p>\n<p>Prendi o aplique direitinho e no geral ficou bacana, mas a cor n\u00e3o fechou 100%.<\/p>\n<p>Esse aplique tamb\u00e9m \u00e9 Castanho Super Escuro, mas, dependendo da ilumina\u00e7\u00e3o, d\u00e1 pra notar que ele \u00e9 mais claro que o meu cabelo natural.<\/p>\n<p>Rola pra usar em festas ou a noite, mas pra todo dia, \u00e9 muita fora\u00e7\u00e3o de barra, entende?<\/p>\n<p>Quanto ao resto, achei o poder de fixa\u00e7\u00e3o dos clipes e pentes e a textura do cabelo muito bons. N\u00e3o \u00e9 cabelo de verdade, mas n\u00e3o parece aqueles apliques pooobres que lembram pl\u00e1stico ou nylon.<\/p>\n<p>T\u00f4 super com vontade de experimentar os <a href=\"https:\/\/www.sacks.com.br\/site\/produto.asp?id=10580&amp;idparceria=8913&amp;utm_source=2beauty&amp;utm_medium=post&amp;utm_campaign=hairdo\" target=\"_blank\">apliques grand\u00f5es<\/a> pra usar com o cabelo solto, mas eles custam mais de R$300, ent\u00e3o neeeeeem pensar, pelo menos por enquanto.<\/p>\n<p>&#8211; &#8211; &#8211; &#8211; &#8211;<\/p>\n<p>PS: Pra quem quer conferir os pontos de venda pra ver os apliques ao vivo, aqui tem a info de endere\u00e7os: <a href=\"https:\/\/www.hairdobrasil.com.br\/onde.php\" target=\"_blank\">https:\/\/www.hairdobrasil.com.br\/onde.php<\/a> (obrigada pela dica, gurias!)<\/p>\n<p>PS 2: Nos States os apliques s\u00e3o muuuito mais baratos e pra quem curte uma comprinha no eBay, \u00e9 super f\u00e1cil de achar Hairdo por l\u00e1.<\/p>\n","protected":false},"excerpt":{"rendered":"<p>Senta, porque aqui vai uma tonelaaaaada de fotos&#8230; Aplique Hairdo Franja Castanho Super Escuro Quem me acompanha no Twitter (@2beauty) notou que eu passei os \u00faltimos dias ansiosa pela chegada dos apliques de cabelo Hairdo. Semana passada teve troca de banners da Sack&#8217;s aqui no blog e um deles era sobre os apliques. Como eu seeempre quis experimentar, acabei comprando os dois mais baratinhos para testar. Encomendei o aplique de franja e o aplique de rabo de cavalo. O primeiro saiu por R$164 e o segundo, por R$294 (OUCH!). N\u00e3o foi uma compra barata, mas como eu recebi $$$ de um publi, achei que seria legal reinvestir o din-din em novo conte\u00fado pro blog e divers\u00e3o capilar pra mim. Aplique Hairdo Rabo de Cavalo Castanho Super Escuro Pra quem n\u00e3o conhece, a marca Hairdo \u00e9 resultado de uma parceria da Jessica Simpson com Ken Paves, seu cabelereiro e melhor amigo. O cabelo dos apliques n\u00e3o \u00e9 natural e sim uma fibra chamada Kanekalon Vibralite, de aspecto bem pr\u00f3ximo ao do cabelo humano. Diz no site oficial que os tais apliques s\u00e3o exatamente os mesmos que Jessica usa em apari\u00e7\u00f5es. * aham * T\u00f4 nem a\u00ed se \u00e9 verdade ou n\u00e3o, porque o que faz meu olhinho brilhar por esses apliques \u00e9 o sistema de aplica\u00e7\u00e3o clip-in. A franja tem tr\u00eas presilhas de fixa\u00e7\u00e3o e o rabo de cavalo tem um pente com dentinhos pra prender na base e uma mecha &#8220;decorativa&#8221; com velcro que voc\u00ea enrola ao redor do rabo para dar acabamento. Aqui tem um v\u00eddeo de como funciona a franja e aqui, um do rabo de cavalo. Presilhas Fiz a aplica\u00e7\u00e3o de ambos seguindo as instru\u00e7\u00f5es dos v\u00eddeos e do passo a passo da embalagem e fiquei muito satisfeita com alguns aspectos, mas nem tanto com outros. Quer ver como ficou? Clica no link abaixo para seguir lendo.<\/p>\n","protected":false},"author":1,"featured_media":0,"comment_status":"open","ping_status":"open","sticky":false,"template":"","format":"standard","meta":{"_uag_custom_page_level_css":"","footnotes":""},"categories":[694],"tags":[2324,2327,4153,2325,2326],"class_list":["post-20345","post","type-post","status-publish","format-standard","hentry","category-cabelo","tag-aplique","tag-aplique-tic-tac","tag-cabelo","tag-hairdo","tag-jessica-simpson"],"uagb_featured_image_src":{"full":false,"thumbnail":false,"medium":false,"medium_large":false,"large":false,"1536x1536":false,"2048x2048":false,"ashe-slider-grid-thumbnail":false,"ashe-full-thumbnail":false,"ashe-grid-thumbnail":false,"ashe-list-thumbnail":false,"ashe-single-navigation":false},"uagb_author_info":{"display_name":"Marina Smith","author_link":"https:\/\/www.2beauty.com.br\/blog\/author\/marinasmith\/"},"uagb_comment_info":206,"uagb_excerpt":"Senta, porque aqui vai uma tonelaaaaada de fotos&#8230; Aplique Hairdo Franja Castanho Super Escuro Quem me acompanha no Twitter (@2beauty) notou que eu passei os \u00faltimos dias ansiosa pela chegada dos apliques de cabelo Hairdo. Semana passada teve troca de banners da Sack&#8217;s aqui no blog e um deles era sobre os apliques. Como eu&hellip;","acf":[],"_links":{"self":[{"href":"https:\/\/www.2beauty.com.br\/blog\/wp-json\/wp\/v2\/posts\/20345","targetHints":{"allow":["GET"]}}],"collection":[{"href":"https:\/\/www.2beauty.com.br\/blog\/wp-json\/wp\/v2\/posts"}],"about":[{"href":"https:\/\/www.2beauty.com.br\/blog\/wp-json\/wp\/v2\/types\/post"}],"author":[{"embeddable":true,"href":"https:\/\/www.2beauty.com.br\/blog\/wp-json\/wp\/v2\/users\/1"}],"replies":[{"embeddable":true,"href":"https:\/\/www.2beauty.com.br\/blog\/wp-json\/wp\/v2\/comments?post=20345"}],"version-history":[{"count":0,"href":"https:\/\/www.2beauty.com.br\/blog\/wp-json\/wp\/v2\/posts\/20345\/revisions"}],"wp:attachment":[{"href":"https:\/\/www.2beauty.com.br\/blog\/wp-json\/wp\/v2\/media?parent=20345"}],"wp:term":[{"taxonomy":"category","embeddable":true,"href":"https:\/\/www.2beauty.com.br\/blog\/wp-json\/wp\/v2\/categories?post=20345"},{"taxonomy":"post_tag","embeddable":true,"href":"https:\/\/www.2beauty.com.br\/blog\/wp-json\/wp\/v2\/tags?post=20345"}],"curies":[{"name":"wp","href":"https:\/\/api.w.org\/{rel}","templated":true}]}}