{"id":19506,"date":"2011-07-25T16:44:22","date_gmt":"2011-07-25T18:44:22","guid":{"rendered":"https:\/\/www.2beauty.com.br\/blog\/?p=19506"},"modified":"2019-02-15T16:12:37","modified_gmt":"2019-02-15T18:12:37","slug":"amostrinhasswatches-natura-una-delineador-para-olhos-em-po","status":"publish","type":"post","link":"https:\/\/www.2beauty.com.br\/blog\/2011\/07\/amostrinhasswatches-natura-una-delineador-para-olhos-em-po\/","title":{"rendered":"Amostrinhas\/swatches: Natura Una Delineador para Olhos em P\u00f3"},"content":{"rendered":"<p style=\"text-align: center;\"><strong><a href=\"https:\/\/www.2beauty.com.br\/blog\/wp-content\/uploads\/2011\/07\/n01.jpg\"><img fetchpriority=\"high\" decoding=\"async\" class=\"alignnone size-full wp-image-19507\" title=\"n01\" src=\"https:\/\/www.2beauty.com.br\/blog\/wp-content\/uploads\/2011\/07\/n01.jpg\" alt=\"\" width=\"580\" height=\"435\" \/><\/a><\/strong><\/p>\n<p style=\"text-align: center;\"><strong>Delineador em p\u00f3 da Natura<br \/>\n<\/strong><\/p>\n<p>Olha que bacana: a Am\u00e1lia bateu algumas fotos do delineador em p\u00f3 que ela tanto adora e aproveitou pra dar mais alguns detalhes.<\/p>\n<p>Ela disse que o aplicador \u00e9 grossinho, ent\u00e3o n\u00e3o d\u00e1 pra fazer tra\u00e7o suuuuper fino ou aquele puxadinho pra fora do olho, mas que \u00e9 um produto muito bom pra definir a linha dos c\u00edlios.<\/p>\n<p>A Am\u00e1lia gostou muito da fixa\u00e7\u00e3o tamb\u00e9m. Ontem mesmo ela usou o dia inteiro e quando saiu pra jantar, ainda estava com os olhos pintadinhos.<\/p>\n<p>Perguntei se n\u00e3o tem problema de p\u00f3 cair fora do olho durante a aplica\u00e7\u00e3o e ela disse que cai um pouco, mas que com um pincel vassourinha\/fan (<a href=\"https:\/\/2.bp.blogspot.com\/-g1_Tiak-YEY\/TebjSvh74jI\/AAAAAAAABR0\/MWwiQGdihms\/s1600\/fan.jpg\" target=\"_blank\">foto aqui<\/a>) ela remove as part\u00edculas sem problema de manchar\/borrar o make.<\/p>\n<p>Ela tamb\u00e9m disse que o tra\u00e7o fica bom j\u00e1 na primeira passada, mas que gosta de passar umas duas vezes pra cor ficar bem forte.<\/p>\n<p style=\"text-align: center;\"><strong><a href=\"https:\/\/www.2beauty.com.br\/blog\/wp-content\/uploads\/2011\/07\/n02.jpg\"><img decoding=\"async\" class=\"alignnone size-full wp-image-19508\" title=\"n02\" src=\"https:\/\/www.2beauty.com.br\/blog\/wp-content\/uploads\/2011\/07\/n02.jpg\" alt=\"\" width=\"580\" height=\"435\" srcset=\"https:\/\/www.2beauty.com.br\/blog\/wp-content\/uploads\/2011\/07\/n02.jpg 580w, https:\/\/www.2beauty.com.br\/blog\/wp-content\/uploads\/2011\/07\/n02-300x225.jpg 300w\" sizes=\"(max-width: 580px) 100vw, 580px\" \/><\/a><\/strong><\/p>\n<p style=\"text-align: center;\"><strong>Grafite, Preto e Azul<\/strong><\/p>\n<p>Lembrando que o preferido da Am\u00e1lia \u00e9 o Grafite, porque ela acha que combina mais com a pele clarinha dela.<\/p>\n<p><strong>No site da Natura diz que: <\/strong><\/p>\n<blockquote><p>O Delineador em p\u00f3 para olhos Natura Una traz um  aplicador inovador que em conjunto com a nova formula em p\u00f3 oferece  firmeza e facilidade na aplica\u00e7\u00e3o. Com cores mates e cintilantes  proporciona tra\u00e7os precisos e um olhar marcante.<\/p>\n<p>Benef\u00edcios: Firmeza na aplica\u00e7\u00e3o e cores marcantes. Alta dura\u00e7\u00e3o.<\/p>\n<p>Pre\u00e7o: R$33,50<\/p><\/blockquote>\n<p>N\u00e3o \u00e9 suuuper barato, mas vou encomendar pra fazer resenha.<\/p>\n<p>Ali\u00e1s, voc\u00eas tem notado que os pre\u00e7os da Natura est\u00e3o meio altos demaaaaais?<\/p>\n<p>Eu quase cuspi minha Coca-Light pelo nariz quando vi que o site est\u00e1 cobrando mais de R$40 pela sombra unit\u00e1ria.<\/p>\n<p><strong>Gente, onde vamos parar?<\/strong><\/p>\n<p style=\"text-align: center;\"><strong><a href=\"https:\/\/www.2beauty.com.br\/blog\/wp-content\/uploads\/2011\/07\/n03.jpg\"><img decoding=\"async\" class=\"alignnone size-full wp-image-19509\" title=\"n03\" src=\"https:\/\/www.2beauty.com.br\/blog\/wp-content\/uploads\/2011\/07\/n03.jpg\" alt=\"\" width=\"300\" height=\"250\" \/><\/a> <a href=\"https:\/\/www.2beauty.com.br\/blog\/wp-content\/uploads\/2011\/07\/n04.jpg\"><img loading=\"lazy\" decoding=\"async\" class=\"alignnone size-full wp-image-19510\" title=\"n04\" src=\"https:\/\/www.2beauty.com.br\/blog\/wp-content\/uploads\/2011\/07\/n04.jpg\" alt=\"\" width=\"300\" height=\"250\" \/><\/a><\/strong><\/p>\n<p style=\"text-align: center;\"><strong>Amostrinha da cor Grafite nos olhos<\/strong><\/p>\n<p>Tem post sobre esse produtinho no querido <a href=\"https:\/\/www.coisasdediva.com.br\/2011\/06\/delineador-em-po-natura\/\" target=\"_blank\">Coisas de Diva<\/a> e no <a href=\"https:\/\/claudinhastoco.virgula.uol.com.br\/delineador-em-po-da-natura-una\/\" target=\"_blank\">blog da Claudinha Stoco<\/a>.<\/p>\n<p><strong>Obrigada, Am\u00e1lia :) D\u00e1 beijos na Anubis por mim!<\/strong><\/p>\n","protected":false},"excerpt":{"rendered":"<p>Delineador em p\u00f3 da Natura Olha que bacana: a Am\u00e1lia bateu algumas fotos do delineador em p\u00f3 que ela tanto adora e aproveitou pra dar mais alguns detalhes. Ela disse que o aplicador \u00e9 grossinho, ent\u00e3o n\u00e3o d\u00e1 pra fazer tra\u00e7o suuuuper fino ou aquele puxadinho pra fora do olho, mas que \u00e9 um produto muito bom pra definir a linha dos c\u00edlios. A Am\u00e1lia gostou muito da fixa\u00e7\u00e3o tamb\u00e9m. Ontem mesmo ela usou o dia inteiro e quando saiu pra jantar, ainda estava com os olhos pintadinhos. Perguntei se n\u00e3o tem problema de p\u00f3 cair fora do olho durante a aplica\u00e7\u00e3o e ela disse que cai um pouco, mas que com um pincel vassourinha\/fan (foto aqui) ela remove as part\u00edculas sem problema de manchar\/borrar o make. Ela tamb\u00e9m disse que o tra\u00e7o fica bom j\u00e1 na primeira passada, mas que gosta de passar umas duas vezes pra cor ficar bem forte. Grafite, Preto e Azul Lembrando que o preferido da Am\u00e1lia \u00e9 o Grafite, porque ela acha que combina mais com a pele clarinha dela. No site da Natura diz que: O Delineador em p\u00f3 para olhos Natura Una traz um aplicador inovador que em conjunto com a nova formula em p\u00f3 oferece firmeza e facilidade na aplica\u00e7\u00e3o. Com cores mates e cintilantes proporciona tra\u00e7os precisos e um olhar marcante. Benef\u00edcios: Firmeza na aplica\u00e7\u00e3o e cores marcantes. Alta dura\u00e7\u00e3o. Pre\u00e7o: R$33,50 N\u00e3o \u00e9 suuuper barato, mas vou encomendar pra fazer resenha. Ali\u00e1s, voc\u00eas tem notado que os pre\u00e7os da Natura est\u00e3o meio altos demaaaaais? Eu quase cuspi minha Coca-Light pelo nariz quando vi que o site est\u00e1 cobrando mais de R$40 pela sombra unit\u00e1ria. Gente, onde vamos parar? Amostrinha da cor Grafite nos olhos Tem post sobre esse produtinho no querido Coisas de Diva e no blog da Claudinha Stoco. Obrigada, Am\u00e1lia :) D\u00e1 beijos na Anubis por mim!<\/p>\n","protected":false},"author":1,"featured_media":0,"comment_status":"open","ping_status":"open","sticky":false,"template":"","format":"standard","meta":{"_uag_custom_page_level_css":"","footnotes":""},"categories":[84],"tags":[2252,2251,365,1968,419],"class_list":["post-19506","post","type-post","status-publish","format-standard","hentry","category-maquiagem","tag-amostrinhas","tag-delineador-em-po","tag-natura","tag-natura-una","tag-swatches"],"uagb_featured_image_src":{"full":false,"thumbnail":false,"medium":false,"medium_large":false,"large":false,"1536x1536":false,"2048x2048":false,"ashe-slider-grid-thumbnail":false,"ashe-full-thumbnail":false,"ashe-grid-thumbnail":false,"ashe-list-thumbnail":false,"ashe-single-navigation":false},"uagb_author_info":{"display_name":"Marina Smith","author_link":"https:\/\/www.2beauty.com.br\/blog\/author\/marinasmith\/"},"uagb_comment_info":89,"uagb_excerpt":"Delineador em p\u00f3 da Natura Olha que bacana: a Am\u00e1lia bateu algumas fotos do delineador em p\u00f3 que ela tanto adora e aproveitou pra dar mais alguns detalhes. Ela disse que o aplicador \u00e9 grossinho, ent\u00e3o n\u00e3o d\u00e1 pra fazer tra\u00e7o suuuuper fino ou aquele puxadinho pra fora do olho, mas que \u00e9 um produto&hellip;","acf":[],"_links":{"self":[{"href":"https:\/\/www.2beauty.com.br\/blog\/wp-json\/wp\/v2\/posts\/19506","targetHints":{"allow":["GET"]}}],"collection":[{"href":"https:\/\/www.2beauty.com.br\/blog\/wp-json\/wp\/v2\/posts"}],"about":[{"href":"https:\/\/www.2beauty.com.br\/blog\/wp-json\/wp\/v2\/types\/post"}],"author":[{"embeddable":true,"href":"https:\/\/www.2beauty.com.br\/blog\/wp-json\/wp\/v2\/users\/1"}],"replies":[{"embeddable":true,"href":"https:\/\/www.2beauty.com.br\/blog\/wp-json\/wp\/v2\/comments?post=19506"}],"version-history":[{"count":0,"href":"https:\/\/www.2beauty.com.br\/blog\/wp-json\/wp\/v2\/posts\/19506\/revisions"}],"wp:attachment":[{"href":"https:\/\/www.2beauty.com.br\/blog\/wp-json\/wp\/v2\/media?parent=19506"}],"wp:term":[{"taxonomy":"category","embeddable":true,"href":"https:\/\/www.2beauty.com.br\/blog\/wp-json\/wp\/v2\/categories?post=19506"},{"taxonomy":"post_tag","embeddable":true,"href":"https:\/\/www.2beauty.com.br\/blog\/wp-json\/wp\/v2\/tags?post=19506"}],"curies":[{"name":"wp","href":"https:\/\/api.w.org\/{rel}","templated":true}]}}