{"id":19399,"date":"2011-07-20T23:52:26","date_gmt":"2011-07-21T01:52:26","guid":{"rendered":"https:\/\/www.2beauty.com.br\/blog\/?p=19399"},"modified":"2019-02-15T16:12:37","modified_gmt":"2019-02-15T18:12:37","slug":"fica-em-paz-ana","status":"publish","type":"post","link":"https:\/\/www.2beauty.com.br\/blog\/2011\/07\/fica-em-paz-ana\/","title":{"rendered":"Fica em paz, Ana"},"content":{"rendered":"<p style=\"text-align: center;\"><a href=\"https:\/\/www.2beauty.com.br\/blog\/wp-content\/uploads\/2011\/07\/analuisa.jpg\"><img fetchpriority=\"high\" decoding=\"async\" class=\"size-full wp-image-19400 aligncenter\" title=\"analuisa\" src=\"https:\/\/www.2beauty.com.br\/blog\/wp-content\/uploads\/2011\/07\/analuisa.jpg\" alt=\"\" width=\"435\" height=\"580\" srcset=\"https:\/\/www.2beauty.com.br\/blog\/wp-content\/uploads\/2011\/07\/analuisa.jpg 435w, https:\/\/www.2beauty.com.br\/blog\/wp-content\/uploads\/2011\/07\/analuisa-326x435.jpg 326w\" sizes=\"(max-width: 435px) 100vw, 435px\" \/><\/a><\/p>\n<blockquote><p><strong>Ana Luiza<\/strong><br \/>\n<em>Composi\u00e7\u00e3o: Antonio Carlos Jobim<\/em><\/p>\n<p>Suponho<br \/>\nAna Luiza<br \/>\nSe a guarda cochila<br \/>\nEu posso penetrar no castelo<br \/>\nE galgar a muralha de onde se divisa<br \/>\nO vale, os prados, os matos, os montes,<br \/>\nas flores, as fontes, Luiza<br \/>\nAna Luiza<br \/>\nEu fiz esta can\u00e7\u00e3o pra voc\u00ea<br \/>\nQue pergunta precisa saber<br \/>\nOnde anda Luiza<br \/>\nLuiza<br \/>\nLuiza<br \/>\nLuiza<br \/>\nPor qu\u00ea me negas tanto assim a primavera?<br \/>\nSe sabes que a \u00faltima quimera<br \/>\nExiste no mundo de Ana Luiza<br \/>\nPrimavera, Ana Luiza<br \/>\nTeus olhos<br \/>\nEm que lago, em que serra, em que mar se oculta?<br \/>\nEscuta, Luiza<br \/>\nNa brisa uma can\u00e7\u00e3o fala em voc\u00ea<br \/>\nE pergunta insiste em saber, onde anda Luiza<br \/>\nLuiza<br \/>\nLuiza<br \/>\nLuiza<br \/>\nLuiza<br \/>\nEu te amo tanto<br \/>\nQuem h\u00e1 de resistir a todo encanto<br \/>\nQue existe, assiste, em Ana Luiza<\/p><\/blockquote>\n<p>Hoje a Mi me avisou que a Ana Luisa, conhecida como analud por aqui, morreu de fal\u00eancia geral dos \u00f3rg\u00e3os gra\u00e7as a um c\u00e2ncer fulminante.<\/p>\n<p>Eu chorei e me perguntei, por mais bobo que pare\u00e7a, por que?<\/p>\n<p>A Ana era uma menina simp\u00e1tica e querida, mas que eu conhecia pouco e apenas atrav\u00e9s de algumas mensagens.<\/p>\n<p>Acho que a not\u00edcia me pegou desse jeito (assim como pegou \u00e0s meninas do f\u00f3rum do blog), porque ela poderia ser eu. Poderia ser uma prima ou uma amiga ou uma conhecida bacana que sempre tem algo legal a dizer quando te encontra.<\/p>\n<p>Pensei na m\u00e3e dela e meu cora\u00e7\u00e3o partiu, porque uma m\u00e3e nunca espera ter que ir ao vel\u00f3rio de um filho. Imagino a dor e fico quase incr\u00e9dula sobre como o nosso per\u00edodo na terra \u00e9 passageiro e sobre como o destino pode ser injusto.<\/p>\n<p>A Ana era como qualquer uma de n\u00f3s e, no entanto, perdeu a vida aos 32 anos e de forma t\u00e3o repentina.<\/p>\n<p>Faz voc\u00ea pensar, n\u00e3o faz?<\/p>\n<p>O f\u00f3rum 2Beauty sente a sua falta, Ana Luisa. <strong>Fique em paz e que Deus aben\u00e7oe voc\u00ea e a sua fam\u00edlia nesse momento t\u00e3o dif\u00edcil.<br \/>\n<\/strong><\/p>\n","protected":false},"excerpt":{"rendered":"<p>Ana Luiza Composi\u00e7\u00e3o: Antonio Carlos Jobim Suponho Ana Luiza Se a guarda cochila Eu posso penetrar no castelo E galgar a muralha de onde se divisa O vale, os prados, os matos, os montes, as flores, as fontes, Luiza Ana Luiza Eu fiz esta can\u00e7\u00e3o pra voc\u00ea Que pergunta precisa saber Onde anda Luiza Luiza Luiza Luiza Por qu\u00ea me negas tanto assim a primavera? Se sabes que a \u00faltima quimera Existe no mundo de Ana Luiza Primavera, Ana Luiza Teus olhos Em que lago, em que serra, em que mar se oculta? Escuta, Luiza Na brisa uma can\u00e7\u00e3o fala em voc\u00ea E pergunta insiste em saber, onde anda Luiza Luiza Luiza Luiza Luiza Eu te amo tanto Quem h\u00e1 de resistir a todo encanto Que existe, assiste, em Ana Luiza Hoje a Mi me avisou que a Ana Luisa, conhecida como analud por aqui, morreu de fal\u00eancia geral dos \u00f3rg\u00e3os gra\u00e7as a um c\u00e2ncer fulminante. Eu chorei e me perguntei, por mais bobo que pare\u00e7a, por que? A Ana era uma menina simp\u00e1tica e querida, mas que eu conhecia pouco e apenas atrav\u00e9s de algumas mensagens. Acho que a not\u00edcia me pegou desse jeito (assim como pegou \u00e0s meninas do f\u00f3rum do blog), porque ela poderia ser eu. Poderia ser uma prima ou uma amiga ou uma conhecida bacana que sempre tem algo legal a dizer quando te encontra. Pensei na m\u00e3e dela e meu cora\u00e7\u00e3o partiu, porque uma m\u00e3e nunca espera ter que ir ao vel\u00f3rio de um filho. Imagino a dor e fico quase incr\u00e9dula sobre como o nosso per\u00edodo na terra \u00e9 passageiro e sobre como o destino pode ser injusto. A Ana era como qualquer uma de n\u00f3s e, no entanto, perdeu a vida aos 32 anos e de forma t\u00e3o repentina. Faz voc\u00ea pensar, n\u00e3o faz? O f\u00f3rum 2Beauty sente a sua falta, Ana Luisa. Fique em paz e que Deus aben\u00e7oe voc\u00ea e a sua fam\u00edlia nesse momento t\u00e3o dif\u00edcil.<\/p>\n","protected":false},"author":1,"featured_media":0,"comment_status":"open","ping_status":"open","sticky":false,"template":"","format":"standard","meta":{"_uag_custom_page_level_css":"","footnotes":""},"categories":[1],"tags":[2244,1899],"class_list":["post-19399","post","type-post","status-publish","format-standard","hentry","category-geral","tag-analud","tag-luto"],"uagb_featured_image_src":{"full":false,"thumbnail":false,"medium":false,"medium_large":false,"large":false,"1536x1536":false,"2048x2048":false,"ashe-slider-grid-thumbnail":false,"ashe-full-thumbnail":false,"ashe-grid-thumbnail":false,"ashe-list-thumbnail":false,"ashe-single-navigation":false},"uagb_author_info":{"display_name":"Marina Smith","author_link":"https:\/\/www.2beauty.com.br\/blog\/author\/marinasmith\/"},"uagb_comment_info":181,"uagb_excerpt":"Ana Luiza Composi\u00e7\u00e3o: Antonio Carlos Jobim Suponho Ana Luiza Se a guarda cochila Eu posso penetrar no castelo E galgar a muralha de onde se divisa O vale, os prados, os matos, os montes, as flores, as fontes, Luiza Ana Luiza Eu fiz esta can\u00e7\u00e3o pra voc\u00ea Que pergunta precisa saber Onde anda Luiza Luiza&hellip;","acf":[],"_links":{"self":[{"href":"https:\/\/www.2beauty.com.br\/blog\/wp-json\/wp\/v2\/posts\/19399","targetHints":{"allow":["GET"]}}],"collection":[{"href":"https:\/\/www.2beauty.com.br\/blog\/wp-json\/wp\/v2\/posts"}],"about":[{"href":"https:\/\/www.2beauty.com.br\/blog\/wp-json\/wp\/v2\/types\/post"}],"author":[{"embeddable":true,"href":"https:\/\/www.2beauty.com.br\/blog\/wp-json\/wp\/v2\/users\/1"}],"replies":[{"embeddable":true,"href":"https:\/\/www.2beauty.com.br\/blog\/wp-json\/wp\/v2\/comments?post=19399"}],"version-history":[{"count":0,"href":"https:\/\/www.2beauty.com.br\/blog\/wp-json\/wp\/v2\/posts\/19399\/revisions"}],"wp:attachment":[{"href":"https:\/\/www.2beauty.com.br\/blog\/wp-json\/wp\/v2\/media?parent=19399"}],"wp:term":[{"taxonomy":"category","embeddable":true,"href":"https:\/\/www.2beauty.com.br\/blog\/wp-json\/wp\/v2\/categories?post=19399"},{"taxonomy":"post_tag","embeddable":true,"href":"https:\/\/www.2beauty.com.br\/blog\/wp-json\/wp\/v2\/tags?post=19399"}],"curies":[{"name":"wp","href":"https:\/\/api.w.org\/{rel}","templated":true}]}}