{"id":19269,"date":"2011-07-14T18:18:57","date_gmt":"2011-07-14T20:18:57","guid":{"rendered":"https:\/\/www.2beauty.com.br\/blog\/?p=19269"},"modified":"2019-02-15T16:12:38","modified_gmt":"2019-02-15T18:12:38","slug":"primeiras-impressoes-sombra-leopar-tracta-dourado","status":"publish","type":"post","link":"https:\/\/www.2beauty.com.br\/blog\/2011\/07\/primeiras-impressoes-sombra-leopar-tracta-dourado\/","title":{"rendered":"Primeiras Impress\u00f5es: Sombra Leopar Tracta (Dourado)"},"content":{"rendered":"<p style=\"text-align: center;\"><strong><a href=\"https:\/\/www.2beauty.com.br\/blog\/wp-content\/uploads\/2011\/07\/01.jpg\"><img fetchpriority=\"high\" decoding=\"async\" class=\"alignnone size-full wp-image-19270\" title=\"01\" src=\"https:\/\/www.2beauty.com.br\/blog\/wp-content\/uploads\/2011\/07\/01.jpg\" alt=\"\" width=\"580\" height=\"435\" srcset=\"https:\/\/www.2beauty.com.br\/blog\/wp-content\/uploads\/2011\/07\/01.jpg 580w, https:\/\/www.2beauty.com.br\/blog\/wp-content\/uploads\/2011\/07\/01-300x225.jpg 300w\" sizes=\"(max-width: 580px) 100vw, 580px\" \/><\/a><\/strong><\/p>\n<p style=\"text-align: center;\"><strong>Sombra Leopar Tracta (Dourado)<br \/>\n<\/strong><\/p>\n<p>Eu j\u00e1 tive\/tenho sombras da Tracta. Algumas s\u00e3o muito boas, outras nem tanto. Essa dourada da cole\u00e7\u00e3o nova \u00e9 das boas.<\/p>\n<p>Diz na descri\u00e7\u00e3o que fora a estampa de oncinha, a composi\u00e7\u00e3o do produto tamb\u00e9m \u00e9 novidade.<\/p>\n<p>Cada unidade custa R$14,50 no <a href=\"https:\/\/www.fashionista.com.br\/beleza\/sombra-leopar-tracta.html\" target=\"_blank\">Fashionista.com.br<\/a>.<\/p>\n<p style=\"text-align: center;\"><strong><a href=\"https:\/\/www.2beauty.com.br\/blog\/wp-content\/uploads\/2011\/07\/02.jpg\"><img decoding=\"async\" class=\"alignnone size-full wp-image-19271\" title=\"02\" src=\"https:\/\/www.2beauty.com.br\/blog\/wp-content\/uploads\/2011\/07\/02.jpg\" alt=\"\" width=\"580\" height=\"435\" srcset=\"https:\/\/www.2beauty.com.br\/blog\/wp-content\/uploads\/2011\/07\/02.jpg 580w, https:\/\/www.2beauty.com.br\/blog\/wp-content\/uploads\/2011\/07\/02-300x225.jpg 300w\" sizes=\"(max-width: 580px) 100vw, 580px\" \/><\/a><\/strong><\/p>\n<p style=\"text-align: center;\"><strong><a href=\"https:\/\/www.2beauty.com.br\/blog\/wp-content\/uploads\/2011\/07\/03.jpg\"><img decoding=\"async\" class=\"alignnone size-full wp-image-19272\" title=\"03\" src=\"https:\/\/www.2beauty.com.br\/blog\/wp-content\/uploads\/2011\/07\/03.jpg\" alt=\"\" width=\"580\" height=\"435\" srcset=\"https:\/\/www.2beauty.com.br\/blog\/wp-content\/uploads\/2011\/07\/03.jpg 580w, https:\/\/www.2beauty.com.br\/blog\/wp-content\/uploads\/2011\/07\/03-300x225.jpg 300w\" sizes=\"(max-width: 580px) 100vw, 580px\" \/><\/a><\/strong><\/p>\n<p style=\"text-align: center;\"><strong>Sombra Leopar Tracta (Dourado)<\/strong><\/p>\n<p>Eu n\u00e3o descreveria o tom como dourado. Acho que \u00e9 um pouco mais escuro e puxado para o bronze.<\/p>\n<p>As minhas descri\u00e7\u00f5es de cor nunca s\u00e3o boas, mas v\u00e1 l\u00e1&#8230; pra mim ela \u00e9 uma sombra de fundo bronze com brilho dourado.<\/p>\n<p>A estampa de pintinhas de leopardo \u00e9 marrom cintilante e, <a href=\"https:\/\/www.2beauty.com.br\/blog\/2011\/07\/05\/primeiras-impressoes-duo-blush-leopar-rose-e-bare-radiance-tracta\/\" target=\"_blank\">assim como aconteceu com o blush da mesma linha<\/a>, a decora\u00e7\u00e3o n\u00e3o durou muito tempo.<\/p>\n<p style=\"text-align: center;\"><strong><a href=\"https:\/\/www.2beauty.com.br\/blog\/wp-content\/uploads\/2011\/07\/04.jpg\"><img loading=\"lazy\" decoding=\"async\" class=\"alignnone size-full wp-image-19273\" title=\"04\" src=\"https:\/\/www.2beauty.com.br\/blog\/wp-content\/uploads\/2011\/07\/04.jpg\" alt=\"\" width=\"580\" height=\"435\" srcset=\"https:\/\/www.2beauty.com.br\/blog\/wp-content\/uploads\/2011\/07\/04.jpg 580w, https:\/\/www.2beauty.com.br\/blog\/wp-content\/uploads\/2011\/07\/04-300x225.jpg 300w\" sizes=\"(max-width: 580px) 100vw, 580px\" \/><\/a><\/strong><\/p>\n<p style=\"text-align: center;\"><strong>Cara, cad\u00ea minhas pintas?<br \/>\n<\/strong><\/p>\n<p>Depois da primeira pincelada, <em>bye bye<\/em> pintinhas fofas!<\/p>\n<p>N\u00e3o quero parecer repetitiva, s\u00f3 que n\u00e3o me custa refor\u00e7ar a sugest\u00e3o de que a Tracta tente criar uma estampa permanente pra pr\u00f3xima cole\u00e7\u00e3o, afinal, o apelo todo est\u00e1 nas malditas pintas.<\/p>\n<p>N\u00e3o fossem por elas, seria mais uma sombra unit\u00e1ria &#8220;comum&#8221; da linha.<\/p>\n<p style=\"text-align: center;\"><strong><a href=\"https:\/\/www.2beauty.com.br\/blog\/wp-content\/uploads\/2011\/07\/05.jpg\"><img loading=\"lazy\" decoding=\"async\" class=\"alignnone size-full wp-image-19274\" title=\"05\" src=\"https:\/\/www.2beauty.com.br\/blog\/wp-content\/uploads\/2011\/07\/05.jpg\" alt=\"\" width=\"300\" height=\"250\" \/><\/a> <a href=\"https:\/\/www.2beauty.com.br\/blog\/wp-content\/uploads\/2011\/07\/06.jpg\"><img loading=\"lazy\" decoding=\"async\" class=\"alignnone size-full wp-image-19275\" title=\"06\" src=\"https:\/\/www.2beauty.com.br\/blog\/wp-content\/uploads\/2011\/07\/06.jpg\" alt=\"\" width=\"300\" height=\"250\" \/><\/a><\/strong><\/p>\n<p style=\"text-align: center;\"><strong>Amostrinhas da cor concentrada e esfumada (com e sem flash)<\/strong><\/p>\n<p>Tirando essa pequena (okay, m\u00e9dia) decep\u00e7\u00e3o, a sombra em si \u00e9 bacana.<\/p>\n<p>A pigmenta\u00e7\u00e3o \u00e9 digna, a cor \u00e9 bonita e a textura \u00e9 super boa.<\/p>\n<p>\u00c9 uma sombra daquelas macias e que n\u00e3o some ao ser esfumada.<\/p>\n<p>N\u00e3o sei se todas as outras cores da cole\u00e7\u00e3o s\u00e3o assim, mas a dourada me deixou uma boa impress\u00e3o.<\/p>\n<p style=\"text-align: center;\"><strong><a href=\"https:\/\/www.2beauty.com.br\/blog\/wp-content\/uploads\/2011\/07\/07.jpg\"><img loading=\"lazy\" decoding=\"async\" class=\"alignnone size-full wp-image-19276\" title=\"07\" src=\"https:\/\/www.2beauty.com.br\/blog\/wp-content\/uploads\/2011\/07\/07.jpg\" alt=\"\" width=\"300\" height=\"250\" \/><\/a> <a href=\"https:\/\/www.2beauty.com.br\/blog\/wp-content\/uploads\/2011\/07\/08.jpg\"><img loading=\"lazy\" decoding=\"async\" class=\"alignnone size-full wp-image-19277\" title=\"08\" src=\"https:\/\/www.2beauty.com.br\/blog\/wp-content\/uploads\/2011\/07\/08.jpg\" alt=\"\" width=\"300\" height=\"250\" \/><\/a><\/strong><\/p>\n<p style=\"text-align: center;\"><strong>Close-up da sombra (sem primer)<\/strong><\/p>\n<p>A cor manteve-se bacanosa na p\u00e1lpebra mesmo sem fixador por baixo.<\/p>\n<p>Ao final do dia a coisa ficou meio u\u00f3h, mas \u00e9 algo que se espera quando voc\u00ea nasce com o azar de ter p\u00e1lpebras oleosas.<\/p>\n<p>Pelo que pude cuidar, a cor ficou direitinha at\u00e9 logo depois do almo\u00e7o. Entre \u00e0s 14h e \u00e0s 18h30min, ela deu uma sumida, mas n\u00e3o por completo.<\/p>\n<p>De olhos abertos estava tudo ok. S\u00f3 fechando pra notar que a \u00e1rea do c\u00f4ncavo ficou TENSA.<\/p>\n<p style=\"text-align: center;\"><strong><a href=\"https:\/\/www.2beauty.com.br\/blog\/wp-content\/uploads\/2011\/07\/09.jpg\"><img loading=\"lazy\" decoding=\"async\" class=\"alignnone size-full wp-image-19278\" title=\"09\" src=\"https:\/\/www.2beauty.com.br\/blog\/wp-content\/uploads\/2011\/07\/09.jpg\" alt=\"\" width=\"435\" height=\"580\" srcset=\"https:\/\/www.2beauty.com.br\/blog\/wp-content\/uploads\/2011\/07\/09.jpg 435w, https:\/\/www.2beauty.com.br\/blog\/wp-content\/uploads\/2011\/07\/09-225x300.jpg 225w\" sizes=\"(max-width: 435px) 100vw, 435px\" \/><\/a><\/strong><\/p>\n<p style=\"text-align: center;\"><strong>Car\u00e3o com a sombra dourada<br \/>\n<\/strong><\/p>\n<p>Algu\u00e9m comprou as outras cores da cole\u00e7\u00e3o? O que achou?<\/p>\n","protected":false},"excerpt":{"rendered":"<p>Sombra Leopar Tracta (Dourado) Eu j\u00e1 tive\/tenho sombras da Tracta. Algumas s\u00e3o muito boas, outras nem tanto. Essa dourada da cole\u00e7\u00e3o nova \u00e9 das boas. Diz na descri\u00e7\u00e3o que fora a estampa de oncinha, a composi\u00e7\u00e3o do produto tamb\u00e9m \u00e9 novidade. Cada unidade custa R$14,50 no Fashionista.com.br. Sombra Leopar Tracta (Dourado) Eu n\u00e3o descreveria o tom como dourado. Acho que \u00e9 um pouco mais escuro e puxado para o bronze. As minhas descri\u00e7\u00f5es de cor nunca s\u00e3o boas, mas v\u00e1 l\u00e1&#8230; pra mim ela \u00e9 uma sombra de fundo bronze com brilho dourado. A estampa de pintinhas de leopardo \u00e9 marrom cintilante e, assim como aconteceu com o blush da mesma linha, a decora\u00e7\u00e3o n\u00e3o durou muito tempo. Cara, cad\u00ea minhas pintas? Depois da primeira pincelada, bye bye pintinhas fofas! N\u00e3o quero parecer repetitiva, s\u00f3 que n\u00e3o me custa refor\u00e7ar a sugest\u00e3o de que a Tracta tente criar uma estampa permanente pra pr\u00f3xima cole\u00e7\u00e3o, afinal, o apelo todo est\u00e1 nas malditas pintas. N\u00e3o fossem por elas, seria mais uma sombra unit\u00e1ria &#8220;comum&#8221; da linha. Amostrinhas da cor concentrada e esfumada (com e sem flash) Tirando essa pequena (okay, m\u00e9dia) decep\u00e7\u00e3o, a sombra em si \u00e9 bacana. A pigmenta\u00e7\u00e3o \u00e9 digna, a cor \u00e9 bonita e a textura \u00e9 super boa. \u00c9 uma sombra daquelas macias e que n\u00e3o some ao ser esfumada. N\u00e3o sei se todas as outras cores da cole\u00e7\u00e3o s\u00e3o assim, mas a dourada me deixou uma boa impress\u00e3o. Close-up da sombra (sem primer) A cor manteve-se bacanosa na p\u00e1lpebra mesmo sem fixador por baixo. Ao final do dia a coisa ficou meio u\u00f3h, mas \u00e9 algo que se espera quando voc\u00ea nasce com o azar de ter p\u00e1lpebras oleosas. Pelo que pude cuidar, a cor ficou direitinha at\u00e9 logo depois do almo\u00e7o. Entre \u00e0s 14h e \u00e0s 18h30min, ela deu uma sumida, mas n\u00e3o por completo. De olhos abertos estava tudo ok. S\u00f3 fechando pra notar que a \u00e1rea do c\u00f4ncavo ficou TENSA. Car\u00e3o com a sombra dourada Algu\u00e9m comprou as outras cores da cole\u00e7\u00e3o? O que achou?<\/p>\n","protected":false},"author":1,"featured_media":0,"comment_status":"open","ping_status":"open","sticky":false,"template":"","format":"standard","meta":{"_uag_custom_page_level_css":"","footnotes":""},"categories":[84],"tags":[4096,587,2234,1794],"class_list":["post-19269","post","type-post","status-publish","format-standard","hentry","category-maquiagem","tag-dourado","tag-sombra","tag-sombra-leopardo","tag-tracta"],"uagb_featured_image_src":{"full":false,"thumbnail":false,"medium":false,"medium_large":false,"large":false,"1536x1536":false,"2048x2048":false,"ashe-slider-grid-thumbnail":false,"ashe-full-thumbnail":false,"ashe-grid-thumbnail":false,"ashe-list-thumbnail":false,"ashe-single-navigation":false},"uagb_author_info":{"display_name":"Marina Smith","author_link":"https:\/\/www.2beauty.com.br\/blog\/author\/marinasmith\/"},"uagb_comment_info":37,"uagb_excerpt":"Sombra Leopar Tracta (Dourado) Eu j\u00e1 tive\/tenho sombras da Tracta. Algumas s\u00e3o muito boas, outras nem tanto. Essa dourada da cole\u00e7\u00e3o nova \u00e9 das boas. Diz na descri\u00e7\u00e3o que fora a estampa de oncinha, a composi\u00e7\u00e3o do produto tamb\u00e9m \u00e9 novidade. Cada unidade custa R$14,50 no Fashionista.com.br. Sombra Leopar Tracta (Dourado) Eu n\u00e3o descreveria o&hellip;","acf":[],"_links":{"self":[{"href":"https:\/\/www.2beauty.com.br\/blog\/wp-json\/wp\/v2\/posts\/19269","targetHints":{"allow":["GET"]}}],"collection":[{"href":"https:\/\/www.2beauty.com.br\/blog\/wp-json\/wp\/v2\/posts"}],"about":[{"href":"https:\/\/www.2beauty.com.br\/blog\/wp-json\/wp\/v2\/types\/post"}],"author":[{"embeddable":true,"href":"https:\/\/www.2beauty.com.br\/blog\/wp-json\/wp\/v2\/users\/1"}],"replies":[{"embeddable":true,"href":"https:\/\/www.2beauty.com.br\/blog\/wp-json\/wp\/v2\/comments?post=19269"}],"version-history":[{"count":0,"href":"https:\/\/www.2beauty.com.br\/blog\/wp-json\/wp\/v2\/posts\/19269\/revisions"}],"wp:attachment":[{"href":"https:\/\/www.2beauty.com.br\/blog\/wp-json\/wp\/v2\/media?parent=19269"}],"wp:term":[{"taxonomy":"category","embeddable":true,"href":"https:\/\/www.2beauty.com.br\/blog\/wp-json\/wp\/v2\/categories?post=19269"},{"taxonomy":"post_tag","embeddable":true,"href":"https:\/\/www.2beauty.com.br\/blog\/wp-json\/wp\/v2\/tags?post=19269"}],"curies":[{"name":"wp","href":"https:\/\/api.w.org\/{rel}","templated":true}]}}