{"id":18787,"date":"2011-06-22T16:30:31","date_gmt":"2011-06-22T18:30:31","guid":{"rendered":"https:\/\/www.2beauty.com.br\/blog\/?p=18787"},"modified":"2019-02-15T16:12:40","modified_gmt":"2019-02-15T18:12:40","slug":"sombra-compacta-yes-make-up-retro-chic-30142","status":"publish","type":"post","link":"https:\/\/www.2beauty.com.br\/blog\/2011\/06\/sombra-compacta-yes-make-up-retro-chic-30142\/","title":{"rendered":"Sombra Compacta Yes! Make.Up (Retr\u00f4 Chic #30142)"},"content":{"rendered":"<p style=\"text-align: center;\"><strong><a href=\"https:\/\/www.2beauty.com.br\/blog\/wp-content\/uploads\/2011\/06\/yes11.jpg\"><img fetchpriority=\"high\" decoding=\"async\" class=\"alignnone size-full wp-image-18788\" title=\"yes1\" src=\"https:\/\/www.2beauty.com.br\/blog\/wp-content\/uploads\/2011\/06\/yes11.jpg\" alt=\"\" width=\"580\" height=\"435\" \/><\/a><\/strong><\/p>\n<p style=\"text-align: center;\"><strong><a href=\"https:\/\/www.2beauty.com.br\/blog\/wp-content\/uploads\/2011\/06\/yes21.jpg\"><img decoding=\"async\" class=\"alignnone size-full wp-image-18789\" title=\"yes2\" src=\"https:\/\/www.2beauty.com.br\/blog\/wp-content\/uploads\/2011\/06\/yes21.jpg\" alt=\"\" width=\"580\" height=\"435\" srcset=\"https:\/\/www.2beauty.com.br\/blog\/wp-content\/uploads\/2011\/06\/yes21.jpg 580w, https:\/\/www.2beauty.com.br\/blog\/wp-content\/uploads\/2011\/06\/yes21-300x225.jpg 300w\" sizes=\"(max-width: 580px) 100vw, 580px\" \/><\/a><\/strong><\/p>\n<p style=\"text-align: center;\"><strong>Retr\u00f4 Chic da Yes! Make.Up<br \/>\n<\/strong><\/p>\n<p><a href=\"https:\/\/www.2beauty.com.br\/blog\/2011\/06\/21\/iluminador-facial-e-blush-yes-make-up\/\" target=\"_blank\">Na caixa que eu recebi com as novidades da Yes!<\/a>, tamb\u00e9m veio essa sombra roxa.<\/p>\n<p>Pensei que seria uma boa fazer um post sobre ela comparando com um modelito de sombra antigo da marca e mostrando algumas diferen\u00e7as e similaridades entre as duas.<\/p>\n<p>A primeira diferen\u00e7a \u00e9 o pre\u00e7o. A sombra de modelo antigo da Yes! (que ainda est\u00e1 a venda, <em>by the way<\/em>) custa R$10.90, enquanto o modelo novo da linha Make.Up sai por R$14.90 na promo\u00e7\u00e3o de lan\u00e7amento (mais al\u00e9m o valor vai subir para R$17.90).<\/p>\n<p style=\"text-align: center;\"><strong><a href=\"https:\/\/www.2beauty.com.br\/blog\/wp-content\/uploads\/2011\/06\/yes31.jpg\"><img decoding=\"async\" class=\"alignnone size-full wp-image-18790\" title=\"yes3\" src=\"https:\/\/www.2beauty.com.br\/blog\/wp-content\/uploads\/2011\/06\/yes31.jpg\" alt=\"\" width=\"580\" height=\"435\" srcset=\"https:\/\/www.2beauty.com.br\/blog\/wp-content\/uploads\/2011\/06\/yes31.jpg 580w, https:\/\/www.2beauty.com.br\/blog\/wp-content\/uploads\/2011\/06\/yes31-300x225.jpg 300w\" sizes=\"(max-width: 580px) 100vw, 580px\" \/><\/a><\/strong><\/p>\n<p style=\"text-align: center;\"><strong>Retr\u00f4 Chic #30142 e P\u00farpura #3022<\/strong><\/p>\n<p>Outra diferen\u00e7a \u00e9 a embalagem.<\/p>\n<p>A antiga n\u00e3o era feia, mas tamb\u00e9m n\u00e3o era das mais resistentes e no caso de algumas das minhas sombras mais velhas, a tampa rachou.<\/p>\n<p>Como \u00e9 de rosca, \u00e9 normal dela rachar num dos lados se voc\u00ea apertar demais&#8230;<\/p>\n<p>Meio mala, mas okay! Eu convivo com isso numa boa.<\/p>\n<p>A embalagem nova \u00e9 feita de pl\u00e1stico com cara de mais phyno e n\u00e3o tem a fun\u00e7\u00e3o de rosca. No geral, lembra as <a href=\"https:\/\/3.bp.blogspot.com\/_D6L1M3JhvVc\/TI0Ul7p03DI\/AAAAAAAAAlc\/6PFQnsOyxUI\/s1600\/mac-starflash-shadow.jpg\" target=\"_blank\">embalagens de sombra da MAC<\/a>, s\u00f3 que com a base mais funda e com um &#8220;compartimento secreto&#8221; onde voc\u00ea encontra um pequeno espelho.<\/p>\n<p style=\"text-align: center;\"><strong><a href=\"https:\/\/www.2beauty.com.br\/blog\/wp-content\/uploads\/2011\/06\/yes41.jpg\"><img loading=\"lazy\" decoding=\"async\" class=\"alignnone size-full wp-image-18791\" title=\"yes4\" src=\"https:\/\/www.2beauty.com.br\/blog\/wp-content\/uploads\/2011\/06\/yes41.jpg\" alt=\"\" width=\"580\" height=\"435\" srcset=\"https:\/\/www.2beauty.com.br\/blog\/wp-content\/uploads\/2011\/06\/yes41.jpg 580w, https:\/\/www.2beauty.com.br\/blog\/wp-content\/uploads\/2011\/06\/yes41-300x225.jpg 300w\" sizes=\"(max-width: 580px) 100vw, 580px\" \/><\/a><\/strong><\/p>\n<p style=\"text-align: center;\"><strong><a href=\"https:\/\/www.2beauty.com.br\/blog\/wp-content\/uploads\/2011\/06\/yes51.jpg\"><img loading=\"lazy\" decoding=\"async\" class=\"alignnone size-full wp-image-18792\" title=\"yes5\" src=\"https:\/\/www.2beauty.com.br\/blog\/wp-content\/uploads\/2011\/06\/yes51.jpg\" alt=\"\" width=\"580\" height=\"435\" srcset=\"https:\/\/www.2beauty.com.br\/blog\/wp-content\/uploads\/2011\/06\/yes51.jpg 580w, https:\/\/www.2beauty.com.br\/blog\/wp-content\/uploads\/2011\/06\/yes51-300x225.jpg 300w\" sizes=\"(max-width: 580px) 100vw, 580px\" \/><\/a><\/strong><\/p>\n<p style=\"text-align: center;\"><strong>Retr\u00f4 Chic #30142 e P\u00farpura #3022 aplicadas sem primer e com primer<br \/>\n<\/strong><\/p>\n<p>Como a f\u00f3rmula mudou um pouco, tamb\u00e9m noto diferen\u00e7a na textura da sombra.<\/p>\n<p>A nova linha tem part\u00edculas mais finas e esfarela menos ao toque do pincel.<\/p>\n<p>Quanto \u00e0 aderencia \u00e0 pele e pigmenta\u00e7\u00e3o, acho que n\u00e3o houve mudan\u00e7as.<\/p>\n<p>Retr\u00f4 Chic \u00e9 bem pigmentada e pega f\u00e1cil, assim como as sombras da linha antiga.<\/p>\n<p>Eu n\u00e3o experimentei outras cores da Make.Up, mas a Retr\u00f4 Chic ficou legal at\u00e9 por cima da pele nua do olho.<\/p>\n<p>Sem corretivo, sem p\u00f3, sem primer&#8230; direto no olho.<\/p>\n<p style=\"text-align: center;\"><strong><a href=\"https:\/\/www.2beauty.com.br\/blog\/wp-content\/uploads\/2011\/06\/yes61.jpg\"><img loading=\"lazy\" decoding=\"async\" class=\"alignnone size-full wp-image-18793\" title=\"yes6\" src=\"https:\/\/www.2beauty.com.br\/blog\/wp-content\/uploads\/2011\/06\/yes61.jpg\" alt=\"\" width=\"580\" height=\"435\" srcset=\"https:\/\/www.2beauty.com.br\/blog\/wp-content\/uploads\/2011\/06\/yes61.jpg 580w, https:\/\/www.2beauty.com.br\/blog\/wp-content\/uploads\/2011\/06\/yes61-300x225.jpg 300w\" sizes=\"(max-width: 580px) 100vw, 580px\" \/><\/a><\/strong><\/p>\n<p style=\"text-align: center;\"><strong><a href=\"https:\/\/www.2beauty.com.br\/blog\/wp-content\/uploads\/2011\/06\/yes71.jpg\"><img loading=\"lazy\" decoding=\"async\" class=\"alignnone size-full wp-image-18794\" title=\"yes7\" src=\"https:\/\/www.2beauty.com.br\/blog\/wp-content\/uploads\/2011\/06\/yes71.jpg\" alt=\"\" width=\"580\" height=\"435\" srcset=\"https:\/\/www.2beauty.com.br\/blog\/wp-content\/uploads\/2011\/06\/yes71.jpg 580w, https:\/\/www.2beauty.com.br\/blog\/wp-content\/uploads\/2011\/06\/yes71-300x225.jpg 300w\" sizes=\"(max-width: 580px) 100vw, 580px\" \/><\/a><\/strong><\/p>\n<p style=\"text-align: center;\"><strong>Retr\u00f4 Chic com flash e sem flash (por cima da pele nua)<\/strong><\/p>\n<p>Claro que a sombra n\u00e3o ficou assim suuuper homog\u00eanea e o flash deu uma clareada e um &#8220;qu\u00ea&#8221; de hematoma ao tom do roxo, mas acho que d\u00e1 pra notar como a cor pegou direitinho na pele, n\u00e9?<\/p>\n<p>Com uma prepara\u00e7\u00e3o, passando um p\u00f3 ou primer por baixo, o resultado melhora m\u00f3\u00f3\u00f3ito.<\/p>\n<p>Gostei bastante desse tom e espero que as outras cores da Make.Up sejam assim tamb\u00e9m.<\/p>\n<p>S\u00f3 acho que o pre\u00e7o ap\u00f3s o desconto de lan\u00e7amento (R$17.90) \u00e9 um tanto alto, n\u00e3o? Sete reais de diferen\u00e7a \u00e9 70% de aumento em rela\u00e7\u00e3o \u00e0s sombras da outra linha. Okay, tem embalagem mais bonita e mudan\u00e7a de f\u00f3rmula, mas n\u00e3o d\u00e1 pra manter os R$14.90 do lan\u00e7amento? Acho t\u00e3o mais justo&#8230;<\/p>\n","protected":false},"excerpt":{"rendered":"<p>Retr\u00f4 Chic da Yes! Make.Up Na caixa que eu recebi com as novidades da Yes!, tamb\u00e9m veio essa sombra roxa. Pensei que seria uma boa fazer um post sobre ela comparando com um modelito de sombra antigo da marca e mostrando algumas diferen\u00e7as e similaridades entre as duas. A primeira diferen\u00e7a \u00e9 o pre\u00e7o. A sombra de modelo antigo da Yes! (que ainda est\u00e1 a venda, by the way) custa R$10.90, enquanto o modelo novo da linha Make.Up sai por R$14.90 na promo\u00e7\u00e3o de lan\u00e7amento (mais al\u00e9m o valor vai subir para R$17.90). Retr\u00f4 Chic #30142 e P\u00farpura #3022 Outra diferen\u00e7a \u00e9 a embalagem. A antiga n\u00e3o era feia, mas tamb\u00e9m n\u00e3o era das mais resistentes e no caso de algumas das minhas sombras mais velhas, a tampa rachou. Como \u00e9 de rosca, \u00e9 normal dela rachar num dos lados se voc\u00ea apertar demais&#8230; Meio mala, mas okay! Eu convivo com isso numa boa. A embalagem nova \u00e9 feita de pl\u00e1stico com cara de mais phyno e n\u00e3o tem a fun\u00e7\u00e3o de rosca. No geral, lembra as embalagens de sombra da MAC, s\u00f3 que com a base mais funda e com um &#8220;compartimento secreto&#8221; onde voc\u00ea encontra um pequeno espelho. Retr\u00f4 Chic #30142 e P\u00farpura #3022 aplicadas sem primer e com primer Como a f\u00f3rmula mudou um pouco, tamb\u00e9m noto diferen\u00e7a na textura da sombra. A nova linha tem part\u00edculas mais finas e esfarela menos ao toque do pincel. Quanto \u00e0 aderencia \u00e0 pele e pigmenta\u00e7\u00e3o, acho que n\u00e3o houve mudan\u00e7as. Retr\u00f4 Chic \u00e9 bem pigmentada e pega f\u00e1cil, assim como as sombras da linha antiga. Eu n\u00e3o experimentei outras cores da Make.Up, mas a Retr\u00f4 Chic ficou legal at\u00e9 por cima da pele nua do olho. Sem corretivo, sem p\u00f3, sem primer&#8230; direto no olho. Retr\u00f4 Chic com flash e sem flash (por cima da pele nua) Claro que a sombra n\u00e3o ficou assim suuuper homog\u00eanea e o flash deu uma clareada e um &#8220;qu\u00ea&#8221; de hematoma ao tom do roxo, mas acho que d\u00e1 pra notar como a cor pegou direitinho na pele, n\u00e9? Com uma prepara\u00e7\u00e3o, passando um p\u00f3 ou primer por baixo, o resultado melhora m\u00f3\u00f3\u00f3ito. Gostei bastante desse tom e espero que as outras cores da Make.Up sejam assim tamb\u00e9m. S\u00f3 acho que o pre\u00e7o ap\u00f3s o desconto de lan\u00e7amento (R$17.90) \u00e9 um tanto alto, n\u00e3o? Sete reais de diferen\u00e7a \u00e9 70% de aumento em rela\u00e7\u00e3o \u00e0s sombras da outra linha. Okay, tem embalagem mais bonita e mudan\u00e7a de f\u00f3rmula, mas n\u00e3o d\u00e1 pra manter os R$14.90 do lan\u00e7amento? Acho t\u00e3o mais justo&#8230;<\/p>\n","protected":false},"author":1,"featured_media":0,"comment_status":"open","ping_status":"open","sticky":false,"template":"","format":"standard","meta":{"_uag_custom_page_level_css":"","footnotes":""},"categories":[84],"tags":[2186,2188,2185,2187,587,607,2181],"class_list":["post-18787","post","type-post","status-publish","format-standard","hentry","category-maquiagem","tag-make-up","tag-purpura","tag-retro-chic","tag-roxa","tag-sombra","tag-yes-cosmetics","tag-yes-make-up"],"uagb_featured_image_src":{"full":false,"thumbnail":false,"medium":false,"medium_large":false,"large":false,"1536x1536":false,"2048x2048":false,"ashe-slider-grid-thumbnail":false,"ashe-full-thumbnail":false,"ashe-grid-thumbnail":false,"ashe-list-thumbnail":false,"ashe-single-navigation":false},"uagb_author_info":{"display_name":"Marina Smith","author_link":"https:\/\/www.2beauty.com.br\/blog\/author\/marinasmith\/"},"uagb_comment_info":75,"uagb_excerpt":"Retr\u00f4 Chic da Yes! Make.Up Na caixa que eu recebi com as novidades da Yes!, tamb\u00e9m veio essa sombra roxa. Pensei que seria uma boa fazer um post sobre ela comparando com um modelito de sombra antigo da marca e mostrando algumas diferen\u00e7as e similaridades entre as duas. A primeira diferen\u00e7a \u00e9 o pre\u00e7o. A&hellip;","acf":[],"_links":{"self":[{"href":"https:\/\/www.2beauty.com.br\/blog\/wp-json\/wp\/v2\/posts\/18787","targetHints":{"allow":["GET"]}}],"collection":[{"href":"https:\/\/www.2beauty.com.br\/blog\/wp-json\/wp\/v2\/posts"}],"about":[{"href":"https:\/\/www.2beauty.com.br\/blog\/wp-json\/wp\/v2\/types\/post"}],"author":[{"embeddable":true,"href":"https:\/\/www.2beauty.com.br\/blog\/wp-json\/wp\/v2\/users\/1"}],"replies":[{"embeddable":true,"href":"https:\/\/www.2beauty.com.br\/blog\/wp-json\/wp\/v2\/comments?post=18787"}],"version-history":[{"count":0,"href":"https:\/\/www.2beauty.com.br\/blog\/wp-json\/wp\/v2\/posts\/18787\/revisions"}],"wp:attachment":[{"href":"https:\/\/www.2beauty.com.br\/blog\/wp-json\/wp\/v2\/media?parent=18787"}],"wp:term":[{"taxonomy":"category","embeddable":true,"href":"https:\/\/www.2beauty.com.br\/blog\/wp-json\/wp\/v2\/categories?post=18787"},{"taxonomy":"post_tag","embeddable":true,"href":"https:\/\/www.2beauty.com.br\/blog\/wp-json\/wp\/v2\/tags?post=18787"}],"curies":[{"name":"wp","href":"https:\/\/api.w.org\/{rel}","templated":true}]}}