{"id":17230,"date":"2011-03-30T12:03:58","date_gmt":"2011-03-30T14:03:58","guid":{"rendered":"https:\/\/www.2beauty.com.br\/blog\/?p=17230"},"modified":"2019-02-15T16:12:46","modified_gmt":"2019-02-15T18:12:46","slug":"vult-soleil-po-compacto-duo-bronzeador-iluminador","status":"publish","type":"post","link":"https:\/\/www.2beauty.com.br\/blog\/2011\/03\/vult-soleil-po-compacto-duo-bronzeador-iluminador\/","title":{"rendered":"Vult Soleil P\u00f3 Compacto Duo Bronzeador &#8211; Iluminador"},"content":{"rendered":"<p style=\"text-align: center;\"><strong><a href=\"https:\/\/www.2beauty.com.br\/blog\/wp-content\/uploads\/2011\/03\/sun1.jpg\"><img fetchpriority=\"high\" decoding=\"async\" class=\"alignnone size-full wp-image-17231\" title=\"sun1\" src=\"https:\/\/www.2beauty.com.br\/blog\/wp-content\/uploads\/2011\/03\/sun1.jpg\" alt=\"\" width=\"580\" height=\"435\" \/><\/a><br \/>\n<\/strong><strong>Vult Soleil P\u00f3 Compacto Duo Cor #01 <\/strong><strong>(foto sem flash)<br \/>\n<\/strong><\/p>\n<p>Esse duo veio na sacolinha que ganhei da Vult no Carnaval de S\u00e3o Paulo. H\u00e1 milhos de anos, tive esse mesmo duo de iluminador e bronzeador, s\u00f3 que na embalagem antiga (que \u00e9 menos simp\u00e1tica, mas mais resistente).<\/p>\n<p><a href=\"https:\/\/www.2beauty.com.br\/blog\/2011\/03\/09\/resenha-blush-compacto-vult-04\/\" target=\"_blank\">Assim como o blush da mesma marca<\/a>, a embalagem nova do duo \u00e9 bem fraquinha. A tampa transparente vive desencaixando e eu j\u00e1 li que tem gente que teve problema com o p\u00f3 descolar da embalagem de pl\u00e1stico.<\/p>\n<p>Levar na bolsa nem pensar, n\u00e9?<\/p>\n<p>O pre\u00e7o do duo varia dependendo da loja ou site, mas fica em torno de R$8 a R$12 reais.<\/p>\n<p style=\"text-align: center;\"><strong><a href=\"https:\/\/www.2beauty.com.br\/blog\/wp-content\/uploads\/2011\/03\/sun2.jpg\"><img decoding=\"async\" class=\"alignnone size-full wp-image-17232\" title=\"sun2\" src=\"https:\/\/www.2beauty.com.br\/blog\/wp-content\/uploads\/2011\/03\/sun2.jpg\" alt=\"\" width=\"580\" height=\"435\" srcset=\"https:\/\/www.2beauty.com.br\/blog\/wp-content\/uploads\/2011\/03\/sun2.jpg 580w, https:\/\/www.2beauty.com.br\/blog\/wp-content\/uploads\/2011\/03\/sun2-300x225.jpg 300w\" sizes=\"(max-width: 580px) 100vw, 580px\" \/><\/a><\/strong><\/p>\n<p style=\"text-align: center;\"><strong><a href=\"https:\/\/www.2beauty.com.br\/blog\/wp-content\/uploads\/2011\/03\/sun4.jpg\"><img decoding=\"async\" class=\"alignnone size-full wp-image-17233\" title=\"sun4\" src=\"https:\/\/www.2beauty.com.br\/blog\/wp-content\/uploads\/2011\/03\/sun4.jpg\" alt=\"\" width=\"580\" height=\"435\" srcset=\"https:\/\/www.2beauty.com.br\/blog\/wp-content\/uploads\/2011\/03\/sun4.jpg 580w, https:\/\/www.2beauty.com.br\/blog\/wp-content\/uploads\/2011\/03\/sun4-300x225.jpg 300w\" sizes=\"(max-width: 580px) 100vw, 580px\" \/><\/a><\/strong><\/p>\n<p style=\"text-align: center;\"><strong>Vult Soleil P\u00f3 Compacto Duo Cor #01 (fotos com flash)<br \/>\n<\/strong><\/p>\n<p>Para quem est\u00e1 procurando por bronzeador e iluminador baratinhos, \u00e9 uma boa pedida!<\/p>\n<p>A embalagem \u00e9 uma droga, mas o produto \u00e9 bom (especialmente o bronzer).<\/p>\n<p>A cor que recebi \u00e9 a mais clara da linha.<\/p>\n<p>O lado escurinho do duo #01 \u00e9 bem delicado, mas aparece na minha pele. As part\u00edculas de brilho s\u00e3o muito finas e discretas, ent\u00e3o rola de usar todo dia sem medo de parecer perua demais.<\/p>\n<p><a href=\"https:\/\/www.2beauty.com.br\/blog\/2009\/12\/10\/luz-sombras-e-outras-coisas-mais\/\" target=\"_blank\">N\u00e3o d\u00e1 pra fazer aquela coisa RYCAH e cinematogr\u00e1fica de contornos<\/a>, porque esse \u00e9 o tom #01 e eu preciso de algo mais escuro (talvez a cor #02 ou #03 da linha Soleil?), mas o bronzeador tamb\u00e9m pode ser usado como blush.<\/p>\n<p>Eu experimentei misturar com tons mais rosados pra dar aquela cara de sa\u00fade e ficou muito lindinho nas bochechas.<\/p>\n<p style=\"text-align: center;\"><strong><a href=\"https:\/\/www.2beauty.com.br\/blog\/wp-content\/uploads\/2011\/03\/sun3.jpg\"><img loading=\"lazy\" decoding=\"async\" class=\"alignnone size-full wp-image-17234\" title=\"sun3\" src=\"https:\/\/www.2beauty.com.br\/blog\/wp-content\/uploads\/2011\/03\/sun3.jpg\" alt=\"\" width=\"580\" height=\"435\" srcset=\"https:\/\/www.2beauty.com.br\/blog\/wp-content\/uploads\/2011\/03\/sun3.jpg 580w, https:\/\/www.2beauty.com.br\/blog\/wp-content\/uploads\/2011\/03\/sun3-300x225.jpg 300w\" sizes=\"(max-width: 580px) 100vw, 580px\" \/><\/a><\/strong><\/p>\n<p style=\"text-align: center;\"><strong>Amostrinha na pele<\/strong><\/p>\n<p>O lado clarinho do duo \u00e9 um iluminador um pouco mais escuro do que estou acostumada a ver por a\u00ed, mas funciona.<\/p>\n<p>Se voc\u00ea espera por altos <em>breeelhos<\/em> e algo super percept\u00edvel, talvez esse iluminador na cor #01 n\u00e3o seja pra voc\u00ea. Ele \u00e9 MUITO discreto!<\/p>\n<p>Dependendo da luz, voc\u00ea n\u00e3o enxerga nada na pele.<\/p>\n<p>T\u00f4 usando pra vir pro trabalho, porque aparece muito pouco. Ele s\u00f3 d\u00e1 o ar da gra\u00e7a quando alguma luz bate diretamente na lateral do meu rosto e mesmo assim, as cintil\u00e2ncias s\u00e3o super contidas.<\/p>\n<p style=\"text-align: center;\"><strong><a href=\"https:\/\/www.2beauty.com.br\/blog\/wp-content\/uploads\/2011\/03\/sun5.jpg\"><img loading=\"lazy\" decoding=\"async\" class=\"alignnone size-full wp-image-17235\" title=\"sun5\" src=\"https:\/\/www.2beauty.com.br\/blog\/wp-content\/uploads\/2011\/03\/sun5.jpg\" alt=\"\" width=\"435\" height=\"580\" srcset=\"https:\/\/www.2beauty.com.br\/blog\/wp-content\/uploads\/2011\/03\/sun5.jpg 435w, https:\/\/www.2beauty.com.br\/blog\/wp-content\/uploads\/2011\/03\/sun5-225x300.jpg 225w\" sizes=\"(max-width: 435px) 100vw, 435px\" \/><\/a><\/strong><\/p>\n<p style=\"text-align: center;\"><strong>Amostrinha nas bochechas<br \/>\n<\/strong><\/p>\n<p><strong>Resumindo: <\/strong><\/p>\n<p>O duo tem um bom custo x benef\u00edcio. Se voc\u00ea est\u00e1 procurando por algo do tipo e n\u00e3o quer gastar fortunas, recomendo.<\/p>\n<p>O bronzeador \u00e9 \u00f3timo e a linha tem tr\u00eas tonalidades diferentes, o que facilita muito a vida das mais clarinhas at\u00e9 as mais escurinhas.<\/p>\n<p>O iluminador do duo #01 n\u00e3o \u00e9 o melhor que eu j\u00e1 experimentei. Ele aparece pouco na pele, mas se voc\u00ea gosta de make discreta, vai gostar dele tamb\u00e9m.<\/p>\n","protected":false},"excerpt":{"rendered":"<p>Vult Soleil P\u00f3 Compacto Duo Cor #01 (foto sem flash) Esse duo veio na sacolinha que ganhei da Vult no Carnaval de S\u00e3o Paulo. H\u00e1 milhos de anos, tive esse mesmo duo de iluminador e bronzeador, s\u00f3 que na embalagem antiga (que \u00e9 menos simp\u00e1tica, mas mais resistente). Assim como o blush da mesma marca, a embalagem nova do duo \u00e9 bem fraquinha. A tampa transparente vive desencaixando e eu j\u00e1 li que tem gente que teve problema com o p\u00f3 descolar da embalagem de pl\u00e1stico. Levar na bolsa nem pensar, n\u00e9? O pre\u00e7o do duo varia dependendo da loja ou site, mas fica em torno de R$8 a R$12 reais. Vult Soleil P\u00f3 Compacto Duo Cor #01 (fotos com flash) Para quem est\u00e1 procurando por bronzeador e iluminador baratinhos, \u00e9 uma boa pedida! A embalagem \u00e9 uma droga, mas o produto \u00e9 bom (especialmente o bronzer). A cor que recebi \u00e9 a mais clara da linha. O lado escurinho do duo #01 \u00e9 bem delicado, mas aparece na minha pele. As part\u00edculas de brilho s\u00e3o muito finas e discretas, ent\u00e3o rola de usar todo dia sem medo de parecer perua demais. N\u00e3o d\u00e1 pra fazer aquela coisa RYCAH e cinematogr\u00e1fica de contornos, porque esse \u00e9 o tom #01 e eu preciso de algo mais escuro (talvez a cor #02 ou #03 da linha Soleil?), mas o bronzeador tamb\u00e9m pode ser usado como blush. Eu experimentei misturar com tons mais rosados pra dar aquela cara de sa\u00fade e ficou muito lindinho nas bochechas. Amostrinha na pele O lado clarinho do duo \u00e9 um iluminador um pouco mais escuro do que estou acostumada a ver por a\u00ed, mas funciona. Se voc\u00ea espera por altos breeelhos e algo super percept\u00edvel, talvez esse iluminador na cor #01 n\u00e3o seja pra voc\u00ea. Ele \u00e9 MUITO discreto! Dependendo da luz, voc\u00ea n\u00e3o enxerga nada na pele. T\u00f4 usando pra vir pro trabalho, porque aparece muito pouco. Ele s\u00f3 d\u00e1 o ar da gra\u00e7a quando alguma luz bate diretamente na lateral do meu rosto e mesmo assim, as cintil\u00e2ncias s\u00e3o super contidas. Amostrinha nas bochechas Resumindo: O duo tem um bom custo x benef\u00edcio. Se voc\u00ea est\u00e1 procurando por algo do tipo e n\u00e3o quer gastar fortunas, recomendo. O bronzeador \u00e9 \u00f3timo e a linha tem tr\u00eas tonalidades diferentes, o que facilita muito a vida das mais clarinhas at\u00e9 as mais escurinhas. O iluminador do duo #01 n\u00e3o \u00e9 o melhor que eu j\u00e1 experimentei. Ele aparece pouco na pele, mas se voc\u00ea gosta de make discreta, vai gostar dele tamb\u00e9m.<\/p>\n","protected":false},"author":1,"featured_media":0,"comment_status":"open","ping_status":"open","sticky":false,"template":"","format":"standard","meta":{"_uag_custom_page_level_css":"","footnotes":""},"categories":[84],"tags":[4116,4117,2079,247],"class_list":["post-17230","post","type-post","status-publish","format-standard","hentry","category-maquiagem","tag-bronzeador","tag-iluminador","tag-soleil","tag-vult"],"uagb_featured_image_src":{"full":false,"thumbnail":false,"medium":false,"medium_large":false,"large":false,"1536x1536":false,"2048x2048":false,"ashe-slider-grid-thumbnail":false,"ashe-full-thumbnail":false,"ashe-grid-thumbnail":false,"ashe-list-thumbnail":false,"ashe-single-navigation":false},"uagb_author_info":{"display_name":"Marina Smith","author_link":"https:\/\/www.2beauty.com.br\/blog\/author\/marinasmith\/"},"uagb_comment_info":109,"uagb_excerpt":"Vult Soleil P\u00f3 Compacto Duo Cor #01 (foto sem flash) Esse duo veio na sacolinha que ganhei da Vult no Carnaval de S\u00e3o Paulo. H\u00e1 milhos de anos, tive esse mesmo duo de iluminador e bronzeador, s\u00f3 que na embalagem antiga (que \u00e9 menos simp\u00e1tica, mas mais resistente). Assim como o blush da mesma marca,&hellip;","acf":[],"_links":{"self":[{"href":"https:\/\/www.2beauty.com.br\/blog\/wp-json\/wp\/v2\/posts\/17230","targetHints":{"allow":["GET"]}}],"collection":[{"href":"https:\/\/www.2beauty.com.br\/blog\/wp-json\/wp\/v2\/posts"}],"about":[{"href":"https:\/\/www.2beauty.com.br\/blog\/wp-json\/wp\/v2\/types\/post"}],"author":[{"embeddable":true,"href":"https:\/\/www.2beauty.com.br\/blog\/wp-json\/wp\/v2\/users\/1"}],"replies":[{"embeddable":true,"href":"https:\/\/www.2beauty.com.br\/blog\/wp-json\/wp\/v2\/comments?post=17230"}],"version-history":[{"count":0,"href":"https:\/\/www.2beauty.com.br\/blog\/wp-json\/wp\/v2\/posts\/17230\/revisions"}],"wp:attachment":[{"href":"https:\/\/www.2beauty.com.br\/blog\/wp-json\/wp\/v2\/media?parent=17230"}],"wp:term":[{"taxonomy":"category","embeddable":true,"href":"https:\/\/www.2beauty.com.br\/blog\/wp-json\/wp\/v2\/categories?post=17230"},{"taxonomy":"post_tag","embeddable":true,"href":"https:\/\/www.2beauty.com.br\/blog\/wp-json\/wp\/v2\/tags?post=17230"}],"curies":[{"name":"wp","href":"https:\/\/api.w.org\/{rel}","templated":true}]}}