{"id":16775,"date":"2011-03-09T14:42:55","date_gmt":"2011-03-09T16:42:55","guid":{"rendered":"https:\/\/www.2beauty.com.br\/blog\/?p=16775"},"modified":"2019-02-15T16:12:48","modified_gmt":"2019-02-15T18:12:48","slug":"resenha-blush-compacto-vult-04","status":"publish","type":"post","link":"https:\/\/www.2beauty.com.br\/blog\/2011\/03\/resenha-blush-compacto-vult-04\/","title":{"rendered":"Resenha: Blush Compacto Vult (#04)"},"content":{"rendered":"<p style=\"text-align: center;\"><a href=\"https:\/\/www.2beauty.com.br\/blog\/wp-content\/uploads\/2011\/03\/blush1.jpg\"><img fetchpriority=\"high\" decoding=\"async\" class=\"size-full wp-image-16776 aligncenter\" title=\"blush1\" src=\"https:\/\/www.2beauty.com.br\/blog\/wp-content\/uploads\/2011\/03\/blush1.jpg\" alt=\"\" width=\"580\" height=\"435\" \/><\/a><\/p>\n<p style=\"text-align: center;\"><img decoding=\"async\" style=\"width: 30px; height: 30px;\" title=\"Star\" src=\"https:\/\/www.2beauty.com.br\/blog\/images\/star.gif\" border=\"0\" alt=\"Star\" width=\"30\" height=\"30\" align=\"top\" \/><img decoding=\"async\" style=\"width: 30px; height: 30px;\" title=\"Star\" src=\"https:\/\/www.2beauty.com.br\/blog\/images\/star.gif\" border=\"0\" alt=\"Star\" width=\"30\" height=\"30\" align=\"top\" \/><img decoding=\"async\" style=\"width: 30px; height: 30px;\" title=\"Star\" src=\"https:\/\/www.2beauty.com.br\/blog\/images\/star.gif\" border=\"0\" alt=\"Star\" width=\"30\" height=\"30\" align=\"top\" \/><img decoding=\"async\" style=\"width: 30px; height: 30px;\" title=\"Star\" src=\"https:\/\/www.2beauty.com.br\/blog\/images\/star.gif\" border=\"0\" alt=\"Star\" width=\"30\" height=\"30\" align=\"top\" \/><img decoding=\"async\" style=\"width: 30px; height: 30px;\" title=\"Star\" src=\"https:\/\/www.2beauty.com.br\/blog\/images\/star2.gif\" border=\"0\" alt=\"Star\" width=\"30\" height=\"30\" align=\"top\" \/><\/p>\n<p style=\"text-align: center;\"><strong>Nota: 4 estrelinhas e meia<\/strong><\/p>\n<p>Passaram bem o Carnaval? Logo mais tem post com boy-magia e as novidades do feriad\u00e3o!<\/p>\n<p>Para come\u00e7ar essa semana de perna curta, aqui vai resenha de um produto super BBB da Vult.<\/p>\n<p>Recentemente, a marca mudou todas as embalagens da linha de makes. <\/p>\n<p>Melhorou bastante, gente! <\/p>\n<p>Ainda assim, o blush compacto perdeu meia estrela na avalia\u00e7\u00e3o por causa da bendita.<\/p>\n<p>A tampa transparente ficou na minha m\u00e3o duas vezes e okay, a embalagem antiga era feiosa, mas era uma pouco mais resistente. E tudo bem, a tampa s\u00f3 desencaixou e d\u00e1 pra colocar de volta, mas \u00e9 meio chato, n\u00e9?<\/p>\n<p style=\"text-align: center;\"><strong><a href=\"https:\/\/www.2beauty.com.br\/blog\/wp-content\/uploads\/2011\/03\/blush2.jpg\"><img loading=\"lazy\" decoding=\"async\" class=\"alignnone size-full wp-image-16777\" title=\"blush2\" src=\"https:\/\/www.2beauty.com.br\/blog\/wp-content\/uploads\/2011\/03\/blush2.jpg\" alt=\"\" width=\"580\" height=\"435\" srcset=\"https:\/\/www.2beauty.com.br\/blog\/wp-content\/uploads\/2011\/03\/blush2.jpg 580w, https:\/\/www.2beauty.com.br\/blog\/wp-content\/uploads\/2011\/03\/blush2-300x225.jpg 300w\" sizes=\"(max-width: 580px) 100vw, 580px\" \/><\/a><\/strong><\/p>\n<p style=\"text-align: center;\"><strong><a href=\"https:\/\/www.2beauty.com.br\/blog\/wp-content\/uploads\/2011\/03\/blush3.jpg\"><img loading=\"lazy\" decoding=\"async\" class=\"alignnone size-full wp-image-16778\" title=\"blush3\" src=\"https:\/\/www.2beauty.com.br\/blog\/wp-content\/uploads\/2011\/03\/blush3.jpg\" alt=\"\" width=\"580\" height=\"435\" srcset=\"https:\/\/www.2beauty.com.br\/blog\/wp-content\/uploads\/2011\/03\/blush3.jpg 580w, https:\/\/www.2beauty.com.br\/blog\/wp-content\/uploads\/2011\/03\/blush3-300x225.jpg 300w\" sizes=\"(max-width: 580px) 100vw, 580px\" \/><\/a><\/strong><\/p>\n<p style=\"text-align: center;\"><strong>Blush #04 concentrado e esfumado<\/strong><\/p>\n<p>Agora, falando do produto em si, acho que \u00e9 dif\u00edcil encontrar um blush com custo x benef\u00edcio t\u00e3o bom.<\/p>\n<p>O blush compacto da Vult cor #04 custa entre R$6 e R$10 reais (dependendo da loja) e tem \u00d3TIMA pigmenta\u00e7\u00e3o!<\/p>\n<p>A cor \u00e9 um rosa basic\u00e3o com brilho bem bonito. Acho que combina com todo mundo!<\/p>\n<p>Ele pega f\u00e1cil na pele e \u00e9 muito bom de esfumar. Se voc\u00ea pesar a m\u00e3o, tem como corrigir facinho facinho.<\/p>\n<p style=\"text-align: center;\"><strong><a href=\"https:\/\/www.2beauty.com.br\/blog\/wp-content\/uploads\/2011\/03\/blush4.jpg\"><img loading=\"lazy\" decoding=\"async\" class=\"alignnone size-full wp-image-16779\" title=\"blush4\" src=\"https:\/\/www.2beauty.com.br\/blog\/wp-content\/uploads\/2011\/03\/blush4.jpg\" alt=\"\" width=\"290\" height=\"387\" srcset=\"https:\/\/www.2beauty.com.br\/blog\/wp-content\/uploads\/2011\/03\/blush4.jpg 290w, https:\/\/www.2beauty.com.br\/blog\/wp-content\/uploads\/2011\/03\/blush4-224x300.jpg 224w\" sizes=\"(max-width: 290px) 100vw, 290px\" \/><\/a> <a href=\"https:\/\/www.2beauty.com.br\/blog\/wp-content\/uploads\/2011\/03\/blush5.jpg\"><img loading=\"lazy\" decoding=\"async\" class=\"alignnone size-full wp-image-16780\" title=\"blush5\" src=\"https:\/\/www.2beauty.com.br\/blog\/wp-content\/uploads\/2011\/03\/blush5.jpg\" alt=\"\" width=\"290\" height=\"387\" srcset=\"https:\/\/www.2beauty.com.br\/blog\/wp-content\/uploads\/2011\/03\/blush5.jpg 290w, https:\/\/www.2beauty.com.br\/blog\/wp-content\/uploads\/2011\/03\/blush5-224x300.jpg 224w\" sizes=\"(max-width: 290px) 100vw, 290px\" \/><\/a><\/strong><\/p>\n<p style=\"text-align: center;\"><strong>Blush concentrado e esfumado<\/strong><\/p>\n<p>O melhor \u00e9 que a fixa\u00e7\u00e3o \u00e9 super digna! Ele se mant\u00e9m intacto por boas 6 horas. Depois, desbota um pouco, mas n\u00e3o some por completo.<\/p>\n<p>Por esse pre\u00e7o, n\u00e3o tenho do que reclamar. Se fizesse um teste cego, muita gente acabaria confundindo com blush da MAC ou da NARS.<\/p>\n","protected":false},"excerpt":{"rendered":"<p>Nota: 4 estrelinhas e meia Passaram bem o Carnaval? Logo mais tem post com boy-magia e as novidades do feriad\u00e3o! Para come\u00e7ar essa semana de perna curta, aqui vai resenha de um produto super BBB da Vult. Recentemente, a marca mudou todas as embalagens da linha de makes. Melhorou bastante, gente! Ainda assim, o blush compacto perdeu meia estrela na avalia\u00e7\u00e3o por causa da bendita. A tampa transparente ficou na minha m\u00e3o duas vezes e okay, a embalagem antiga era feiosa, mas era uma pouco mais resistente. E tudo bem, a tampa s\u00f3 desencaixou e d\u00e1 pra colocar de volta, mas \u00e9 meio chato, n\u00e9? Blush #04 concentrado e esfumado Agora, falando do produto em si, acho que \u00e9 dif\u00edcil encontrar um blush com custo x benef\u00edcio t\u00e3o bom. O blush compacto da Vult cor #04 custa entre R$6 e R$10 reais (dependendo da loja) e tem \u00d3TIMA pigmenta\u00e7\u00e3o! A cor \u00e9 um rosa basic\u00e3o com brilho bem bonito. Acho que combina com todo mundo! Ele pega f\u00e1cil na pele e \u00e9 muito bom de esfumar. Se voc\u00ea pesar a m\u00e3o, tem como corrigir facinho facinho. Blush concentrado e esfumado O melhor \u00e9 que a fixa\u00e7\u00e3o \u00e9 super digna! Ele se mant\u00e9m intacto por boas 6 horas. Depois, desbota um pouco, mas n\u00e3o some por completo. Por esse pre\u00e7o, n\u00e3o tenho do que reclamar. Se fizesse um teste cego, muita gente acabaria confundindo com blush da MAC ou da NARS.<\/p>\n","protected":false},"author":1,"featured_media":0,"comment_status":"open","ping_status":"open","sticky":false,"template":"","format":"standard","meta":{"_uag_custom_page_level_css":"","footnotes":""},"categories":[84],"tags":[4115,345,247],"class_list":["post-16775","post","type-post","status-publish","format-standard","hentry","category-maquiagem","tag-blush","tag-resenha","tag-vult"],"uagb_featured_image_src":{"full":false,"thumbnail":false,"medium":false,"medium_large":false,"large":false,"1536x1536":false,"2048x2048":false,"ashe-slider-grid-thumbnail":false,"ashe-full-thumbnail":false,"ashe-grid-thumbnail":false,"ashe-list-thumbnail":false,"ashe-single-navigation":false},"uagb_author_info":{"display_name":"Marina Smith","author_link":"https:\/\/www.2beauty.com.br\/blog\/author\/marinasmith\/"},"uagb_comment_info":137,"uagb_excerpt":"Nota: 4 estrelinhas e meia Passaram bem o Carnaval? Logo mais tem post com boy-magia e as novidades do feriad\u00e3o! Para come\u00e7ar essa semana de perna curta, aqui vai resenha de um produto super BBB da Vult. Recentemente, a marca mudou todas as embalagens da linha de makes. Melhorou bastante, gente! Ainda assim, o blush&hellip;","acf":[],"_links":{"self":[{"href":"https:\/\/www.2beauty.com.br\/blog\/wp-json\/wp\/v2\/posts\/16775","targetHints":{"allow":["GET"]}}],"collection":[{"href":"https:\/\/www.2beauty.com.br\/blog\/wp-json\/wp\/v2\/posts"}],"about":[{"href":"https:\/\/www.2beauty.com.br\/blog\/wp-json\/wp\/v2\/types\/post"}],"author":[{"embeddable":true,"href":"https:\/\/www.2beauty.com.br\/blog\/wp-json\/wp\/v2\/users\/1"}],"replies":[{"embeddable":true,"href":"https:\/\/www.2beauty.com.br\/blog\/wp-json\/wp\/v2\/comments?post=16775"}],"version-history":[{"count":0,"href":"https:\/\/www.2beauty.com.br\/blog\/wp-json\/wp\/v2\/posts\/16775\/revisions"}],"wp:attachment":[{"href":"https:\/\/www.2beauty.com.br\/blog\/wp-json\/wp\/v2\/media?parent=16775"}],"wp:term":[{"taxonomy":"category","embeddable":true,"href":"https:\/\/www.2beauty.com.br\/blog\/wp-json\/wp\/v2\/categories?post=16775"},{"taxonomy":"post_tag","embeddable":true,"href":"https:\/\/www.2beauty.com.br\/blog\/wp-json\/wp\/v2\/tags?post=16775"}],"curies":[{"name":"wp","href":"https:\/\/api.w.org\/{rel}","templated":true}]}}