{"id":14907,"date":"2010-11-17T16:06:52","date_gmt":"2010-11-17T18:06:52","guid":{"rendered":"https:\/\/www.2beauty.com.br\/blog\/?p=14907"},"modified":"2019-02-15T16:12:55","modified_gmt":"2019-02-15T18:12:55","slug":"aventuras-na-farmacia-mascara-facial-aroma-do-campo","status":"publish","type":"post","link":"https:\/\/www.2beauty.com.br\/blog\/2010\/11\/aventuras-na-farmacia-mascara-facial-aroma-do-campo\/","title":{"rendered":"Aventuras na farm\u00e1cia: M\u00e1scara Facial Aroma do Campo"},"content":{"rendered":"<p style=\"text-align: center;\"><strong><a href=\"https:\/\/www.2beauty.com.br\/blog\/wp-content\/uploads\/2010\/11\/mascara1.jpg\"><img fetchpriority=\"high\" decoding=\"async\" class=\"alignnone size-full wp-image-14908\" title=\"mascara1\" src=\"https:\/\/www.2beauty.com.br\/blog\/wp-content\/uploads\/2010\/11\/mascara1.jpg\" alt=\"\" width=\"580\" height=\"435\" \/><\/a><\/strong><\/p>\n<p style=\"text-align: center;\"><strong>M\u00e1scara Facial Hidrata\u00e7\u00e3o Refrescante (Pepino e Aloe Vera)<\/strong><\/p>\n<p>Em uma das minhas visitas \u00e0 Panvel para reabastecer meu estoque de algod\u00e3o bolinha e toalhinhas Johnson&#8217;s, encontrei essa m\u00e1scara f\u00e1cial posicionada estrat\u00e9gicamente junto ao caixa.<\/p>\n<p>O sach\u00ea para duas aplica\u00e7\u00f5es custava apenas $4.39, ent\u00e3o decidi experimentar.<\/p>\n<p style=\"text-align: center;\"><strong><a href=\"https:\/\/www.2beauty.com.br\/blog\/wp-content\/uploads\/2010\/11\/mascara2.jpg\"><img decoding=\"async\" class=\"alignnone size-full wp-image-14909\" title=\"mascara2\" src=\"https:\/\/www.2beauty.com.br\/blog\/wp-content\/uploads\/2010\/11\/mascara2.jpg\" alt=\"\" width=\"580\" height=\"435\" srcset=\"https:\/\/www.2beauty.com.br\/blog\/wp-content\/uploads\/2010\/11\/mascara2.jpg 580w, https:\/\/www.2beauty.com.br\/blog\/wp-content\/uploads\/2010\/11\/mascara2-300x225.jpg 300w\" sizes=\"(max-width: 580px) 100vw, 580px\" \/><\/a><\/strong><\/p>\n<p style=\"text-align: center;\"><strong><a href=\"https:\/\/www.2beauty.com.br\/blog\/wp-content\/uploads\/2010\/11\/mascara3.jpg\"><img decoding=\"async\" class=\"alignnone size-full wp-image-14910\" title=\"mascara3\" src=\"https:\/\/www.2beauty.com.br\/blog\/wp-content\/uploads\/2010\/11\/mascara3.jpg\" alt=\"\" width=\"580\" height=\"435\" srcset=\"https:\/\/www.2beauty.com.br\/blog\/wp-content\/uploads\/2010\/11\/mascara3.jpg 580w, https:\/\/www.2beauty.com.br\/blog\/wp-content\/uploads\/2010\/11\/mascara3-300x225.jpg 300w\" sizes=\"(max-width: 580px) 100vw, 580px\" \/><\/a><\/strong><\/p>\n<p style=\"text-align: center;\"><strong>Detalhes t\u00e3o pequenos de n\u00f3s dois<\/strong><\/p>\n<p>A M\u00e1scara Facial Hidrata\u00e7\u00e3o Refrescante Aroma do Campo tem pepino e  aloe vera na f\u00f3rmula e a promessa b\u00e1sica \u00e9 hidratar e revitalizar a pele, deixando-a macia e uniforme.<\/p>\n<p>Tamb\u00e9m rola todo um efeito gelado, que \u00e9 pra dar aquela sensa\u00e7\u00e3o de &#8220;uau, eu sinto o produto agindo!&#8221;.<\/p>\n<p>Ontem a noite, apliquei uma fina camada da m\u00e1scara sobre o rosto \u00famido e deixei agir por 15 minutos.<\/p>\n<p style=\"text-align: center;\"><strong><a href=\"https:\/\/www.2beauty.com.br\/blog\/wp-content\/uploads\/2010\/11\/mascara4.jpg\"><img loading=\"lazy\" decoding=\"async\" class=\"alignnone size-full wp-image-14911\" title=\"mascara4\" src=\"https:\/\/www.2beauty.com.br\/blog\/wp-content\/uploads\/2010\/11\/mascara4.jpg\" alt=\"\" width=\"435\" height=\"580\" srcset=\"https:\/\/www.2beauty.com.br\/blog\/wp-content\/uploads\/2010\/11\/mascara4.jpg 435w, https:\/\/www.2beauty.com.br\/blog\/wp-content\/uploads\/2010\/11\/mascara4-225x300.jpg 225w\" sizes=\"(max-width: 435px) 100vw, 435px\" \/><\/a><\/strong><\/p>\n<p style=\"text-align: center;\"><strong>Close-up<br \/>\n<\/strong><\/p>\n<p>A 1a decep\u00e7\u00e3o foi a m\u00e1scara n\u00e3o ter cor, porque <em>hello!<\/em>, eu sou perua e queria ficar igual \u00e0 mo\u00e7a da embalagem. E n\u00e3o, n\u00e3o faz diferen\u00e7a alguma na hidrata\u00e7\u00e3o se o meu rosto fica verde ou n\u00e3o, mas eu queria a experi\u00eancia completa, okay?<\/p>\n<p>A 2a decepe\u00e7\u00e3o foi o maldito efeito gelado.<\/p>\n<p>Lembram quando eu disse que aquele<a href=\"https:\/\/www.2beauty.com.br\/blog\/2010\/10\/21\/clinique-3-step-skin-care-system\/\" target=\"_blank\"> combo da Clinique de gel de limpeza + t\u00f4nico fazia minha pele sentir como se tivesse chupado um Halls Azul<\/a>?<\/p>\n<p>Bom, essa m\u00e1scara \u00e9 um Halls Preto e ap\u00f3s 10 minutos, come\u00e7a a arder. Muito.<\/p>\n<p>Esperei os 15 minutos passarem, corri pro banheiro, enxaguei o rosto e tive a 3a decep\u00e7\u00e3o da noite:<\/p>\n<p>Minha pele n\u00e3o parecia estar mais hidratada, pelo contr\u00e1rio. Ela estava mais seca do que quando eu comecei essa hist\u00f3ria toda.<\/p>\n<p>\u00d3-DI-O.<\/p>\n<p>Passei o creme mais potente que tenho em casa e fui dormir frustrada.<\/p>\n<p>&#8211; &#8211; &#8211; &#8211; &#8211; &#8211; &#8211; &#8211;<\/p>\n<p>PS: Como sou exagerada, no mesmo dia, al\u00e9m da m\u00e1scara com efeito gelado, tamb\u00e9m comprei a m\u00e1scara que esquenta a pele.<\/p>\n<p>Tenho medo, mas vou experimentar mesmo assim.<\/p>\n<p>Rezem pela minha alma, ok?<\/p>\n<p>Grata! :)<\/p>\n","protected":false},"excerpt":{"rendered":"<p>M\u00e1scara Facial Hidrata\u00e7\u00e3o Refrescante (Pepino e Aloe Vera) Em uma das minhas visitas \u00e0 Panvel para reabastecer meu estoque de algod\u00e3o bolinha e toalhinhas Johnson&#8217;s, encontrei essa m\u00e1scara f\u00e1cial posicionada estrat\u00e9gicamente junto ao caixa. O sach\u00ea para duas aplica\u00e7\u00f5es custava apenas $4.39, ent\u00e3o decidi experimentar. Detalhes t\u00e3o pequenos de n\u00f3s dois A M\u00e1scara Facial Hidrata\u00e7\u00e3o Refrescante Aroma do Campo tem pepino e aloe vera na f\u00f3rmula e a promessa b\u00e1sica \u00e9 hidratar e revitalizar a pele, deixando-a macia e uniforme. Tamb\u00e9m rola todo um efeito gelado, que \u00e9 pra dar aquela sensa\u00e7\u00e3o de &#8220;uau, eu sinto o produto agindo!&#8221;. Ontem a noite, apliquei uma fina camada da m\u00e1scara sobre o rosto \u00famido e deixei agir por 15 minutos. Close-up A 1a decep\u00e7\u00e3o foi a m\u00e1scara n\u00e3o ter cor, porque hello!, eu sou perua e queria ficar igual \u00e0 mo\u00e7a da embalagem. E n\u00e3o, n\u00e3o faz diferen\u00e7a alguma na hidrata\u00e7\u00e3o se o meu rosto fica verde ou n\u00e3o, mas eu queria a experi\u00eancia completa, okay? A 2a decepe\u00e7\u00e3o foi o maldito efeito gelado. Lembram quando eu disse que aquele combo da Clinique de gel de limpeza + t\u00f4nico fazia minha pele sentir como se tivesse chupado um Halls Azul? Bom, essa m\u00e1scara \u00e9 um Halls Preto e ap\u00f3s 10 minutos, come\u00e7a a arder. Muito. Esperei os 15 minutos passarem, corri pro banheiro, enxaguei o rosto e tive a 3a decep\u00e7\u00e3o da noite: Minha pele n\u00e3o parecia estar mais hidratada, pelo contr\u00e1rio. Ela estava mais seca do que quando eu comecei essa hist\u00f3ria toda. \u00d3-DI-O. Passei o creme mais potente que tenho em casa e fui dormir frustrada. &#8211; &#8211; &#8211; &#8211; &#8211; &#8211; &#8211; &#8211; PS: Como sou exagerada, no mesmo dia, al\u00e9m da m\u00e1scara com efeito gelado, tamb\u00e9m comprei a m\u00e1scara que esquenta a pele. Tenho medo, mas vou experimentar mesmo assim. Rezem pela minha alma, ok? Grata! :)<\/p>\n","protected":false},"author":1,"featured_media":0,"comment_status":"open","ping_status":"open","sticky":false,"template":"","format":"standard","meta":{"_uag_custom_page_level_css":"","footnotes":""},"categories":[132],"tags":[1914,1916,4089,703,1915,878,1912,1913],"class_list":["post-14907","post","type-post","status-publish","format-standard","hentry","category-produtos-e-cuidados-com-a-pele","tag-aloe-vera","tag-aroma-do-campo","tag-comprinhas","tag-farmacia","tag-hidratacao-refrescante","tag-mascara","tag-mascara-facial","tag-pepino"],"uagb_featured_image_src":{"full":false,"thumbnail":false,"medium":false,"medium_large":false,"large":false,"1536x1536":false,"2048x2048":false,"ashe-slider-grid-thumbnail":false,"ashe-full-thumbnail":false,"ashe-grid-thumbnail":false,"ashe-list-thumbnail":false,"ashe-single-navigation":false},"uagb_author_info":{"display_name":"Marina Smith","author_link":"https:\/\/www.2beauty.com.br\/blog\/author\/marinasmith\/"},"uagb_comment_info":126,"uagb_excerpt":"M\u00e1scara Facial Hidrata\u00e7\u00e3o Refrescante (Pepino e Aloe Vera) Em uma das minhas visitas \u00e0 Panvel para reabastecer meu estoque de algod\u00e3o bolinha e toalhinhas Johnson&#8217;s, encontrei essa m\u00e1scara f\u00e1cial posicionada estrat\u00e9gicamente junto ao caixa. O sach\u00ea para duas aplica\u00e7\u00f5es custava apenas $4.39, ent\u00e3o decidi experimentar. Detalhes t\u00e3o pequenos de n\u00f3s dois A M\u00e1scara Facial Hidrata\u00e7\u00e3o&hellip;","acf":[],"_links":{"self":[{"href":"https:\/\/www.2beauty.com.br\/blog\/wp-json\/wp\/v2\/posts\/14907","targetHints":{"allow":["GET"]}}],"collection":[{"href":"https:\/\/www.2beauty.com.br\/blog\/wp-json\/wp\/v2\/posts"}],"about":[{"href":"https:\/\/www.2beauty.com.br\/blog\/wp-json\/wp\/v2\/types\/post"}],"author":[{"embeddable":true,"href":"https:\/\/www.2beauty.com.br\/blog\/wp-json\/wp\/v2\/users\/1"}],"replies":[{"embeddable":true,"href":"https:\/\/www.2beauty.com.br\/blog\/wp-json\/wp\/v2\/comments?post=14907"}],"version-history":[{"count":0,"href":"https:\/\/www.2beauty.com.br\/blog\/wp-json\/wp\/v2\/posts\/14907\/revisions"}],"wp:attachment":[{"href":"https:\/\/www.2beauty.com.br\/blog\/wp-json\/wp\/v2\/media?parent=14907"}],"wp:term":[{"taxonomy":"category","embeddable":true,"href":"https:\/\/www.2beauty.com.br\/blog\/wp-json\/wp\/v2\/categories?post=14907"},{"taxonomy":"post_tag","embeddable":true,"href":"https:\/\/www.2beauty.com.br\/blog\/wp-json\/wp\/v2\/tags?post=14907"}],"curies":[{"name":"wp","href":"https:\/\/api.w.org\/{rel}","templated":true}]}}