{"id":14660,"date":"2010-10-29T19:00:40","date_gmt":"2010-10-29T21:00:40","guid":{"rendered":"https:\/\/www.2beauty.com.br\/blog\/?p=14660"},"modified":"2010-10-29T19:00:40","modified_gmt":"2010-10-29T21:00:40","slug":"tutorial-guia-ilustrado-sobre-iluminador","status":"publish","type":"post","link":"https:\/\/www.2beauty.com.br\/blog\/2010\/10\/tutorial-guia-ilustrado-sobre-iluminador\/","title":{"rendered":"Tutorial: Guia ilustrado sobre iluminador"},"content":{"rendered":"<p style=\"text-align: center;\"><a href=\"https:\/\/www.2beauty.com.br\/blog\/wp-content\/uploads\/2010\/10\/tuto1.jpg\"><img fetchpriority=\"high\" decoding=\"async\" class=\"size-full wp-image-14661 aligncenter\" title=\"tuto\" src=\"https:\/\/www.2beauty.com.br\/blog\/wp-content\/uploads\/2010\/10\/tuto1.jpg\" alt=\"\" width=\"375\" height=\"753\" srcset=\"https:\/\/www.2beauty.com.br\/blog\/wp-content\/uploads\/2010\/10\/tuto1.jpg 375w, https:\/\/www.2beauty.com.br\/blog\/wp-content\/uploads\/2010\/10\/tuto1-216x435.jpg 216w\" sizes=\"(max-width: 375px) 100vw, 375px\" \/><\/a><\/p>\n<p>O tuto de hoje \u00e9 mais <em>light. <\/em>Aproveitei que v\u00e1rias gurias me pediram para explicar como usar iluminador e montei um pequeno guia com as perguntas mais freq\u00fcentes e algumas ilustra\u00e7\u00f5es (toscas) de como usar o produto.<br \/>\n<strong>Confere:<\/strong><br \/>\n<a href=\"https:\/\/juliapetit.com.br\/beleza\/iluminador\/\" target=\"_blank\">https:\/\/juliapetit.com.br\/beleza\/iluminador\/<\/a><br \/>\n&#8211; &#8211; &#8211; &#8211; &#8211; &#8211;<br \/>\n<strong>Outras notinhas 2Beauty no Petiscos:<\/strong><\/p>\n<ul>\n<li>ME-DA!: <a href=\"https:\/\/juliapetit.com.br\/beleza\/mais-uma-pro-halloween\/\" target=\"_blank\">https:\/\/juliapetit.com.br\/beleza\/mais-uma-pro-halloween\/<\/a><\/li>\n<li>Bases at\u00e9 $100: <a href=\"https:\/\/juliapetit.com.br\/beleza\/base\/\" target=\"_blank\">https:\/\/juliapetit.com.br\/beleza\/base\/<\/a><\/li>\n<li>Primer HD de farm\u00e1cia: <a href=\"https:\/\/juliapetit.com.br\/beleza\/de-farmacia\/\" target=\"_blank\">https:\/\/juliapetit.com.br\/beleza\/de-farmacia\/<\/a><\/li>\n<li>Primavera Givenchy: <a href=\"https:\/\/juliapetit.com.br\/beleza\/vamos-de-laranja\/\" target=\"_blank\">https:\/\/juliapetit.com.br\/beleza\/vamos-de-laranja\/<\/a><\/li>\n<\/ul>\n<p><strong>Bom finde, pessoal!<\/strong><br \/>\nE muito obrigada por todas as mensagens de apoio.<br \/>\nEu n\u00e3o tinha id\u00e9ia de como tem gente passando pela mesma coisa nesse exato instante. Saibam que meu cora\u00e7\u00e3o est\u00e1 com todos voc\u00eas!<br \/>\nA minha v\u00f3\u00a0teve um AVC hemorr\u00e1gico\u00a0cedo na quarta-feira de manh\u00e3. Infelizmente, o AVC foi t\u00e3o grave que mesmo que ela saia do coma, as sequelas ser\u00e3o das piores e\u00a0a v\u00f3\u00a0pode acabar como\u00a0um vegetal, deitada em uma cama, sem se mover ou reconhecer a gente.<br \/>\nOntem fui \u00e0 UTI do hospital fazer uma visita e foi t\u00e3o triste, porque\u00a0o cora\u00e7\u00e3o ainda bate\u00a0e\u00a0o pulm\u00e3o respira\u00a0com ajuda das m\u00e1quinas, mas\u00a0a ess\u00eancia dela\u00a0n\u00e3o est\u00e1 mais aqui :( J\u00e1 se foi&#8230;<br \/>\nS\u00f3 nos resta esperar pra ver o que vai acontecer nos pr\u00f3ximos dias.<br \/>\n&#8211; &#8211; &#8211; &#8211; &#8211; &#8211;<br \/>\nDesculpa ficar meio sumida, mas eu n\u00e3o ando muito no clima de escrever.<\/p>\n","protected":false},"excerpt":{"rendered":"<p>O tuto de hoje \u00e9 mais light. Aproveitei que v\u00e1rias gurias me pediram para explicar como usar iluminador e montei um pequeno guia com as perguntas mais freq\u00fcentes e algumas ilustra\u00e7\u00f5es (toscas) de como usar o produto. Confere: https:\/\/juliapetit.com.br\/beleza\/iluminador\/ &#8211; &#8211; &#8211; &#8211; &#8211; &#8211; Outras notinhas 2Beauty no Petiscos: ME-DA!: https:\/\/juliapetit.com.br\/beleza\/mais-uma-pro-halloween\/ Bases at\u00e9 $100: https:\/\/juliapetit.com.br\/beleza\/base\/ Primer HD de farm\u00e1cia: https:\/\/juliapetit.com.br\/beleza\/de-farmacia\/ Primavera Givenchy: https:\/\/juliapetit.com.br\/beleza\/vamos-de-laranja\/ Bom finde, pessoal! E muito obrigada por todas as mensagens de apoio. Eu n\u00e3o tinha id\u00e9ia de como tem gente passando pela mesma coisa nesse exato instante. Saibam que meu cora\u00e7\u00e3o est\u00e1 com todos voc\u00eas! A minha v\u00f3\u00a0teve um AVC hemorr\u00e1gico\u00a0cedo na quarta-feira de manh\u00e3. Infelizmente, o AVC foi t\u00e3o grave que mesmo que ela saia do coma, as sequelas ser\u00e3o das piores e\u00a0a v\u00f3\u00a0pode acabar como\u00a0um vegetal, deitada em uma cama, sem se mover ou reconhecer a gente. Ontem fui \u00e0 UTI do hospital fazer uma visita e foi t\u00e3o triste, porque\u00a0o cora\u00e7\u00e3o ainda bate\u00a0e\u00a0o pulm\u00e3o respira\u00a0com ajuda das m\u00e1quinas, mas\u00a0a ess\u00eancia dela\u00a0n\u00e3o est\u00e1 mais aqui :( J\u00e1 se foi&#8230; S\u00f3 nos resta esperar pra ver o que vai acontecer nos pr\u00f3ximos dias. &#8211; &#8211; &#8211; &#8211; &#8211; &#8211; Desculpa ficar meio sumida, mas eu n\u00e3o ando muito no clima de escrever.<\/p>\n","protected":false},"author":1,"featured_media":0,"comment_status":"closed","ping_status":"closed","sticky":false,"template":"","format":"standard","meta":{"_uag_custom_page_level_css":"","footnotes":""},"categories":[84,135],"tags":[4090,4117,413,347,346],"class_list":["post-14660","post","type-post","status-publish","format-standard","hentry","category-maquiagem","category-tutoriais","tag-dicas","tag-iluminador","tag-passo-a-passo","tag-petiscos","tag-tutorial"],"uagb_featured_image_src":{"full":false,"thumbnail":false,"medium":false,"medium_large":false,"large":false,"1536x1536":false,"2048x2048":false,"ashe-slider-grid-thumbnail":false,"ashe-full-thumbnail":false,"ashe-grid-thumbnail":false,"ashe-list-thumbnail":false,"ashe-single-navigation":false},"uagb_author_info":{"display_name":"Marina Smith","author_link":"https:\/\/www.2beauty.com.br\/blog\/author\/marinasmith\/"},"uagb_comment_info":1,"uagb_excerpt":"O tuto de hoje \u00e9 mais light. Aproveitei que v\u00e1rias gurias me pediram para explicar como usar iluminador e montei um pequeno guia com as perguntas mais freq\u00fcentes e algumas ilustra\u00e7\u00f5es (toscas) de como usar o produto. Confere: https:\/\/juliapetit.com.br\/beleza\/iluminador\/ &#8211; &#8211; &#8211; &#8211; &#8211; &#8211; Outras notinhas 2Beauty no Petiscos: ME-DA!: https:\/\/juliapetit.com.br\/beleza\/mais-uma-pro-halloween\/ Bases at\u00e9 $100:&hellip;","acf":[],"_links":{"self":[{"href":"https:\/\/www.2beauty.com.br\/blog\/wp-json\/wp\/v2\/posts\/14660","targetHints":{"allow":["GET"]}}],"collection":[{"href":"https:\/\/www.2beauty.com.br\/blog\/wp-json\/wp\/v2\/posts"}],"about":[{"href":"https:\/\/www.2beauty.com.br\/blog\/wp-json\/wp\/v2\/types\/post"}],"author":[{"embeddable":true,"href":"https:\/\/www.2beauty.com.br\/blog\/wp-json\/wp\/v2\/users\/1"}],"replies":[{"embeddable":true,"href":"https:\/\/www.2beauty.com.br\/blog\/wp-json\/wp\/v2\/comments?post=14660"}],"version-history":[{"count":0,"href":"https:\/\/www.2beauty.com.br\/blog\/wp-json\/wp\/v2\/posts\/14660\/revisions"}],"wp:attachment":[{"href":"https:\/\/www.2beauty.com.br\/blog\/wp-json\/wp\/v2\/media?parent=14660"}],"wp:term":[{"taxonomy":"category","embeddable":true,"href":"https:\/\/www.2beauty.com.br\/blog\/wp-json\/wp\/v2\/categories?post=14660"},{"taxonomy":"post_tag","embeddable":true,"href":"https:\/\/www.2beauty.com.br\/blog\/wp-json\/wp\/v2\/tags?post=14660"}],"curies":[{"name":"wp","href":"https:\/\/api.w.org\/{rel}","templated":true}]}}