{"id":13184,"date":"2010-08-03T15:49:00","date_gmt":"2010-08-03T17:49:00","guid":{"rendered":"https:\/\/www.2beauty.com.br\/blog\/?p=13184"},"modified":"2019-02-15T16:13:02","modified_gmt":"2019-02-15T18:13:02","slug":"um-tributo-a-sombra-barateeenha-parte-ii","status":"publish","type":"post","link":"https:\/\/www.2beauty.com.br\/blog\/2010\/08\/um-tributo-a-sombra-barateeenha-parte-ii\/","title":{"rendered":"Um tributo \u00e0 sombra barateeenha &#8211; Parte II"},"content":{"rendered":"<p style=\"text-align: center;\"><a href=\"https:\/\/www.2beauty.com.br\/blog\/wp-content\/uploads\/2010\/08\/yes1.jpg\"><strong><img fetchpriority=\"high\" decoding=\"async\" class=\"alignnone size-full wp-image-13185\" title=\"yes1\" src=\"https:\/\/www.2beauty.com.br\/blog\/wp-content\/uploads\/2010\/08\/yes1.jpg\" alt=\"\" width=\"500\" height=\"375\" \/><\/strong><\/a><\/p>\n<p style=\"text-align: center;\"><strong>Sombras Yes! Cosmetics<\/strong><\/p>\n<p>Adouuuuro as sombras da Yes! N\u00e3o experimentei todas as cores dispon\u00edves, mas as que tenho s\u00e3o muito boas.<\/p>\n<p>A preta opaca \u00e9 uma das preferidas em toda a minha cole\u00e7\u00e3o de maquiagem. Amo ao cubo, porque tem \u00f3tima rela\u00e7\u00e3o custo x benef\u00edcio.<\/p>\n<p>Um potinho\u00a0rende horrores (tipo assim, anos) e custa coisa de R$10. Fora isso,\u00a0a linha \u00e9 pigmentada e tem uma bela variedade de tons.<\/p>\n<p>Quanto\u00a0\u00e0 fixa\u00e7\u00e3o na pele, n\u00e3o diria que\u00a0\u00e9 assim uma coisa incr\u00ed\u00ed\u00ed\u00edvel, tipo\u00a0&#8220;Oh meu Deus, dura o dia inteiro na minha p\u00e1lpebra oleosa e sem primer&#8221;, mas d\u00e1 pra se maquiar sem medo de perder a dignidade no meio do caminho.<\/p>\n<p style=\"text-align: center;\"><a href=\"https:\/\/www.2beauty.com.br\/blog\/wp-content\/uploads\/2010\/08\/yes2.jpg\"><strong><img decoding=\"async\" class=\"alignnone size-full wp-image-13186\" title=\"yes2\" src=\"https:\/\/www.2beauty.com.br\/blog\/wp-content\/uploads\/2010\/08\/yes2.jpg\" alt=\"\" width=\"500\" height=\"375\" srcset=\"https:\/\/www.2beauty.com.br\/blog\/wp-content\/uploads\/2010\/08\/yes2.jpg 500w, https:\/\/www.2beauty.com.br\/blog\/wp-content\/uploads\/2010\/08\/yes2-300x225.jpg 300w\" sizes=\"(max-width: 500px) 100vw, 500px\" \/><\/strong><\/a><\/p>\n<p style=\"text-align: center;\"><strong>3033 e 3013<\/strong><\/p>\n<p style=\"text-align: center;\"><a href=\"https:\/\/www.2beauty.com.br\/blog\/wp-content\/uploads\/2010\/08\/yes3.jpg\"><strong><img decoding=\"async\" class=\"alignnone size-full wp-image-13187\" title=\"yes3\" src=\"https:\/\/www.2beauty.com.br\/blog\/wp-content\/uploads\/2010\/08\/yes3.jpg\" alt=\"\" width=\"500\" height=\"375\" srcset=\"https:\/\/www.2beauty.com.br\/blog\/wp-content\/uploads\/2010\/08\/yes3.jpg 500w, https:\/\/www.2beauty.com.br\/blog\/wp-content\/uploads\/2010\/08\/yes3-300x225.jpg 300w\" sizes=\"(max-width: 500px) 100vw, 500px\" \/><\/strong><\/a><\/p>\n<p style=\"text-align: center;\"><strong>3021, 3032 e 3031<\/strong><\/p>\n<p style=\"text-align: center;\"><a href=\"https:\/\/www.2beauty.com.br\/blog\/wp-content\/uploads\/2010\/08\/yes4.jpg\"><strong><img loading=\"lazy\" decoding=\"async\" class=\"alignnone size-full wp-image-13188\" title=\"yes4\" src=\"https:\/\/www.2beauty.com.br\/blog\/wp-content\/uploads\/2010\/08\/yes4.jpg\" alt=\"\" width=\"500\" height=\"375\" srcset=\"https:\/\/www.2beauty.com.br\/blog\/wp-content\/uploads\/2010\/08\/yes4.jpg 500w, https:\/\/www.2beauty.com.br\/blog\/wp-content\/uploads\/2010\/08\/yes4-300x225.jpg 300w\" sizes=\"(max-width: 500px) 100vw, 500px\" \/><\/strong><\/a><\/p>\n<p style=\"text-align: center;\"><strong>3018 e 3024<\/strong><\/p>\n<p>Tenho sete cores ao todo e as que mais uso s\u00e3o a preta e a bronze (3033 e 3013), porque s\u00e3o tons mais b\u00e1sicos e f\u00e1ceis de combinar.<\/p>\n<p>A 3033 (acho que no site chama Black Night) n\u00e3o ficou muito &#8220;rycah&#8221; na amostrinha que fiz mais abaixo no post, mas acreditem, o babado \u00e9 chapa quente.<\/p>\n<p>Ela j\u00e1 apareceu em v\u00e1rios tutoriais (tipo <a href=\"https:\/\/juliapetit.com.br\/beleza\/pretinho-basico-5\/\" target=\"_blank\">esse<\/a> e <a href=\"https:\/\/juliapetit.com.br\/beleza\/helena-v2\/\" target=\"_blank\">esse<\/a>) e \u00e9 minha preferida das pretinhas nacionais, porque o tom de preto \u00e9 preto mesmo. N\u00e3o \u00e9 cor de asfalto ou preto desmaiado, \u00e9 preto cor de preto.<\/p>\n<p>Se voc\u00ea est\u00e1 procurando por\u00a0produtos nacionais desse tipo, al\u00e9m da Yes!, recomendo a Coal da Mary Kay e a sombra preta Catharine Hill. S\u00e3o \u00f3timas!<\/p>\n<p style=\"text-align: center;\"><a href=\"https:\/\/www.2beauty.com.br\/blog\/wp-content\/uploads\/2010\/08\/yes5.jpg\"><strong><img loading=\"lazy\" decoding=\"async\" class=\"alignnone size-full wp-image-13189\" title=\"yes5\" src=\"https:\/\/www.2beauty.com.br\/blog\/wp-content\/uploads\/2010\/08\/yes5.jpg\" alt=\"\" width=\"500\" height=\"255\" srcset=\"https:\/\/www.2beauty.com.br\/blog\/wp-content\/uploads\/2010\/08\/yes5.jpg 500w, https:\/\/www.2beauty.com.br\/blog\/wp-content\/uploads\/2010\/08\/yes5-300x153.jpg 300w\" sizes=\"(max-width: 500px) 100vw, 500px\" \/><\/strong><\/a><\/p>\n<p style=\"text-align: center;\"><strong>Swatches\/amostrinhas na pele sem primer<\/strong><\/p>\n<p>Mas voltando \u00e0s sombras da Yes!&#8230; acho que s\u00f3 tem dois defeitinhos:<\/p>\n<ol>\n<li>A embalagem porcaria, porque em algumas o pl\u00e1stico transparente est\u00e1 frouxo e nem sempre a tampa atarracha de primeira.<\/li>\n<li>A\u00a0dificuldade de encontrar Yes! por aqui.<\/li>\n<\/ol>\n<p>Em Porto Alegre, s\u00f3 conheci uma loja.\u00a0Ficava na Av. Cavalhada, mas a bendita fechou faz um tempinho.<\/p>\n<p>A marca tamb\u00e9m tem toda uma &#8220;vibra\u00e7\u00e3o&#8221; Avon, porque trabalha com revendedoras.\u00a0J\u00e1 vi algumas pela internet, mas queria encontrar uma na minha cidade mesmo.<\/p>\n<p>Se voc\u00ea souber de outros pontos de venda pelo Brasil, plis!, deixe um coment\u00e1rio. Se for revendedora, tamb\u00e9m!<\/p>\n<p><strong>Grata :)<\/strong><\/p>\n<p>PS: O &#8220;Tributo &#8211; Parte I&#8221; <a href=\"https:\/\/www.2beauty.com.br\/blog\/2010\/03\/23\/um-tributo-a-sombra-barateeenha\/\" target=\"_self\">est\u00e1 aqui<\/a>.<\/p>\n","protected":false},"excerpt":{"rendered":"<p>Sombras Yes! Cosmetics Adouuuuro as sombras da Yes! N\u00e3o experimentei todas as cores dispon\u00edves, mas as que tenho s\u00e3o muito boas. A preta opaca \u00e9 uma das preferidas em toda a minha cole\u00e7\u00e3o de maquiagem. Amo ao cubo, porque tem \u00f3tima rela\u00e7\u00e3o custo x benef\u00edcio. Um potinho\u00a0rende horrores (tipo assim, anos) e custa coisa de R$10. Fora isso,\u00a0a linha \u00e9 pigmentada e tem uma bela variedade de tons. Quanto\u00a0\u00e0 fixa\u00e7\u00e3o na pele, n\u00e3o diria que\u00a0\u00e9 assim uma coisa incr\u00ed\u00ed\u00ed\u00edvel, tipo\u00a0&#8220;Oh meu Deus, dura o dia inteiro na minha p\u00e1lpebra oleosa e sem primer&#8221;, mas d\u00e1 pra se maquiar sem medo de perder a dignidade no meio do caminho. 3033 e 3013 3021, 3032 e 3031 3018 e 3024 Tenho sete cores ao todo e as que mais uso s\u00e3o a preta e a bronze (3033 e 3013), porque s\u00e3o tons mais b\u00e1sicos e f\u00e1ceis de combinar. A 3033 (acho que no site chama Black Night) n\u00e3o ficou muito &#8220;rycah&#8221; na amostrinha que fiz mais abaixo no post, mas acreditem, o babado \u00e9 chapa quente. Ela j\u00e1 apareceu em v\u00e1rios tutoriais (tipo esse e esse) e \u00e9 minha preferida das pretinhas nacionais, porque o tom de preto \u00e9 preto mesmo. N\u00e3o \u00e9 cor de asfalto ou preto desmaiado, \u00e9 preto cor de preto. Se voc\u00ea est\u00e1 procurando por\u00a0produtos nacionais desse tipo, al\u00e9m da Yes!, recomendo a Coal da Mary Kay e a sombra preta Catharine Hill. S\u00e3o \u00f3timas! Swatches\/amostrinhas na pele sem primer Mas voltando \u00e0s sombras da Yes!&#8230; acho que s\u00f3 tem dois defeitinhos: A embalagem porcaria, porque em algumas o pl\u00e1stico transparente est\u00e1 frouxo e nem sempre a tampa atarracha de primeira. A\u00a0dificuldade de encontrar Yes! por aqui. Em Porto Alegre, s\u00f3 conheci uma loja.\u00a0Ficava na Av. Cavalhada, mas a bendita fechou faz um tempinho. A marca tamb\u00e9m tem toda uma &#8220;vibra\u00e7\u00e3o&#8221; Avon, porque trabalha com revendedoras.\u00a0J\u00e1 vi algumas pela internet, mas queria encontrar uma na minha cidade mesmo. Se voc\u00ea souber de outros pontos de venda pelo Brasil, plis!, deixe um coment\u00e1rio. Se for revendedora, tamb\u00e9m! Grata :) PS: O &#8220;Tributo &#8211; Parte I&#8221; est\u00e1 aqui.<\/p>\n","protected":false},"author":1,"featured_media":0,"comment_status":"open","ping_status":"open","sticky":false,"template":"","format":"standard","meta":{"_uag_custom_page_level_css":"","footnotes":""},"categories":[84],"tags":[1598,587,4126,607],"class_list":["post-13184","post","type-post","status-publish","format-standard","hentry","category-maquiagem","tag-bbb","tag-sombra","tag-sombras","tag-yes-cosmetics"],"uagb_featured_image_src":{"full":false,"thumbnail":false,"medium":false,"medium_large":false,"large":false,"1536x1536":false,"2048x2048":false,"ashe-slider-grid-thumbnail":false,"ashe-full-thumbnail":false,"ashe-grid-thumbnail":false,"ashe-list-thumbnail":false,"ashe-single-navigation":false},"uagb_author_info":{"display_name":"Marina Smith","author_link":"https:\/\/www.2beauty.com.br\/blog\/author\/marinasmith\/"},"uagb_comment_info":165,"uagb_excerpt":"Sombras Yes! Cosmetics Adouuuuro as sombras da Yes! N\u00e3o experimentei todas as cores dispon\u00edves, mas as que tenho s\u00e3o muito boas. A preta opaca \u00e9 uma das preferidas em toda a minha cole\u00e7\u00e3o de maquiagem. Amo ao cubo, porque tem \u00f3tima rela\u00e7\u00e3o custo x benef\u00edcio. Um potinho\u00a0rende horrores (tipo assim, anos) e custa coisa de&hellip;","acf":[],"_links":{"self":[{"href":"https:\/\/www.2beauty.com.br\/blog\/wp-json\/wp\/v2\/posts\/13184","targetHints":{"allow":["GET"]}}],"collection":[{"href":"https:\/\/www.2beauty.com.br\/blog\/wp-json\/wp\/v2\/posts"}],"about":[{"href":"https:\/\/www.2beauty.com.br\/blog\/wp-json\/wp\/v2\/types\/post"}],"author":[{"embeddable":true,"href":"https:\/\/www.2beauty.com.br\/blog\/wp-json\/wp\/v2\/users\/1"}],"replies":[{"embeddable":true,"href":"https:\/\/www.2beauty.com.br\/blog\/wp-json\/wp\/v2\/comments?post=13184"}],"version-history":[{"count":0,"href":"https:\/\/www.2beauty.com.br\/blog\/wp-json\/wp\/v2\/posts\/13184\/revisions"}],"wp:attachment":[{"href":"https:\/\/www.2beauty.com.br\/blog\/wp-json\/wp\/v2\/media?parent=13184"}],"wp:term":[{"taxonomy":"category","embeddable":true,"href":"https:\/\/www.2beauty.com.br\/blog\/wp-json\/wp\/v2\/categories?post=13184"},{"taxonomy":"post_tag","embeddable":true,"href":"https:\/\/www.2beauty.com.br\/blog\/wp-json\/wp\/v2\/tags?post=13184"}],"curies":[{"name":"wp","href":"https:\/\/api.w.org\/{rel}","templated":true}]}}